{"id":112881,"date":"2025-12-14T10:52:12","date_gmt":"2025-12-14T10:52:12","guid":{"rendered":"https:\/\/www.europesays.com\/no\/112881\/"},"modified":"2025-12-14T10:52:12","modified_gmt":"2025-12-14T10:52:12","slug":"resultater-10-km-fri-menn-verdenscup-langrenn-davos-2025","status":"publish","type":"post","link":"https:\/\/www.europesays.com\/no\/112881\/","title":{"rendered":"Resultater 10 km fri menn | Verdenscup langrenn Davos 2025"},"content":{"rendered":"<p class=\"cat-description\">Startlister og resultater fra 10 km fri menn under Verdenscup langrenn Davos som arrangeres 14. desember 2025.<\/p>\n<p>Publisert 14. desember 2025 i <a href=\"https:\/\/www.sportsidioten.no\/.\/langrenn\/\" class=\"kmn-grid-model-taxlink\" rel=\"nofollow noopener\" target=\"_blank\">Langrenn<\/a><\/p>\n<p><a href=\"https:\/\/www.sportsidioten.no\/langrenn\/verdenscup-langrenn-davos-2025\/\" rel=\"nofollow noopener\" target=\"_blank\">Alle resultater verdenscup langrenn Davos 2025<\/a><\/p>\n<p>10 km fri menn | Verdenscup langrenn Davos 2025<br \/>\n<a href=\"https:\/\/live.fis-ski.com\/cc-2228\/results-pda.htm\" target=\"_blank\" rel=\"noopener nofollow\">Liveresultater<\/a><\/p>\n<p>Topp 40<\/p>\n<p><img loading=\"lazy\" decoding=\"async\" class=\"alignnone size-full wp-image-134081\" src=\"https:\/\/www.europesays.com\/no\/wp-content\/uploads\/2025\/12\/2-68.png\" alt=\"\" width=\"555\" height=\"772\"  \/><\/p>\n<p>Startlister<\/p>\n<p><img loading=\"lazy\" decoding=\"async\" class=\"alignnone size-full wp-image-133965\" src=\"https:\/\/www.europesays.com\/no\/wp-content\/uploads\/2025\/12\/1-83.png\" alt=\"\" width=\"616\" height=\"721\"  \/><\/p>\n<p><img loading=\"lazy\" decoding=\"async\" class=\"alignnone size-full wp-image-133966\" src=\"https:\/\/www.europesays.com\/no\/wp-content\/uploads\/2025\/12\/2-64.png\" alt=\"\" width=\"617\" height=\"724\"  \/><\/p>\n<p><img loading=\"lazy\" decoding=\"async\" class=\"alignnone size-full wp-image-133967\" src=\"https:\/\/www.europesays.com\/no\/wp-content\/uploads\/2025\/12\/3-56.png\" alt=\"\" width=\"618\" height=\"720\"  \/><\/p>\n<p><img loading=\"lazy\" decoding=\"async\" class=\"alignnone size-full wp-image-133968\" src=\"https:\/\/www.europesays.com\/no\/wp-content\/uploads\/2025\/12\/4-34.png\" alt=\"\" width=\"616\" height=\"722\"  \/><\/p>\n<p><img loading=\"lazy\" decoding=\"async\" class=\"alignnone size-full wp-image-133964\" src=\"https:\/\/www.europesays.com\/no\/wp-content\/uploads\/2025\/12\/5-17.png\" alt=\"\" width=\"615\" height=\"721\"  \/><\/p>\n<p>Om Verdenscup langrenn Davos 2025<br \/>\nDato<\/p>\n<p>12. \u2013 14. desember<\/p>\n<p>Sted<\/p>\n<p>Davos \u2013 Sveits<\/p>\n<p>P\u00e5 TV<\/p>\n<p>Rennene sendes direkte p\u00e5 Vsport1 og Vsport+ (fredag) og TV3 (l\u00f8rdag og s\u00f8ndag). Alt streames p\u00e5 Viaplay.<\/p>\n<p><a href=\"https:\/\/www.sportsidioten.no\/langrenn\/langrenn-pa-tv\/\" rel=\"nofollow noopener\" target=\"_blank\">Langrenn p\u00e5 TV<\/a><\/p>\n<p><a href=\"https:\/\/www.sportsidioten.no\/langrenn\/uttak-verdenscup-langrenn-davos-2025\/\" rel=\"nofollow noopener\" target=\"_blank\">Norges tropp<\/a><br \/>\nProgram<br \/>\n<strong>Fredag 12. desember<\/strong><\/p>\n<ul>\n<li>Kl 15.00: Lagsprint fri teknikk prolog<\/li>\n<li>Kl 17.00: Lagsprint fri teknikk finaler<\/li>\n<\/ul>\n<p><strong>L\u00f8rdag 13. desember<\/strong><\/p>\n<ul>\n<li>Kl 13.45: Sprint fri teknikk prolog<\/li>\n<li>Kl 16.15: Sprint fri teknikk finaler<\/li>\n<\/ul>\n<p><strong>S\u00f8ndag 14. desember<\/strong><\/p>\n<ul>\n<li>Kl 09.50: 10 km intervallstart fri menn<\/li>\n<li>Kl 13.45: 10 km intervallstart fri kvinner<\/li>\n<\/ul>\n<p>V\u00e6rmelding<\/p>\n<p><img decoding=\"async\" class=\"alignnone size-full\" src=\"https:\/\/www.yr.no\/nb\/innhold\/2-2661040\/meteogram.svg\" width=\"auto\" height=\"auto\"\/><\/p>\n<p><a href=\"https:\/\/sportsidioten.no\/langrenn\/verdenscup-langrenn-2025-2026\/\" rel=\"nofollow noopener\" target=\"_blank\">Terminliste verdenscupen langrenn 2025-26<\/a><\/p>\n<p><a href=\"https:\/\/www.davosnordic.ch\/\" target=\"_blank\" rel=\"noopener nofollow\">Arrang\u00f8rens hjemmeside<\/a><\/p>\n","protected":false},"excerpt":{"rendered":"Startlister og resultater fra 10 km fri menn under Verdenscup langrenn Davos som arrangeres 14. desember 2025. Publisert&hellip;\n","protected":false},"author":2,"featured_media":112882,"comment_status":"","ping_status":"","sticky":false,"template":"","format":"standard","meta":{"footnotes":""},"categories":[59],"tags":[30,28,29,83,82],"class_list":{"0":"post-112881","1":"post","2":"type-post","3":"status-publish","4":"format-standard","5":"has-post-thumbnail","7":"category-sport","8":"tag-no","9":"tag-norge","10":"tag-norway","11":"tag-sport","12":"tag-sports"},"share_on_mastodon":{"url":"https:\/\/pubeurope.com\/@no\/115717547545285568","error":""},"_links":{"self":[{"href":"https:\/\/www.europesays.com\/no\/wp-json\/wp\/v2\/posts\/112881","targetHints":{"allow":["GET"]}}],"collection":[{"href":"https:\/\/www.europesays.com\/no\/wp-json\/wp\/v2\/posts"}],"about":[{"href":"https:\/\/www.europesays.com\/no\/wp-json\/wp\/v2\/types\/post"}],"author":[{"embeddable":true,"href":"https:\/\/www.europesays.com\/no\/wp-json\/wp\/v2\/users\/2"}],"replies":[{"embeddable":true,"href":"https:\/\/www.europesays.com\/no\/wp-json\/wp\/v2\/comments?post=112881"}],"version-history":[{"count":0,"href":"https:\/\/www.europesays.com\/no\/wp-json\/wp\/v2\/posts\/112881\/revisions"}],"wp:featuredmedia":[{"embeddable":true,"href":"https:\/\/www.europesays.com\/no\/wp-json\/wp\/v2\/media\/112882"}],"wp:attachment":[{"href":"https:\/\/www.europesays.com\/no\/wp-json\/wp\/v2\/media?parent=112881"}],"wp:term":[{"taxonomy":"category","embeddable":true,"href":"https:\/\/www.europesays.com\/no\/wp-json\/wp\/v2\/categories?post=112881"},{"taxonomy":"post_tag","embeddable":true,"href":"https:\/\/www.europesays.com\/no\/wp-json\/wp\/v2\/tags?post=112881"}],"curies":[{"name":"wp","href":"https:\/\/api.w.org\/{rel}","templated":true}]}}