{"id":112887,"date":"2025-12-14T10:59:08","date_gmt":"2025-12-14T10:59:08","guid":{"rendered":"https:\/\/www.europesays.com\/no\/112887\/"},"modified":"2025-12-14T10:59:08","modified_gmt":"2025-12-14T10:59:08","slug":"hoydramatikk-i-terreng-em","status":"publish","type":"post","link":"https:\/\/www.europesays.com\/no\/112887\/","title":{"rendered":"H\u00f8ydramatikk i terreng-EM"},"content":{"rendered":"\n<p class=\"_lead_o9xde_2 _lead_xtcu6_50 layout-component text-serif-m layout-normal text-serif-l layout-component layout-wide layout-padded _wide_17hqh_1 layout-padded\">L\u00f8petalentet H\u00e5kon Moe Berg (19) var gullfavoritt i U20-klassen under terreng-EM s\u00f8ndag i Portugal. Men det ble et dramatisk l\u00f8p for 19-\u00e5ringen. <\/p>\n<p><img alt=\"H\u00e5kon Moe Berg under friidretts-VM i september. Foto: Bj\u00f8rn S. Delebekk \/ VG\" class=\"_image_qp4xg_65 layout-component layout-wide\" data-fullscreen- data-track-element-type=\"Article image fullscreen\" data-track-name=\"ImageFullscreen\" fetchpriority=\"high\" decoding=\"sync\" loading=\"eager\" height=\"5504\" itemprop=\"image\"  src=\"https:\/\/www.europesays.com\/no\/wp-content\/uploads\/2025\/12\/9c2f9dd7-ef74-459d-aaae-bb77fcb9ad81\"  style=\"object-position:0% 0%\" width=\"8256\"\/>H\u00e5kon Moe Berg under friidretts-VM i september. Foto: Bj\u00f8rn S. Delebekk \/ VG<\/p>\n<ul aria-hidden=\"true\" class=\"_images_ntbth_112\">\n<li><a class=\"_link_ntbth_117\" href=\"https:\/\/www.vg.no\/forfatter\/andreas-almli\" style=\"z-index:1\" title=\"Andreas Almli\" rel=\"nofollow noopener\" target=\"_blank\"><img alt=\"Bilde av Andreas Almli\" class=\"_image_ntbth_93\" fetchpriority=\"low\" loading=\"lazy\" decoding=\"async\" itemprop=\"image\"  src=\"https:\/\/www.europesays.com\/no\/wp-content\/uploads\/2025\/12\/1765709948_158_375927d7-c3ac-45fd-a424-5db85cd85b8f\"  width=\"480\"\/><\/a><\/li>\n<\/ul>\n<p> Oppdatert s\u00f8ndag 14. desember kl. 11:53     <\/p>\n<p class=\"_paragraph_o9xde_4 _paragraph_xtcu6_10 layout-component text-serif-m layout-normal text-serif-m layout-padded\">Tr\u00f8nderen var en av fem nordmenn som stilte til start p\u00e5 det 4450 meter lange l\u00f8pet. <\/p>\n<p class=\"_paragraph_o9xde_4 _paragraph_xtcu6_10 layout-component text-serif-m layout-normal text-serif-m layout-padded\">Magnus \u00d8yen ble beste nordmann p\u00e5 5. plass, 13 sekunder bak belgiske Willem Renders som vant.<\/p>\n<p class=\"_paragraph_o9xde_4 _paragraph_xtcu6_10 layout-component text-serif-m layout-normal text-serif-m layout-padded\">\u2013 Det g\u00e5r bra. Jeg \u00e5pnet nok litt for hardt, eller litt for rolig f\u00f8rste runden s\u00e5 jeg ble litt langt bak. Ogs\u00e5 var det bare \u00e5 pr\u00f8ve \u00e5 n\u00e5 igjen folk. Jeg l\u00f8p for raskt i oppoverbakken, men jeg passerte halve feltet. Jeg tenkte \u00e5 flyte bak han som ledet, men s\u00e5 fikk jeg knekken p\u00e5 slutten der, oppsummerte \u00d8yen til NRK etter l\u00f8pet. <\/p>\n<p class=\"_paragraph_o9xde_4 _paragraph_xtcu6_10 layout-component text-serif-m layout-normal text-serif-m layout-padded\">Moe Berg fikk en tr\u00f8bblete start da han fikk en albue som skj\u00f8v han bakover i feltet i det startskuddet gikk. Kort tid etter ble det mye armer og bein, og 19-\u00e5ringen var n\u00e6r \u00e5 falle over ende.<\/p>\n<p>Dette er H\u00e5kon Moe Berg<\/p>\n<p class=\"_paragraph_o9xde_4 _paragraph_xtcu6_10 _paragraph_16v91_10 layout-component text-serif-m layout-normal text-sans-m layout-padded\">19 \u00e5r gammel fra Kyrks\u00e6ter\u00f8ea.<\/p>\n<p class=\"_paragraph_o9xde_4 _paragraph_xtcu6_10 _paragraph_16v91_10 layout-component text-serif-m layout-normal text-sans-m layout-padded\">Fikk sitt gjennombrudd i utend\u00f8rssesongen 2025:<br \/>NM-gull p\u00e5 1500 meter.<br \/>To gull i U20-EM p\u00e5 1500 og 3000 meter.<br \/>Pers p\u00e5 3.30,28 som gjorde at han kvalifiserte seg til VM i Tokyo. Der ble han sl\u00e5tt ut i fors\u00f8ket.<\/p>\n<p class=\"_paragraph_o9xde_4 _paragraph_xtcu6_10 _paragraph_16v91_10 layout-component text-serif-m layout-normal text-sans-m layout-padded\">F\u00f8rste nordmann utenfor Sandnes IL som l\u00f8p under 3.35 p\u00e5 1500 meter.<\/p>\n<p>Vis mer<\/p>\n<p class=\"_paragraph_o9xde_4 _paragraph_xtcu6_10 layout-component text-serif-m layout-normal text-serif-m layout-padded\">\u2013 Det lever han farlig alts\u00e5, utbr\u00f8t NRK-kommentator Jan Post.<\/p>\n<p class=\"_paragraph_o9xde_4 _paragraph_xtcu6_10 layout-component text-serif-m layout-normal text-serif-m layout-padded\">19-\u00e5ringen kjempet tappert med \u00e5 hente seg inn igjen, og hang med teten p\u00e5 f\u00f8rste runde. Det ble han liggende sammen med belgiske Willem Renders, f\u00f8r \u00d8yen meldte seg p\u00e5 i ledergruppen.<\/p>\n<p class=\"_paragraph_o9xde_4 _paragraph_xtcu6_10 layout-component text-serif-m layout-normal text-serif-m layout-padded\">Men i l\u00f8pet av siste runde var Moe Berg plutselig borte fra lederfeltet, uten at TV-bildene fanget opp hva som skjedde. Kommentator Post og Vebj\u00f8rn Rodal konkluderte med at 19-\u00e5ringen hadde stoppet opp i l\u00f8ypa. <\/p>\n<p class=\"_paragraph_o9xde_4 _paragraph_xtcu6_10 layout-component text-serif-m layout-normal text-serif-m layout-padded\">\u2013 Om han har stoppet er det p\u00e5 grunn av at han sliter med kvalme og oppkast ved hard belastning. Det har skjedd et eller annet med Moe Berg, sa Rodal.  <\/p>\n<p class=\"_paragraph_o9xde_4 _paragraph_xtcu6_10 layout-component text-serif-m layout-normal text-serif-m layout-padded\">\u2013 Det var ikke at han sprakk. Han m\u00e5 ha stoppet opp, sa Post.<\/p>\n<p class=\"_paragraph_o9xde_4 _paragraph_xtcu6_10 layout-component text-serif-m layout-normal text-serif-m layout-padded\">Moe hadde aldri deltatt i et internasjonalt mesterskap i terrengl\u00f8p, noe som f\u00f8rt til at det var knyttet stor spenning til hvordan utfallet ville bli. <\/p>\n","protected":false},"excerpt":{"rendered":"L\u00f8petalentet H\u00e5kon Moe Berg (19) var gullfavoritt i U20-klassen under terreng-EM s\u00f8ndag i Portugal. Men det ble et&hellip;\n","protected":false},"author":2,"featured_media":112888,"comment_status":"","ping_status":"","sticky":false,"template":"","format":"standard","meta":{"footnotes":""},"categories":[59],"tags":[30,28,29,83,82],"class_list":{"0":"post-112887","1":"post","2":"type-post","3":"status-publish","4":"format-standard","5":"has-post-thumbnail","7":"category-sport","8":"tag-no","9":"tag-norge","10":"tag-norway","11":"tag-sport","12":"tag-sports"},"share_on_mastodon":{"url":"https:\/\/pubeurope.com\/@no\/115717574895115379","error":""},"_links":{"self":[{"href":"https:\/\/www.europesays.com\/no\/wp-json\/wp\/v2\/posts\/112887","targetHints":{"allow":["GET"]}}],"collection":[{"href":"https:\/\/www.europesays.com\/no\/wp-json\/wp\/v2\/posts"}],"about":[{"href":"https:\/\/www.europesays.com\/no\/wp-json\/wp\/v2\/types\/post"}],"author":[{"embeddable":true,"href":"https:\/\/www.europesays.com\/no\/wp-json\/wp\/v2\/users\/2"}],"replies":[{"embeddable":true,"href":"https:\/\/www.europesays.com\/no\/wp-json\/wp\/v2\/comments?post=112887"}],"version-history":[{"count":0,"href":"https:\/\/www.europesays.com\/no\/wp-json\/wp\/v2\/posts\/112887\/revisions"}],"wp:featuredmedia":[{"embeddable":true,"href":"https:\/\/www.europesays.com\/no\/wp-json\/wp\/v2\/media\/112888"}],"wp:attachment":[{"href":"https:\/\/www.europesays.com\/no\/wp-json\/wp\/v2\/media?parent=112887"}],"wp:term":[{"taxonomy":"category","embeddable":true,"href":"https:\/\/www.europesays.com\/no\/wp-json\/wp\/v2\/categories?post=112887"},{"taxonomy":"post_tag","embeddable":true,"href":"https:\/\/www.europesays.com\/no\/wp-json\/wp\/v2\/tags?post=112887"}],"curies":[{"name":"wp","href":"https:\/\/api.w.org\/{rel}","templated":true}]}}