{"id":112895,"date":"2025-12-14T11:23:11","date_gmt":"2025-12-14T11:23:11","guid":{"rendered":"https:\/\/www.europesays.com\/no\/112895\/"},"modified":"2025-12-14T11:23:11","modified_gmt":"2025-12-14T11:23:11","slug":"en-mulighet-til-a-snu-sesongen","status":"publish","type":"post","link":"https:\/\/www.europesays.com\/no\/112895\/","title":{"rendered":"En mulighet til \u00e5 snu sesongen"},"content":{"rendered":"<p>Marc Skinner \u00f8nsker \u00e5 legge Champions League-tapet mot Lyon bak seg og retter fullt fokus mot Tottenham.<\/p>\n<p>Etter en tung periode med klare tap i Champions League. 5\u20132 mot Wolfsburg og 3\u20130 mot Lyon, samt et overraskende ligatap mot Aston Villa og tap mot byrival Manchester City innenfor de siste seks kampene, er ligakampen mot Spurs en viktig mulighet til \u00e5 snu stemningen f\u00f8r vinterpausen.<\/p>\n<p>Men det er ingen enkel oppgave som venter p\u00e5 Leigh Sport Village. Tottenham kommer til Manchester i god form og har v\u00e6rt blant ligaens mest stabile lag denne sesongen.<\/p>\n<p class=\"font-weight-bold m-font-weight-bold\" data-lab-font_weight=\"font-weight-bold\">\u2013 Tottenham er inne i en god periode, s\u00e5 vi m\u00e5 v\u00e6re klare, sier Skinner.<br \/>\n\u2013 Vi vet hvilke utfordringer som venter oss, men det handler om \u00e5 v\u00e6re fokuserte.<\/p>\n<p>Ny Spurs-utgave<\/p>\n<p>Tottenham er langt unna det laget United m\u00f8tte forrige sesong. Etter trenerbyttet i sommer, med Skinners tidligere assistenttrener Martin Ho inn og Robert Vilahamn ut, har londonklubben f\u00e5tt en helt annen struktur.<\/p>\n<p>Skinner peker spesielt p\u00e5 presspillet og den defensive stabiliteten.<\/p>\n<p class=\"font-weight-bold m-font-weight-bold\" data-lab-font_weight=\"font-weight-bold\">\u2013 Energien de legger i presset er tydelig. Det er aggressivt, og vi m\u00e5 v\u00e6re forberedt p\u00e5 det.<br \/>\n\u2013 Samtidig har de blitt mer solide bakover. De slipper ikke til like mye som f\u00f8r, men spiller fortsatt god fotball. Det er egentlig som forventet, slik jeg kjenner Martin.<\/p>\n<p data-lab-font_weight=\"\">Tottenham har vunnet seks av sine ti f\u00f8rste ligakamper, sl\u00e5tt Brighton 1\u20130 og holdt Arsenal til 0\u20130 \u2013 tall som viser at United m\u00e5 v\u00e6re p\u00e5 sitt beste i s\u00f8ndagens kamp.\u00a0<\/p>\n<p>                <img decoding=\"async\" src=\"https:\/\/www.europesays.com\/no\/wp-content\/uploads\/2025\/12\/1408560.webp\" width=\"480\" height=\"274\" title=\"\u2013 N\u00e5r jeg roterer, er det feil. N\u00e5r jeg ikke gj\u00f8r det, er det ogs\u00e5 feil\" alt=\"\" loading=\"lazy\" style=\"\"\/><\/p>\n<p>            Annabel Lee-Ellis &#8211; WSL\n        <\/p>\n<p>Forklarer rotasjonen<\/p>\n<p>Skinner fikk kritikk etter 3\u20130-tapet mot Lyon, der flere profiler startet p\u00e5 benken. Selv tar han det med ro.<\/p>\n<p class=\"font-weight-bold m-font-weight-bold\" data-lab-font_weight=\"font-weight-bold\">\u2013 N\u00e5r jeg ikke roterer, f\u00e5r jeg sp\u00f8rsm\u00e5l om hvorfor. N\u00e5r jeg roterer, f\u00e5r jeg sp\u00f8rsm\u00e5l om hvorfor.<br \/>\n\u2013 Jobben min er \u00e5 se spillerne hver dag p\u00e5 trening. Hvem er fysisk klare? Hvem er mentalt klare?<\/p>\n<p data-lab-font_weight=\"\">Han avviser at det handlet om \u00e5 spare spillere til Tottenham.<\/p>\n<p class=\"font-weight-bold m-font-weight-bold\" data-lab-font_weight=\"font-weight-bold\">\u2013 Det var aldri snakk om \u00e5 prioritere \u00e9n kamp fremfor en annen. Vi hadde en kampplan mot Lyon, men vi har begrensede valg i enkelte posisjoner, s\u00e6rlig offensivt.<\/p>\n<p>Uniteds mangel p\u00e5 bredde er tydelig, spesielt p\u00e5 topp. Elisabeth Terland har spilt det meste, men var ute med skade i kampen mot Lyon sist. Da var Rachel Williams det eneste rene alternativet p\u00e5 topp.<\/p>\n<p>                <img decoding=\"async\" src=\"https:\/\/www.europesays.com\/no\/wp-content\/uploads\/2025\/12\/1408095.webp\" width=\"480\" height=\"274\" title=\"\u2013 N\u00e5r jeg roterer, er det feil. N\u00e5r jeg ikke gj\u00f8r det, er det ogs\u00e5 feil\" alt=\"Montasje: Rachel Williams og Marc Skinner, 10. desember 2025.\" loading=\"lazy\" style=\"\"\/><\/p>\n<p>            Poppy Townson &#8211; MUFC + Charlotte Tattersall &#8211; UEFA\n        <\/p>\n<p>\u00c5pen om behovet for forsterkninger<\/p>\n<p>Skinner legger heller ikke skjul p\u00e5 at han \u00f8nsker nye spillere inn.<\/p>\n<p class=\"font-weight-bold m-font-weight-bold\" data-lab-font_weight=\"font-weight-bold\">\u2013 Vi er forh\u00e5pentligvis n\u00e6re et par signeringer. Vi m\u00e5 v\u00e6re kreative innenfor rammene, men vi trenger mer kvalitet i gruppa.\u00a0<\/p>\n<p class=\"font-weight-bold m-font-weight-bold\" data-lab-font_weight=\"font-weight-bold\">\u2013 Jeg tror jeg har sagt det lenge n\u00e5 \u2013 og det har vel de fleste andre ogs\u00e5.<\/p>\n<p>        <a itemprop=\"url\" class=\"\" href=\"https:\/\/www.united.no\/nyheter\/tysk-malmaskin-hoyt-oppe-pa-uniteds-onskeliste\/1408500\" data-k5a-url=\"https:\/\/www.united.no\/a\/1408500\" rel=\"nofollow noopener\" target=\"_blank\"><\/p>\n<p>\nJAKTER FORSTERKNINGER:\n<\/p>\n<p>            \u2013 Tysk m\u00e5lmaskin h\u00f8yt oppe p\u00e5 Uniteds \u00f8nskeliste<\/p>\n<p>        <\/a><\/p>\n<p>\u2013 Vi m\u00e5 v\u00e6re oss selv<\/p>\n<p>N\u00e5r Skinner snakker om \u00e5 \u00abkomme opp p\u00e5 v\u00e5rt niv\u00e5\u00bb, handler det f\u00f8rst og fremst om mot og trygghet med ballen.<\/p>\n<p>\u2013 Det var en periode mot Lyon der vi faktisk spilte oss gjennom dem. Vi var direkte, aggressive og trygge med ballen.\u00a0<\/p>\n<p>\u2013 Du kan ikke gj\u00f8re det i 90 minutter, men det er det jeg vil se mot Spurs.<\/p>\n<p class=\"bg-quaternary color_mobile_bg-quaternary\" data-lab-text_background_color=\"bg-quaternary\">Budskapet er tydelig:<\/p>\n<p class=\"font-weight-bold m-font-weight-bold\" data-lab-font_weight=\"font-weight-bold\">\u2013 Hvis vi er oss selv, b\u00e5de med og uten ball, og ikke blir passive i noen faser, kan vi skade alle lag.\u00a0<\/p>\n<p class=\"font-weight-bold m-font-weight-bold\" data-lab-font_weight=\"font-weight-bold\">\u2013 Jeg vil se at vi g\u00e5r rett i strupen p\u00e5 Tottenham p\u00e5 s\u00f8ndag. Gj\u00f8r vi det, tror jeg mange lag f\u00e5r problemer med oss.<\/p>\n<p>        <a itemprop=\"url\" class=\"\" href=\"https:\/\/www.united.no\/nyheter\/jeg-mistenker-at-han-skjonte-at-han-hadde-bommet-totalt\/1408068\" data-k5a-url=\"https:\/\/www.united.no\/a\/1408068\" rel=\"nofollow noopener\" target=\"_blank\"><\/p>\n<p>            \u00abJeg mistenker at han skj\u00f8nte at han hadde bommet totalt\u00bb<\/p>\n<p>        <\/a><\/p>\n","protected":false},"excerpt":{"rendered":"Marc Skinner \u00f8nsker \u00e5 legge Champions League-tapet mot Lyon bak seg og retter fullt fokus mot Tottenham. Etter&hellip;\n","protected":false},"author":2,"featured_media":112896,"comment_status":"","ping_status":"","sticky":false,"template":"","format":"standard","meta":{"footnotes":""},"categories":[59],"tags":[30,28,29,83,82],"class_list":{"0":"post-112895","1":"post","2":"type-post","3":"status-publish","4":"format-standard","5":"has-post-thumbnail","7":"category-sport","8":"tag-no","9":"tag-norge","10":"tag-norway","11":"tag-sport","12":"tag-sports"},"share_on_mastodon":{"url":"https:\/\/pubeurope.com\/@no\/115717670048331976","error":""},"_links":{"self":[{"href":"https:\/\/www.europesays.com\/no\/wp-json\/wp\/v2\/posts\/112895","targetHints":{"allow":["GET"]}}],"collection":[{"href":"https:\/\/www.europesays.com\/no\/wp-json\/wp\/v2\/posts"}],"about":[{"href":"https:\/\/www.europesays.com\/no\/wp-json\/wp\/v2\/types\/post"}],"author":[{"embeddable":true,"href":"https:\/\/www.europesays.com\/no\/wp-json\/wp\/v2\/users\/2"}],"replies":[{"embeddable":true,"href":"https:\/\/www.europesays.com\/no\/wp-json\/wp\/v2\/comments?post=112895"}],"version-history":[{"count":0,"href":"https:\/\/www.europesays.com\/no\/wp-json\/wp\/v2\/posts\/112895\/revisions"}],"wp:featuredmedia":[{"embeddable":true,"href":"https:\/\/www.europesays.com\/no\/wp-json\/wp\/v2\/media\/112896"}],"wp:attachment":[{"href":"https:\/\/www.europesays.com\/no\/wp-json\/wp\/v2\/media?parent=112895"}],"wp:term":[{"taxonomy":"category","embeddable":true,"href":"https:\/\/www.europesays.com\/no\/wp-json\/wp\/v2\/categories?post=112895"},{"taxonomy":"post_tag","embeddable":true,"href":"https:\/\/www.europesays.com\/no\/wp-json\/wp\/v2\/tags?post=112895"}],"curies":[{"name":"wp","href":"https:\/\/api.w.org\/{rel}","templated":true}]}}