{"id":112899,"date":"2025-12-14T11:29:16","date_gmt":"2025-12-14T11:29:16","guid":{"rendered":"https:\/\/www.europesays.com\/no\/112899\/"},"modified":"2025-12-14T11:29:16","modified_gmt":"2025-12-14T11:29:16","slug":"ensomhet-bergen-ensomhet-hos-voksne-da-jeg-flyttet-tilbake-til-norge-og-bergen-trodde-jeg-vennskap-skulle-komme-naturlig-det-gjorde-det-ikke","status":"publish","type":"post","link":"https:\/\/www.europesays.com\/no\/112899\/","title":{"rendered":"Ensomhet, Bergen | Ensomhet hos voksne: \u2013 Da jeg flyttet tilbake til Norge og Bergen, trodde jeg vennskap skulle komme naturlig. Det gjorde det ikke"},"content":{"rendered":"\n<p><b>For seks \u00e5r siden<\/b> flyttet jeg til Bergen uten \u00e5 kjenne noen her. Da jeg flyttet, var mitt st\u00f8rste \u00f8nske et stabilt, godt sosialt nettverk. Jeg \u00f8nsket meg noen \u00e5 dele hverdagen med, noen \u00e5 ringe n\u00e5r alt f\u00f8les litt mye, noen \u00e5 bare v\u00e6re sammen med, le og fjase. Dele mine hobbyer og interesser med flere.<\/p>\n<p>Jeg har bodd mange \u00e5r utenfor Norge, omgitt av nye mennesker hele tiden. Da jeg endelig bestemte meg for \u00e5 flytte tilbake til Norge og fikk jobb i Bergen, trodde jeg vennskap skulle komme naturlig. Det gjorde det ikke.<\/p>\n<p>Og det er ikke fordi jeg ikke pr\u00f8ver. Jeg tar initiativ, inviterer, m\u00f8ter mennesker, pr\u00f8ver igjen, igjen og igjen \u2013 i h\u00e5p om at noe skal vare.<\/p>\n<p>Ofte blir det bare hyggelige m\u00f8ter. Sm\u00e5 glimt av n\u00e6rhet, f\u00f8r livet ruller videre. De fleste har fullt opp. Jeg merker det. Livene er planlagt til siste time.<\/p>\n<p>Og ofte st\u00e5r jeg igjen \u2013 midt blant folk \u2013 men litt p\u00e5 utsiden.<\/p>\n<p><b>Jeg er ikke alene <\/b>om \u00e5 f\u00f8le det slik. Stadig flere voksne oppgir at de f\u00f8ler seg ensomme, viser tall fra Statistisk sentralbyr\u00e5. De har jobb, kolleger \u2013 kanskje familie \u2013 men likevel ingen \u00e5 ringe n\u00e5r livet butter.<\/p>\n<blockquote class=\"brick-c-kLSvcb theme-white\">\n<p class=\"blockquote-text\">Jeg tror vennskap i voksen alder handler mer om mot enn om flaks.<\/p>\n<\/blockquote>\n<p>Ensomhet i voksen alder er sjelden dramatisk. Den skriker ikke. Den bare legger seg stille i mellomrommene mellom jobb og middag, mellom trening og leggetid. Og er litt vanskelig \u00e5 snakke om. Vi vil jo ikke virke ensomme.<\/p>\n<p>Virkeligheten er at mange av oss mister de naturlige m\u00f8teplassene med \u00e5rene. Folk flytter, skifter jobb, f\u00e5r barn, g\u00e5r gjennom brudd \u2013 og glir gradvis fra hverandre. Vi blir flinkere til \u00e5 svare p\u00e5 e-poster enn p\u00e5 invitasjoner. Flinkere til \u00e5 like innlegg enn \u00e5 m\u00f8tes.<\/p>\n<p><b>Aldri f\u00f8r har vi hatt<\/b> flere m\u00e5ter \u00e5 kommunisere p\u00e5, men heller aldri flere som f\u00f8ler seg alene. Forskning viser at n\u00e6re relasjoner er den viktigste faktoren for et langt og lykkelig liv. Ikke penger, ikke status; mennesker. Likevel er det nettopp de vi har minst tid til.<\/p>\n<p>  <a href=\"https:\/\/www.ba.no\/5-8-3225125\" class=\"related-teaser has-image default-story-teaser article--c-eRUmMG article--c-eRUmMG-jKCPdD-design-default\" rel=\"nofollow noopener\" target=\"_blank\"><\/p>\n<p>    <img decoding=\"async\" loading=\"lazy\"  src=\"https:\/\/www.europesays.com\/no\/wp-content\/uploads\/2025\/12\/DSC_9482+kopi.jpg\" alt=\"\" class=\"brick-c-cFOWSL\" style=\"\"\/><\/p>\n<p>\n            Les ogs\u00e5<\/p>\n<p>              Dette har Renate dr\u00f8mt om hele livet\n        <\/p>\n<p>  <\/a><\/p>\n<p>Jeg tror vennskap i voksen alder handler mer om mot enn om flaks. Det krever mot \u00e5 v\u00e6re den som sender en melding. Det krever mot \u00e5 invitere, og \u00e5 slippe noen inn n\u00e5r kalenderen allerede er full.<\/p>\n<p><b>Jeg har spurt meg selv<\/b> mange ganger om det er meg det er noe galt med. Innerst inne tror jeg ikke det. Jeg tror bare mange av oss har glemt hvor mye kraft som ligger i de sm\u00e5 tingene.<\/p>\n<p>Ensomhet forsvinner sjelden av seg selv. Den l\u00f8ses ikke med store ord eller perfekte l\u00f8sninger, men med sm\u00e5 handlinger \u2013 et blikk, en melding, en invitasjon. Fellesskap er ikke noe vi f\u00e5r utdelt, det er noe vi skaper sammen. N\u00e5r vi v\u00e5ger \u00e5 \u00e5pne d\u00f8ren for andre, selv om kalenderen er full, kan vi bygge broer til hverandre.<\/p>\n<p>Neste gang du f\u00e5r en invitasjon fra noen, kanskje ikke bare si \u00abnei takk\u00bb, men velg \u00e5 si \u00abja\u00bb og inkluder. Det kan bety mye for den som sp\u00f8r. Og neste gang du tenker \u00abjeg burde sende en melding\u00bb \u2013 gj\u00f8r det. Det kan v\u00e6re starten p\u00e5 noe kjempefint.<\/p>\n<p>  <a href=\"https:\/\/www.ba.no\/5-8-3248669\" class=\"related-teaser has-image default-opinion-teaser article--c-eRUmMG article--c-eRUmMG-jKCPdD-design-default\" rel=\"nofollow noopener\" target=\"_blank\"><\/p>\n<p>    <img decoding=\"async\" loading=\"lazy\"  src=\"https:\/\/www.europesays.com\/no\/wp-content\/uploads\/2025\/12\/IMG_4497.JPG\" alt=\"\" class=\"brick-c-cFOWSL\" style=\"\"\/><\/p>\n<p>\n            Les ogs\u00e5<\/p>\n<p>              Det var ikke d\u00f8dsdommen som traff meg hardest\n        <\/p>\n<p>  <\/a><\/p>\n","protected":false},"excerpt":{"rendered":"For seks \u00e5r siden flyttet jeg til Bergen uten \u00e5 kjenne noen her. Da jeg flyttet, var mitt&hellip;\n","protected":false},"author":2,"featured_media":112900,"comment_status":"","ping_status":"","sticky":false,"template":"","format":"standard","meta":{"footnotes":""},"categories":[10],"tags":[36,444,20,21,37,13775,1913,24,25,15,22,23,13,30,28,29,14,1533,16,26,27,13774],"class_list":{"0":"post-112899","1":"post","2":"type-post","3":"status-publish","4":"format-standard","5":"has-post-thumbnail","7":"category-norge","8":"tag-art","9":"tag-bergen","10":"tag-breaking-news","11":"tag-breakingnews","12":"tag-debatt","13":"tag-ensom","14":"tag-ensomhet","15":"tag-featured-news","16":"tag-featurednews","17":"tag-headlines","18":"tag-latest-news","19":"tag-latestnews","20":"tag-news","21":"tag-no","22":"tag-norge","23":"tag-norway","24":"tag-nyheter","25":"tag-opinion","26":"tag-overskrifter","27":"tag-top-stories","28":"tag-topstories","29":"tag-voksne"},"share_on_mastodon":{"url":"https:\/\/pubeurope.com\/@no\/115717692924928876","error":""},"_links":{"self":[{"href":"https:\/\/www.europesays.com\/no\/wp-json\/wp\/v2\/posts\/112899","targetHints":{"allow":["GET"]}}],"collection":[{"href":"https:\/\/www.europesays.com\/no\/wp-json\/wp\/v2\/posts"}],"about":[{"href":"https:\/\/www.europesays.com\/no\/wp-json\/wp\/v2\/types\/post"}],"author":[{"embeddable":true,"href":"https:\/\/www.europesays.com\/no\/wp-json\/wp\/v2\/users\/2"}],"replies":[{"embeddable":true,"href":"https:\/\/www.europesays.com\/no\/wp-json\/wp\/v2\/comments?post=112899"}],"version-history":[{"count":0,"href":"https:\/\/www.europesays.com\/no\/wp-json\/wp\/v2\/posts\/112899\/revisions"}],"wp:featuredmedia":[{"embeddable":true,"href":"https:\/\/www.europesays.com\/no\/wp-json\/wp\/v2\/media\/112900"}],"wp:attachment":[{"href":"https:\/\/www.europesays.com\/no\/wp-json\/wp\/v2\/media?parent=112899"}],"wp:term":[{"taxonomy":"category","embeddable":true,"href":"https:\/\/www.europesays.com\/no\/wp-json\/wp\/v2\/categories?post=112899"},{"taxonomy":"post_tag","embeddable":true,"href":"https:\/\/www.europesays.com\/no\/wp-json\/wp\/v2\/tags?post=112899"}],"curies":[{"name":"wp","href":"https:\/\/api.w.org\/{rel}","templated":true}]}}