{"id":112903,"date":"2025-12-14T11:36:07","date_gmt":"2025-12-14T11:36:07","guid":{"rendered":"https:\/\/www.europesays.com\/no\/112903\/"},"modified":"2025-12-14T11:36:07","modified_gmt":"2025-12-14T11:36:07","slug":"vaer-meteorologisk-institutt-uvaeret-er-i-gang-vindkast-pa-25-m-s","status":"publish","type":"post","link":"https:\/\/www.europesays.com\/no\/112903\/","title":{"rendered":"V\u00e6r, Meteorologisk institutt | Uv\u00e6ret er i gang: \u2013 Vindkast p\u00e5 25 m\/s"},"content":{"rendered":"\n<p><b>Se oppdatert trafikkinformasjon nederst i saken.<\/b><\/p>\n<p>De siste dagene har det ikke v\u00e6rt v\u00e6rmessig mye som minner om at det n\u00e6rmer seg jul. Og if\u00f8lge meteorolog Iris Hestnes ved Vervarslinga i Troms\u00f8 s\u00e5 blir nok de som venter p\u00e5 sn\u00f8 skuffet.<\/p>\n<p>\u2013 Natt til s\u00f8ndag kommer en ny lavtrykksfront og den er kraftigere enn den som var f\u00f8r helga. Det blir sterk kuling fra s\u00f8r-s\u00f8r\u00f8st. Det blir en ny runde med en god del nedb\u00f8r, og det kommer som regn. Det blir temperaturer godt oppe p\u00e5 plussiden. Om kvelden dreier vinden til s\u00f8r og s\u00f8rvest og minker til liten til stiv kuling, sier Hestnes som opplyser at de har sendt ut gult farevarsel for sterk vind i Lofoten s\u00f8ndag.<\/p>\n<p>Det er sendt ut gult farevarsel for is p\u00e5 veiene. I tillegg er det sendt gult farevarsel for betydelig sn\u00f8skredfare i Lofoten.<\/p>\n<p>Veitrafikk<\/p>\n<p>S\u00f8ndag morgen meldes det om enkelte glatte partier og det er ogs\u00e5 partier med slaps p\u00e5 veiene rundt om i Lofoten.<\/p>\n<p>Klokken 08.15 melder veitrafikksentralen om at K\u00e5kern bru p\u00e5 E10 i Flakstad kan bli stengt p\u00e5 kort varsel p\u00e5 grunn av sterk vind. Klokken 11.43 melder VTS at det varselet er opphevet.<\/p>\n<p><b>If\u00f8lge <a href=\"https:\/\/xn--vindn-qra.no\/\" rel=\"Follow nofollow noopener\" target=\"_blank\">Vindn\u00e5.no<\/a> ble det klokken 09:20 m\u00e5lt vindkast p\u00e5 25,2 m\/s p\u00e5 K\u00e5kern. Ogs\u00e5 i Leknes havn ble det klokken 09.20 m\u00e5lt vindkast p\u00e5 25 m\/s. P\u00e5 Gims\u00f8ybrua ble det p\u00e5 samme tidspunkt m\u00e5lt vindkast p\u00e5 14 m\/s.<\/b><\/p>\n<p>  <a href=\"https:\/\/www.lofotposten.no\/5-29-883366\" class=\"related-teaser default-story-teaser article--c-eRUmMG article--c-eRUmMG-jKCPdD-design-default article--c-eRUmMG-kpKLOW-cv\" rel=\"nofollow noopener\" target=\"_blank\"><\/p>\n<p>\n            Les ogs\u00e5<\/p>\n<p>              Direkte: Slik ser det ut i trafikken n\u00e5\n        <\/p>\n<p>  <\/a><br \/>\n  Ferge og hurtigb\u00e5t<\/p>\n<p>Torghatten melder om endringer og innstillinger p\u00e5 fergesambandet Bod\u00f8-R\u00f8st-V\u00e6r\u00f8y og Moskenes.<\/p>\n<p>\u2013 Alle avganger med B-ruta med \u00abV\u00e6r\u00f8y\u00bb er kansellert s\u00f8ndag p\u00e5 grunn av v\u00e6rforhold og h\u00f8y sj\u00f8, melder rederiet.<\/p>\n<p>P\u00e5 A-ruta med \u00abBod\u00f8\u00bb er det gjort en ruteendring.<\/p>\n<p>\u2013 Avgangen fra Moskenes klokken 12 er framskyndet til 10.30 og g\u00e5r direkte til Bod\u00f8. \u00d8vrige avganger p\u00e5 A-ruta s\u00f8ndag er kansellert, heter det i meldingen.<\/p>\n<p>If\u00f8lge Barentwatch.no er det ventet en maksimal b\u00f8lgeh\u00f8yde p\u00e5 12 meter inn Vestfjorden s\u00f8ndag ettermiddag.<\/p>\n<p>Reisnordland melder at hurtigb\u00e5ten som skulle g\u00e5tt fra Bod\u00f8 til Svolv\u00e6r klokken 19.00 er kansellert. Det samme gjelder returen klokken 0600 mandag fra Svolv\u00e6r. Kanselleringene skyldes mannskapsmangel som f\u00f8lge av sykdom.<\/p>\n<p>Buss<\/p>\n<p>Reisnordland melder at bussen som skulle g\u00e5tt fra \u00c5 til Leknes klokken 11.05 er innstilt p\u00e5 grunn av uv\u00e6ret. Bussen 13:35 fra Leknes sentrum til \u00c5 er ogs\u00e5 innstilt p\u00e5 grunn av uv\u00e6ret.<\/p>\n<p>Mandag blir det vind fra s\u00f8r-s\u00f8rvest som kan komme opp i stiv kuling utsatte steder. Mandag morgen kan det g\u00e5 noen regnbyger.<\/p>\n","protected":false},"excerpt":{"rendered":"Se oppdatert trafikkinformasjon nederst i saken. De siste dagene har det ikke v\u00e6rt v\u00e6rmessig mye som minner om&hellip;\n","protected":false},"author":2,"featured_media":112251,"comment_status":"","ping_status":"","sticky":false,"template":"","format":"standard","meta":{"footnotes":""},"categories":[10],"tags":[36,20,21,24,25,1186,15,22,23,1202,1461,13,30,28,29,14,16,1463,1510,26,27,1459,553,1462,1460],"class_list":{"0":"post-112903","1":"post","2":"type-post","3":"status-publish","4":"format-standard","5":"has-post-thumbnail","7":"category-norge","8":"tag-art","9":"tag-breaking-news","10":"tag-breakingnews","11":"tag-featured-news","12":"tag-featurednews","13":"tag-flakstad","14":"tag-headlines","15":"tag-latest-news","16":"tag-latestnews","17":"tag-meteorologisk-institutt","18":"tag-moskenes","19":"tag-news","20":"tag-no","21":"tag-norge","22":"tag-norway","23":"tag-nyheter","24":"tag-overskrifter","25":"tag-rost","26":"tag-story","27":"tag-top-stories","28":"tag-topstories","29":"tag-vagan","30":"tag-vaer","31":"tag-vaeroy","32":"tag-vestvagoy"},"share_on_mastodon":{"url":"https:\/\/pubeurope.com\/@no\/115717720414692649","error":""},"_links":{"self":[{"href":"https:\/\/www.europesays.com\/no\/wp-json\/wp\/v2\/posts\/112903","targetHints":{"allow":["GET"]}}],"collection":[{"href":"https:\/\/www.europesays.com\/no\/wp-json\/wp\/v2\/posts"}],"about":[{"href":"https:\/\/www.europesays.com\/no\/wp-json\/wp\/v2\/types\/post"}],"author":[{"embeddable":true,"href":"https:\/\/www.europesays.com\/no\/wp-json\/wp\/v2\/users\/2"}],"replies":[{"embeddable":true,"href":"https:\/\/www.europesays.com\/no\/wp-json\/wp\/v2\/comments?post=112903"}],"version-history":[{"count":0,"href":"https:\/\/www.europesays.com\/no\/wp-json\/wp\/v2\/posts\/112903\/revisions"}],"wp:featuredmedia":[{"embeddable":true,"href":"https:\/\/www.europesays.com\/no\/wp-json\/wp\/v2\/media\/112251"}],"wp:attachment":[{"href":"https:\/\/www.europesays.com\/no\/wp-json\/wp\/v2\/media?parent=112903"}],"wp:term":[{"taxonomy":"category","embeddable":true,"href":"https:\/\/www.europesays.com\/no\/wp-json\/wp\/v2\/categories?post=112903"},{"taxonomy":"post_tag","embeddable":true,"href":"https:\/\/www.europesays.com\/no\/wp-json\/wp\/v2\/tags?post=112903"}],"curies":[{"name":"wp","href":"https:\/\/api.w.org\/{rel}","templated":true}]}}