{"id":112919,"date":"2025-12-14T12:03:10","date_gmt":"2025-12-14T12:03:10","guid":{"rendered":"https:\/\/www.europesays.com\/no\/112919\/"},"modified":"2025-12-14T12:03:10","modified_gmt":"2025-12-14T12:03:10","slug":"hoydramatikk-i-terreng-em-ganske-forbanna-pa-meg-selv","status":"publish","type":"post","link":"https:\/\/www.europesays.com\/no\/112919\/","title":{"rendered":"H\u00f8ydramatikk i terreng-EM: &#8211; Ganske forbanna p\u00e5 meg selv"},"content":{"rendered":"<p class=\"extendedContent hyperion-css-eyn926\" data-test-tag=\"lead-text\">L\u00f8petalentet H\u00e5kon Moe Berg (19) var gullfavoritt i U20-klassen under terreng-EM s\u00f8ndag i Portugal. Men det ble et dramatisk l\u00f8p for 19-\u00e5ringen. <\/p>\n<p><img decoding=\"async\" class=\"image-asset hyperion-css-u06ts1\" data-test-tag=\"image-asset\" src=\"https:\/\/www.europesays.com\/no\/wp-content\/uploads\/2025\/12\/1765713789_61_9c2f9dd7-ef74-459d-aaae-bb77fcb9ad81\"  alt=\"H\u00e5kon Moe Berg under friidretts-VM i september.\"  loading=\"eager\" fetchpriority=\"high\" style=\"aspect-ratio:2048 \/ 1365\"\/>H\u00e5kon Moe Berg under friidretts-VM i september. Foto: Bj\u00f8rn S. Delebekk \/ VG<\/p>\n<ul data-test-tag=\"byline:authors\" data-testid=\"byline:authors\" class=\"hyperion-css-1772xtw\">\n<li class=\"hyperion-css-b8p8ys\"><img decoding=\"async\" class=\"image-asset hyperion-css-u06ts1\" data-test-tag=\"image-asset\" src=\"https:\/\/www.europesays.com\/no\/wp-content\/uploads\/2025\/12\/1765713790_598_375927d7-c3ac-45fd-a424-5db85cd85b8f\"  alt=\"Andreas Almli, VG\"  fetchpriority=\"auto\" style=\"aspect-ratio:2048 \/ 2048\"\/>\n<p>Andreas Almli, VG<\/p>\n<\/li>\n<\/ul>\n<p>Publisert: 14.12.2025 11:20 |\u00a0Oppdatert: 14.12.2025 12:46<\/p>\n<p class=\"paywall hyperion-css-1j42uic\">Tr\u00f8nderen var en av fem nordmenn som stilte til start p\u00e5 det 4450 meter lange l\u00f8pet. <\/p>\n<p class=\"paywall hyperion-css-1j42uic\">Magnus \u00d8yen ble beste nordmann p\u00e5 5. plass, 13 sekunder bak belgiske Willem Renders som vant.<\/p>\n<p class=\"paywall hyperion-css-1j42uic\">\u2013 Det g\u00e5r bra. Jeg \u00e5pnet nok litt for hardt, eller litt for rolig f\u00f8rste runden s\u00e5 jeg ble litt langt bak. Ogs\u00e5 var det bare \u00e5 pr\u00f8ve \u00e5 n\u00e5 igjen folk. Jeg l\u00f8p for raskt i oppoverbakken, men jeg passerte halve feltet. Jeg tenkte \u00e5 flyte bak han som ledet, men s\u00e5 fikk jeg knekken p\u00e5 slutten der, oppsummerte \u00d8yen til NRK etter l\u00f8pet. <\/p>\n<p class=\"paywall hyperion-css-1j42uic\">Moe Berg fikk en tr\u00f8blete start da han fikk en albue som skj\u00f8v han bakover i feltet i det startskuddet gikk. Kort tid etter ble det mye armer og bein, og 19-\u00e5ringen var n\u00e6r \u00e5 falle over ende.<\/p>\n<p>Dette er H\u00e5kon Moe Berg<\/p>\n<p class=\"hyperion-css-ffjyk2\">19 \u00e5r gammel fra Kyrks\u00e6ter\u00f8ea.<\/p>\n<p>Vis mer<\/p>\n<p class=\"paywall hyperion-css-1j42uic\">\u2013 Det lever han farlig alts\u00e5, utbr\u00f8t NRK-kommentator Jan Post.<\/p>\n<p class=\"paywall hyperion-css-1j42uic\">19-\u00e5ringen kjempet tappert med \u00e5 hente seg inn igjen, og hang med teten p\u00e5 f\u00f8rste runde. Det ble han liggende sammen med belgiske Willem Renders, f\u00f8r \u00d8yen meldte seg p\u00e5 i ledergruppen.<\/p>\n<p class=\"paywall hyperion-css-1j42uic\">Men i l\u00f8pet av siste runde var Moe Berg plutselig borte fra lederfeltet, uten at TV-bildene fanget opp hva som skjedde. Kommentator Post og Vebj\u00f8rn Rodal konkluderte med at 19-\u00e5ringen hadde stoppet opp i l\u00f8ypa. <\/p>\n<p class=\"paywall hyperion-css-1j42uic\">\u2013 Om han har stoppet er det p\u00e5 grunn av at han sliter med kvalme og oppkast ved hard belastning. Det har skjedd et eller annet med Moe Berg, sa Rodal. <\/p>\n<p class=\"paywall hyperion-css-1j42uic\">Etter l\u00f8pet forklarer 19-\u00e5ringen at det ikke var oppkast som f\u00f8rte til at han falt av.<\/p>\n<p class=\"paywall hyperion-css-1j42uic\">\u2013 Jeg er ganske forbanna p\u00e5 meg selv. Med en gang det blir tungt der s\u00e5 klarer jeg ikke \u00e5 mobilisere, sier han til <a aria-label=\"NRK\" class=\"default hyperion-css-1raymq9\" href=\"https:\/\/www.nrk.no\/sport\/em-i-terrenglop_-her-forsvinner-gullfavoritten-plutselig_-_-hvor-er-moe-berg_-1.17691995\" target=\"_blank\" rel=\"noopener nofollow noreferrer\" data-test-tag=\"external-link\">NRK<\/a>.<\/p>\n<p class=\"paywall hyperion-css-1j42uic\">\u00c5rsaken er if\u00f8lge han selv mangel p\u00e5 konkurranser.<\/p>\n<p class=\"paywall hyperion-css-1j42uic\">\u2013 Jeg er irritert, for jeg vet at formen er der. Da vi kj\u00f8rer p\u00e5 halvveis kjenner jeg at jeg ikke klarer \u00e5 mobilisere. Jeg tror det er en mental greie. Det er veldig rart, for jeg f\u00f8lte meg bra underveis, fortsetter Moe Berg.<\/p>\n<p class=\"paywall hyperion-css-1j42uic\">Moe hadde aldri deltatt i et internasjonalt mesterskap i terrengl\u00f8p, noe som f\u00f8rt til at det var knyttet stor spenning til hvordan utfallet ville bli. <\/p>\n","protected":false},"excerpt":{"rendered":"L\u00f8petalentet H\u00e5kon Moe Berg (19) var gullfavoritt i U20-klassen under terreng-EM s\u00f8ndag i Portugal. Men det ble et&hellip;\n","protected":false},"author":2,"featured_media":112920,"comment_status":"","ping_status":"","sticky":false,"template":"","format":"standard","meta":{"footnotes":""},"categories":[59],"tags":[30,28,29,83,82],"class_list":{"0":"post-112919","1":"post","2":"type-post","3":"status-publish","4":"format-standard","5":"has-post-thumbnail","7":"category-sport","8":"tag-no","9":"tag-norge","10":"tag-norway","11":"tag-sport","12":"tag-sports"},"share_on_mastodon":{"url":"https:\/\/pubeurope.com\/@no\/115717826498213592","error":""},"_links":{"self":[{"href":"https:\/\/www.europesays.com\/no\/wp-json\/wp\/v2\/posts\/112919","targetHints":{"allow":["GET"]}}],"collection":[{"href":"https:\/\/www.europesays.com\/no\/wp-json\/wp\/v2\/posts"}],"about":[{"href":"https:\/\/www.europesays.com\/no\/wp-json\/wp\/v2\/types\/post"}],"author":[{"embeddable":true,"href":"https:\/\/www.europesays.com\/no\/wp-json\/wp\/v2\/users\/2"}],"replies":[{"embeddable":true,"href":"https:\/\/www.europesays.com\/no\/wp-json\/wp\/v2\/comments?post=112919"}],"version-history":[{"count":0,"href":"https:\/\/www.europesays.com\/no\/wp-json\/wp\/v2\/posts\/112919\/revisions"}],"wp:featuredmedia":[{"embeddable":true,"href":"https:\/\/www.europesays.com\/no\/wp-json\/wp\/v2\/media\/112920"}],"wp:attachment":[{"href":"https:\/\/www.europesays.com\/no\/wp-json\/wp\/v2\/media?parent=112919"}],"wp:term":[{"taxonomy":"category","embeddable":true,"href":"https:\/\/www.europesays.com\/no\/wp-json\/wp\/v2\/categories?post=112919"},{"taxonomy":"post_tag","embeddable":true,"href":"https:\/\/www.europesays.com\/no\/wp-json\/wp\/v2\/tags?post=112919"}],"curies":[{"name":"wp","href":"https:\/\/api.w.org\/{rel}","templated":true}]}}