{"id":112922,"date":"2025-12-14T12:09:36","date_gmt":"2025-12-14T12:09:36","guid":{"rendered":"https:\/\/www.europesays.com\/no\/112922\/"},"modified":"2025-12-14T12:09:36","modified_gmt":"2025-12-14T12:09:36","slug":"ikke-verdt-en-dritt","status":"publish","type":"post","link":"https:\/\/www.europesays.com\/no\/112922\/","title":{"rendered":"&#8211; Ikke verdt en dritt"},"content":{"rendered":"<p class=\"kicker bg-gold color_mobile_bg-gold align-center mobile_text_align_align-center hasTextPadding mobile-hasTextPadding\" style=\"\">H\u00e5ndball-VM<\/p>\n<p>  Superstjernas dr\u00f8m om \u00e5 avslutte med VM-gull ble drept av Norge. I pressesonen etterp\u00e5 var Estavana Polman (33) lei.<\/p>\n<p>\n    T\u00d8FFE TAK: Estavana Polman f\u00e5r kjenne p\u00e5 kreftene til Thale Rushfeldt Deila under semifinalen fredag kveld. Foto: NTB\n  <\/p>\n<p class=\"bg-red color_mobile_bg-red align-center mobile_text_align_align-center font-weight-bold m-font-weight-bold\" data-lab-text_background_color=\"bg-red\" data-lab-text_align=\"center\" data-lab-font_weight=\"font-weight-bold\">Nederland &#8211; Norge 25 &#8211; 35<\/p>\n<p>ROTTERDAM (Dagbladet): Flere av de norske spillerne er bedre, men stjernefaktoren til Estavana Polman matcher ingen av dem.<\/p>\n<p>Veteranen avslutter landslagskarrieren med VM p\u00e5 hjemmebane. Mot Norge s\u00e5 hun plutselig ut til \u00e5 v\u00e6re tilbake p\u00e5 sitt beste fra 2019 da hun ledet landet til VM-gull. Totalt scoret hun seks m\u00e5l.\u00a0<\/p>\n<p class=\"italic m-italic\" data-lab-italic=\"italic\">&#8211; Overrasket det deg? sp\u00f8r Dagbladet Norge-sjef Ole Gustav Gjekstad.\u00a0<\/p>\n<p>&#8211;\u00a0Ja, det m\u00e5 jeg si. Hun gj\u00f8r en god kamp. Det er g\u00f8y at hun leverer p\u00e5 et s\u00e5nt niv\u00e5 hvis dette er hennes siste landskamper, ogs\u00e5 for en norsk landslagssjef \u00e5 se, roser han.\u00a0<\/p>\n<p>    <a itemprop=\"url\" href=\"https:\/\/www.dagbladet.no\/sport\/handballverden-maper\/83978908\" rel=\"nofollow noopener\" target=\"_blank\"><\/p>\n<p>        <img loading=\"lazy\" decoding=\"async\" src=\"https:\/\/www.europesays.com\/no\/wp-content\/uploads\/2025\/12\/1765714173_215_83979012.webp\" width=\"980\" height=\"441\" title=\"H\u00e5ndballverden m\u00e5per\" alt=\"\" class=\"lazyload\" style=\"--aspect-ratio-image: 2.22; \"\/><\/p>\n<p>        H\u00e5ndballverden m\u00e5per<\/p>\n<p>    <\/a><\/p>\n<p>Selv klarte hun ikke fokusere p\u00e5 dette:\u00a0<\/p>\n<p>&#8211;\u00a0Det gikk bra, men det er ikke verdt en dritt. Til syvende og sist vil du vinne. Men jeg har f\u00f8lt meg bra gjennom hele turneringen. Jeg har hatt en mer st\u00f8ttende rolle denne gangen og skal bidra med ro gjennom erfaringen min. Jeg synes jeg fylte den rollen godt i dag, men igjen: det er ikke verdt en dritt.<\/p>\n<p>    <a itemprop=\"url\" href=\"https:\/\/www.dagbladet.no\/sport\/tysk-vm-bombe\/83978465\" rel=\"nofollow noopener\" target=\"_blank\"><\/p>\n<p>        <img loading=\"lazy\" decoding=\"async\" src=\"https:\/\/www.europesays.com\/no\/wp-content\/uploads\/2025\/12\/1765714174_738_83978735.webp\" width=\"980\" height=\"441\" title=\"Tysk VM-bombe\" alt=\"\" class=\"lazyload\" style=\"--aspect-ratio-image: 2.22; \"\/><\/p>\n<p>        Tysk VM-bombe<\/p>\n<p>    <\/a><\/p>\n<p>Lenge etter at norske spillere hadde forlatt pressesonen kom Polman g\u00e5ende mot slutten av rekka, hvor Dagbladet sto, da det tikket mot midnatt i Rotterdam.\u00a0<\/p>\n<p>&#8211; Er jeg ikke ferdig enn\u00e5? Jeg vil se familien min, det er deres skyld, sa hun delvis frustrert, delvis p\u00e5 sp\u00f8k til pressen.\u00a0<\/p>\n<p>        <img loading=\"lazy\" decoding=\"async\" src=\"https:\/\/www.europesays.com\/no\/wp-content\/uploads\/2025\/12\/83979268.webp\" width=\"686\" height=\"385\" title=\"POPUL\u00c6R: En skuffet Estavana Polman omringet av presse etter tapet for Norge. Foto: Birthe Skingen \/ Dagbladet\" alt=\"\" class=\"\" style=\"--aspect-ratio-image: 1.78; \"\/><\/p>\n<p>\n        POPUL\u00c6R: En skuffet Estavana Polman omringet av presse etter tapet for Norge. Foto: Birthe Skingen \/ Dagbladet\n    <\/p>\n<p>H\u00e5ndballstjerna har barn og er sammen med den tidligere fotballspilleren Rafael van der Vaart.<\/p>\n<p>Dagbladet fikk forhandlet seg til ett sp\u00f8rsm\u00e5l, men skj\u00f8nte at hun hadde f\u00e5tt nok og ville egentlig videre.<\/p>\n<p>&#8211; Det er utrolig. Det er dumt at vi taper i dag, men Norge var det beste laget. Noen ganger m\u00e5 du bare innse det, sa Polman kort til Dagbladet.<\/p>\n<p>    <a itemprop=\"url\" href=\"https:\/\/www.dagbladet.no\/sport\/europa-splittes\/83956254\" rel=\"nofollow noopener\" target=\"_blank\"><\/p>\n<p>        <img loading=\"lazy\" decoding=\"async\" src=\"https:\/\/www.europesays.com\/no\/wp-content\/uploads\/2025\/12\/1765714176_808_83966499.webp\" width=\"980\" height=\"441\" title=\"Europa splittes\" alt=\"\" class=\"lazyload\" style=\"--aspect-ratio-image: 2.22; \"\/><\/p>\n<p>        Europa splittes<\/p>\n<p>    <\/a><\/p>\n<p>Til nederlandske medier var hun mer utdypende:<\/p>\n<p>&#8211; Vi startet veldig svakt etter pause. Det er da du plutselig ligger ni m\u00e5l bak. Hvis du bommer p\u00e5 tre baller, s\u00e5 har de tre i nettet. De straffer alt, hver eneste lille feil.\u00a0<\/p>\n<p>For Polman ble det hennes nest siste landskamp. Nederland skal fortsatt spille om bronsen mot Frankrike. Om de vinner den vil VM p\u00e5 hjemmebane uansett v\u00e6re en gigantisk suksess.<\/p>\n<p>De norske h\u00e5ndballjentene m\u00f8ter Tyskland i finalen.<\/p>\n","protected":false},"excerpt":{"rendered":"H\u00e5ndball-VM Superstjernas dr\u00f8m om \u00e5 avslutte med VM-gull ble drept av Norge. I pressesonen etterp\u00e5 var Estavana Polman&hellip;\n","protected":false},"author":2,"featured_media":112923,"comment_status":"","ping_status":"","sticky":false,"template":"","format":"standard","meta":{"footnotes":""},"categories":[5],"tags":[20,21,11630,24,25,105,9443,15,19,22,23,17,18,13,30,28,29,14,16,83,26,27],"class_list":{"0":"post-112922","1":"post","2":"type-post","3":"status-publish","4":"format-standard","5":"has-post-thumbnail","7":"category-overskrifter","8":"tag-breaking-news","9":"tag-breakingnews","10":"tag-estavana-polman","11":"tag-featured-news","12":"tag-featurednews","13":"tag-handball","14":"tag-handball-vm","15":"tag-headlines","16":"tag-hovedoppslag","17":"tag-latest-news","18":"tag-latestnews","19":"tag-main-news","20":"tag-mainnews","21":"tag-news","22":"tag-no","23":"tag-norge","24":"tag-norway","25":"tag-nyheter","26":"tag-overskrifter","27":"tag-sport","28":"tag-top-stories","29":"tag-topstories"},"share_on_mastodon":{"url":"https:\/\/pubeurope.com\/@no\/115717850606957545","error":""},"_links":{"self":[{"href":"https:\/\/www.europesays.com\/no\/wp-json\/wp\/v2\/posts\/112922","targetHints":{"allow":["GET"]}}],"collection":[{"href":"https:\/\/www.europesays.com\/no\/wp-json\/wp\/v2\/posts"}],"about":[{"href":"https:\/\/www.europesays.com\/no\/wp-json\/wp\/v2\/types\/post"}],"author":[{"embeddable":true,"href":"https:\/\/www.europesays.com\/no\/wp-json\/wp\/v2\/users\/2"}],"replies":[{"embeddable":true,"href":"https:\/\/www.europesays.com\/no\/wp-json\/wp\/v2\/comments?post=112922"}],"version-history":[{"count":0,"href":"https:\/\/www.europesays.com\/no\/wp-json\/wp\/v2\/posts\/112922\/revisions"}],"wp:featuredmedia":[{"embeddable":true,"href":"https:\/\/www.europesays.com\/no\/wp-json\/wp\/v2\/media\/112923"}],"wp:attachment":[{"href":"https:\/\/www.europesays.com\/no\/wp-json\/wp\/v2\/media?parent=112922"}],"wp:term":[{"taxonomy":"category","embeddable":true,"href":"https:\/\/www.europesays.com\/no\/wp-json\/wp\/v2\/categories?post=112922"},{"taxonomy":"post_tag","embeddable":true,"href":"https:\/\/www.europesays.com\/no\/wp-json\/wp\/v2\/tags?post=112922"}],"curies":[{"name":"wp","href":"https:\/\/api.w.org\/{rel}","templated":true}]}}