{"id":112924,"date":"2025-12-14T12:10:10","date_gmt":"2025-12-14T12:10:10","guid":{"rendered":"https:\/\/www.europesays.com\/no\/112924\/"},"modified":"2025-12-14T12:10:10","modified_gmt":"2025-12-14T12:10:10","slug":"erling-braut-haaland-manchester-city-20","status":"publish","type":"post","link":"https:\/\/www.europesays.com\/no\/112924\/","title":{"rendered":"Erling Braut Haaland, Manchester City"},"content":{"rendered":"\n<p>\u2013 Faren min pleier \u00e5 si \u00abdu skulle sett hvordan det var da vil spilte\u00bb.<\/p>\n<p>Det sier Erling Braut Haaland i podkasten \u00abThe Rest is Football\u00bb med Alan Shearer og Gary Lineker.<\/p>\n<p>I samtalen med de tidligere stjernespillerne forteller Manchester City-stjernen at han er svak for sjarmen med Premier League, slik det var i gamledager.<\/p>\n<p>\u2013 Da gikk de opp til spillerloungen og drakk to \u00f8l etter kampen og s\u00e5 m\u00f8ttes de p\u00e5 den lokale puben. Det var helt normalt, men n\u00e5 har disse tingene ogs\u00e5 endret seg fordi det er s\u00e5 mange kamper, du tar mer vare p\u00e5 deg selv, og det er mer penger involvert, sier Haaland.<\/p>\n<p><b>Les ogs\u00e5: <a rel=\"Follow nofollow noopener\" href=\"https:\/\/www.nettavisen.no\/sport\/haaland-avslorer-gjorde-sjeldent-alkoholunntak-under-norges-vm-fest\/s\/5-95-2774157\" target=\"_blank\">Haaland gjorde sjeldent alkoholunntak<\/a><\/b><\/p>\n<p>Spiller aldri med hansker<\/p>\n<p>N\u00e5 lever Haaland og lagkameratene en helt annen tilv\u00e6relse som 24-timersut\u00f8vere og planlegger hverdagen ned til minste detalj. Han innr\u00f8mmer imidlertid at det hadde v\u00e6rt g\u00f8y \u00e5 pr\u00f8ve seg som Premier League-spiller p\u00e5 90-tallet.<\/p>\n<p>\u2013 Det er ogs\u00e5 litt av sjarmen n\u00e5r han (Alfie) snakker om hvordan det var i gamledager. En del av meg tenker \u00abjeg skulle \u00f8nske jeg ogs\u00e5 spilte p\u00e5 den tiden\u00bb, for det var ogs\u00e5 kult, og du savner noen av disse tingene noen ganger. N\u00e5 er det enormt fokus p\u00e5 ern\u00e6ring og du har 30 mediefolk i klubben. Tidligere var det trening, en kamp, to dager fri, s\u00e5 komme tilbake.<\/p>\n<p>    Vil du se neste video?<\/p>\n<p>    <a href=\"https:\/\/www.nettavisen.no\/nyheter\/ny-donal-trump-blemme-dumskalle\/v\/5-95-2774170\" class=\"recommend-poster\" data-adp-clicklabel=\"video-recommend\" data-adp-clickvalue=\"poster\" rel=\"nofollow noopener\" target=\"_blank\"><br \/>\n      <img decoding=\"async\" width=\"200\" height=\"200\" loading=\"lazy\" src=\"https:\/\/www.europesays.com\/no\/wp-content\/uploads\/2025\/12\/Trump+og+mobil+til+cue.jpg\" alt=\"\" class=\"brick-c-cFOWSL\" style=\"--brick-image-ratio: 200 \/ 200;\"\/><\/p>\n<p>Ny Trump-blemme: \u2013 Dumskalle0:57<\/p>\n<p>    <\/a><\/p>\n<p>Haaland mener arven etter faren har gitt ham et litt \u00abgammeldags\u00bb syn p\u00e5 fotball. For eksempel vilel han aldri spilt kamp med hansker.<\/p>\n<p>\u2013 Jeg er litt gammeldags p\u00e5 mange ting p\u00e5 grunn av faren min og fordi jeg har sett p\u00e5 Premier League s\u00e5 lenge jeg kan huske. Jeg liker deg gammeldagse, sjarmerende med l\u00f8ping og taklinger. Det er en fin greie. Du ser meg heller aldri spille med hansker, fordi faren min ville &#8230; sier Haaland lattermildt og gj\u00f8r en slagbevegelse med flat h\u00e5nd.<\/p>\n<p>S\u00e5 gjenst\u00e5r det \u00e5 se om Norges superstjerne m\u00e5 gj\u00f8re et unntak n\u00e5r <a rel=\"Follow nofollow noopener\" href=\"https:\/\/www.nettavisen.no\/sport\/city-kan-fa-iskald-opplevelse-i-bodo\/s\/5-95-2592727\" target=\"_blank\">Manchester City bes\u00f8ker Bod\u00f8 i januar<\/a>.<\/p>\n<p>   <img decoding=\"async\" width=\"3030\" height=\"2322\" fetchpriority=\"low\"  loading=\"lazy\"  src=\"https:\/\/www.europesays.com\/no\/wp-content\/uploads\/2025\/12\/NTB_OKcBFC_Gs1E+%281%29+%281%29.jpg\" alt=\"\" class=\"brick-c-cFOWSL\" style=\"--brick-image-ratio: 3030 \/ 2322;\"\/><\/p>\n<p>  Liker d\u00f8dballtrenden<\/p>\n<p>De siste m\u00e5nedene har det v\u00e6rt en utvikling i Premier League som tyder p\u00e5 at noen av de \u00abgammeldagse\u00bb aspektene ved spillet er p\u00e5 vei tilbake. Flere lag bruker n\u00e5 mye tid p\u00e5 d\u00f8dball, og lange innkast har for lengst gjort sin inntreden p\u00e5 nytt.<\/p>\n<p><a rel=\"Follow nofollow noopener\" href=\"https:\/\/www.nettavisen.no\/sport\/raser-mot-utviklingen-i-premier-league-tror-ikke-det-jeg-ser\/s\/5-95-2689626\" target=\"_blank\">Flere har reagert negativt p\u00e5 utviklingen<\/a>, men Haaland har ingenting imot det.<\/p>\n<p>\u2013 Jeg liker det. Du tenker p\u00e5 Stoke og Rory Delap n\u00e5r man snakker om lange innkast. Det var utrolig, og n\u00e5 ser du at det skjer igjen. Jeg tror ikke folk hadde trodd for noen \u00e5r siden at man skulle drive med lange kast med spillere til 100 millioner pund p\u00e5 laget.<\/p>\n<p>   <img decoding=\"async\" width=\"8256\" height=\"5504\" fetchpriority=\"low\"  loading=\"lazy\"  src=\"https:\/\/www.europesays.com\/no\/wp-content\/uploads\/2025\/12\/NTB_Xi5mAJaH87Q_1.jpg\" alt=\"Brentford's Italian defender #33 Michael Kayode takes a long throw-in during the English Premier League football match between Brentford and Liverpool at the Gtech Community Stadium in London on October 25, 2025. (Photo by Glyn KIRK \/ AFP) \/ RESTRICTED TO EDITORIAL USE. No use with unauthorized audio, video, data, fixture lists, club\/league logos or 'live' services. Online in-match use limited to 120 images. An additional 40 images may be used in extra time. No video emulation. Social media in-match use limited to 120 images. An additional 40 images may be used in extra time. No use in betting publications, games or single club\/league\/player publications. \/ \" class=\"brick-c-cFOWSL\" style=\"--brick-image-ratio: 8256 \/ 5504;\"\/><\/p>\n<p>      KASTER \u00abPROSJEKTILER\u00bb: Brentfords Michael Kayode har gjort seg bemerket med sine lange innkast i Premier League.<br \/>\n      Foto: GLYN KIRK\n    <\/p>\n<p><b>Les ogs\u00e5: <a rel=\"Follow nofollow noopener\" href=\"https:\/\/www.nettavisen.no\/sport\/raser-mot-utviklingen-i-premier-league-tror-ikke-det-jeg-ser\/s\/5-95-2689626\" target=\"_blank\">Raser mot utviklingen i Premier League<\/a><\/b><\/p>\n<p>Haaland legger ikke skjul p\u00e5 at han nyter det fysiske aspektet ved Premier League-fotball og alle duellene han har med ligaens storvokste midtstoppere, som da City trakk det lengste str\u00e5et i et ellevilt oppgj\u00f8r med Sander Berge og Fulham tidligere denne m\u00e5neden.<\/p>\n<p>\u2013 Det er mer dueller og mer kontakt. Til og med n\u00e5r vi spiller mot Fulham, det er et topplag. Bare se p\u00e5 kampen, som ender 5-4. Det er utrolig, og jeg spiller mot Bassey. Hvor sterk er ikke han? Andersen er ogs\u00e5 enorm. Hver kamp er noe eget basert p\u00e5 det man har planlagt p\u00e5 forh\u00e5nd og alt det der, men det fysiske er s\u00e5 intenst. Det er vanskelig fordi det er s\u00e5 mange kamper, og man har Champions League, cuper og alt. Det gj\u00f8r at du m\u00e5 jobbe enda mer med restitueringen og v\u00e6re klar for den neste kampen, sier Haaland.<\/p>\n<p>Manchester City m\u00f8ter Crystal Palace p\u00e5 bortebane s\u00f8ndag klokken 15.00.<\/p>\n","protected":false},"excerpt":{"rendered":"\u2013 Faren min pleier \u00e5 si \u00abdu skulle sett hvordan det var da vil spilte\u00bb. Det sier Erling&hellip;\n","protected":false},"author":2,"featured_media":112925,"comment_status":"","ping_status":"","sticky":false,"template":"","format":"standard","meta":{"footnotes":""},"categories":[59],"tags":[30,28,29,83,82],"class_list":{"0":"post-112924","1":"post","2":"type-post","3":"status-publish","4":"format-standard","5":"has-post-thumbnail","7":"category-sport","8":"tag-no","9":"tag-norge","10":"tag-norway","11":"tag-sport","12":"tag-sports"},"share_on_mastodon":{"url":"https:\/\/pubeurope.com\/@no\/115717854194480191","error":""},"_links":{"self":[{"href":"https:\/\/www.europesays.com\/no\/wp-json\/wp\/v2\/posts\/112924","targetHints":{"allow":["GET"]}}],"collection":[{"href":"https:\/\/www.europesays.com\/no\/wp-json\/wp\/v2\/posts"}],"about":[{"href":"https:\/\/www.europesays.com\/no\/wp-json\/wp\/v2\/types\/post"}],"author":[{"embeddable":true,"href":"https:\/\/www.europesays.com\/no\/wp-json\/wp\/v2\/users\/2"}],"replies":[{"embeddable":true,"href":"https:\/\/www.europesays.com\/no\/wp-json\/wp\/v2\/comments?post=112924"}],"version-history":[{"count":0,"href":"https:\/\/www.europesays.com\/no\/wp-json\/wp\/v2\/posts\/112924\/revisions"}],"wp:featuredmedia":[{"embeddable":true,"href":"https:\/\/www.europesays.com\/no\/wp-json\/wp\/v2\/media\/112925"}],"wp:attachment":[{"href":"https:\/\/www.europesays.com\/no\/wp-json\/wp\/v2\/media?parent=112924"}],"wp:term":[{"taxonomy":"category","embeddable":true,"href":"https:\/\/www.europesays.com\/no\/wp-json\/wp\/v2\/categories?post=112924"},{"taxonomy":"post_tag","embeddable":true,"href":"https:\/\/www.europesays.com\/no\/wp-json\/wp\/v2\/tags?post=112924"}],"curies":[{"name":"wp","href":"https:\/\/api.w.org\/{rel}","templated":true}]}}