{"id":112926,"date":"2025-12-14T12:11:12","date_gmt":"2025-12-14T12:11:12","guid":{"rendered":"https:\/\/www.europesays.com\/no\/112926\/"},"modified":"2025-12-14T12:11:12","modified_gmt":"2025-12-14T12:11:12","slug":"nye-detaljer-avslort","status":"publish","type":"post","link":"https:\/\/www.europesays.com\/no\/112926\/","title":{"rendered":"Nye detaljer avsl\u00f8rt"},"content":{"rendered":"<p class=\"kicker \" style=\"\">Peter Greene:\u00a0<\/p>\n<p>  Skuespiller Peter Greene (60) ble funnet d\u00f8d fredag. N\u00e5 kommer det nye opplysninger om d\u00f8dsfallet.\u00a0\u00a0<\/p>\n<p>\n    FUNNET D\u00d8D: Peter Greene ble fredag funnet d\u00f8d i New York, han ble 60 \u00e5r gammel. Foto: Battleplan Prods \/ Cinerenta \/ Kobal \/ REX \/ NTB\n  <\/p>\n<p>Fredag ble skuespiller <a href=\"https:\/\/www.seher.no\/kjendis\/funnet-dod\/83979512https:\/\/www.dagbladet.no\/kjendis\/funnet-dod\/83979435\" rel=\"nofollow noopener\" target=\"_blank\">Peter Greene funnet d\u00f8d<\/a> i sitt eget hjem i New York p\u00e5 Lower East side, han ble 60 \u00e5r gammel. D\u00f8ds\u00e5rsaken er forel\u00f8pig ikke kjent.\u00a0<\/p>\n<p>    <a itemprop=\"url\" href=\"https:\/\/www.seher.no\/kjendis\/funnet-dod\/83979512\" rel=\"nofollow noopener\" target=\"_blank\"><\/p>\n<p>        <img loading=\"lazy\" decoding=\"async\" src=\"https:\/\/www.europesays.com\/no\/wp-content\/uploads\/2025\/12\/83979462.webp\" width=\"980\" height=\"441\" title=\"Funnet d\u00f8d\" alt=\"\" class=\"lazyload\" style=\"--aspect-ratio-image: 2.22; \"\/><\/p>\n<p>        Funnet d\u00f8d<\/p>\n<p>    <\/a><\/p>\n<p>N\u00e5 blir det avsl\u00f8rt nye detaljer om d\u00f8dsfallet.\u00a0<\/p>\n<p class=\"font-weight-bold m-font-weight-bold\" data-lab-font_weight=\"font-weight-bold\">&#8211; Peter l\u00e5 p\u00e5 gulvet med ansiktet ned. Han hadde skader i ansiktet, og det var blod overalt\u00bb, forteller en nabo til\u00a0<a href=\"https:\/\/www.nydailynews.com\/2025\/12\/12\/peter-greene-60-actor-pulp-fiction-the-mask-found-dead-in-nyc-apartment-lower-east-side\/\" target=\"_blank\" rel=\"nofollow noopener\">New York Daily News<\/a>\u00a0om det som skal ha v\u00e6rt \u00abgrusomme scener\u00bb.<\/p>\n<p>        REAKSJONER: Like f\u00f8r Liam Payne d\u00f8de i oktober i fjor, gjorde han opptak for den nye realityserien \u00abBuilding the Band\u00bb hos Netflix. Nye bilder av superstjerna f\u00e5r fans til \u00e5 reagere. Video: Thea Hope\/ R\u00f8d L\u00f8per<\/p>\n<p>Da politiet unders\u00f8kte stedet ble det if\u00f8lge avisen ogs\u00e5 funnet en h\u00e5ndskrevet lapp i leiligheten ved siden av ham.\u00a0<\/p>\n<p>        BUNNPUNKT: Semifinalist Tiril Eckhoff avsl\u00f8rer t\u00e5rev\u00e5tt sammenbrudd, og hva som fikk henne til \u00e5 kjefte p\u00e5 dansepartneren Santino Mirenna. Reporter: Sanne Holt. Video: \u00abSkal vi danse\u00bb\/ TV 2\/ Sanne Holt\/ R\u00f8d L\u00f8per<\/p>\n<p>&#8211; \u00abI&#8217;m still a Westie\u00bb, skal det ha st\u00e5tt p\u00e5 lappen, som angivelig viser til en irsk-amerikansk gjeng som opererte i Hell&#8217;s Kitchen p\u00e5 1970-tallet.<\/p>\n<p>    <a itemprop=\"url\" href=\"https:\/\/www.seher.no\/kjendis\/ble-bare-60-ar\/83961176\" rel=\"nofollow noopener\" target=\"_blank\"><\/p>\n<p>        <img loading=\"lazy\" decoding=\"async\" src=\"https:\/\/www.europesays.com\/no\/wp-content\/uploads\/2025\/12\/83961188.webp\" width=\"147\" height=\"98\" title=\"Ble bare 60 \u00e5r\" alt=\"\" class=\"lazyload\" style=\"--aspect-ratio-image: 1.50; \"\/><\/p>\n<p>        Ble bare 60 \u00e5r<\/p>\n<p>    <\/a><\/p>\n<p class=\"font-weight-normal m-font-weight-normal\" data-lab-font_weight=\"font-weight-normal\"> Politiet opplyser at Greene ble funnet rundt klokken 15.25 lokal tid i leiligheten sin i Clinton Street. Han ble erkl\u00e6rt d\u00f8d p\u00e5 stedet. Det er forel\u00f8pig ikke mistanke om noe kriminelt, og d\u00f8ds\u00e5rsaken vil bli fastsl\u00e5tt av rettsmedisiner.<\/p>\n<p>        <img loading=\"lazy\" decoding=\"async\" src=\"https:\/\/www.europesays.com\/no\/wp-content\/uploads\/2025\/12\/83981769.webp\" width=\"686\" height=\"460\" title=\"KJENTE ROLLER: Peter Greene var kjent for sine roller som skurker i en rekke filmer. Her er han i filmen \u00abThe Mask\u00bb fra 1994. Foto: Snap \/ REX \/ NTB\" alt=\"\" class=\"\" style=\"--aspect-ratio-image: 1.49; \"\/><\/p>\n<p>\n        KJENTE ROLLER: Peter Greene var kjent for sine roller som skurker i en rekke filmer. Her er han i filmen \u00abThe Mask\u00bb fra 1994. Foto: Snap \/ REX \/ NTB\n    <\/p>\n<p>Skuespillerens mange\u00e5rige manager, Gregg Edwards, bekreftet d\u00f8dsfallet i en uttalelse.<\/p>\n<p class=\"font-weight-bold m-font-weight-bold\" data-lab-font_weight=\"font-weight-bold\">&#8211; Han var virkelig en av de store skuespillerne i v\u00e5r generasjon. Hjertet hans var like stort som talentet hans. Jeg kommer til \u00e5 savne ham. Han var en god venn.\u00a0<\/p>\n<p>    <a itemprop=\"url\" href=\"https:\/\/www.seher.no\/kjendis\/hjerteskjaerende-avskjed\/83974784\" rel=\"nofollow noopener\" target=\"_blank\"><\/p>\n<p>        <img loading=\"lazy\" decoding=\"async\" src=\"https:\/\/www.europesays.com\/no\/wp-content\/uploads\/2025\/12\/1765714272_437_83974953.webp\" width=\"147\" height=\"98\" title=\"Hjerteskj\u00e6rende avskjed\" alt=\"\" class=\"lazyload\" style=\"--aspect-ratio-image: 1.50; \"\/><\/p>\n<p>        Hjerteskj\u00e6rende avskjed<\/p>\n<p>    <\/a><\/p>\n<p>D\u00f8dsfallet kom tilsynelatende som en overraskelse p\u00e5 b\u00e5de Edwards og andre rundt skuespilleren, if\u00f8lge <a href=\"https:\/\/pagesix.com\/2025\/12\/13\/celebrity-news\/actor-peter-greene-was-lying-face-down-on-the-floor-with-blood-everywhere-when-police-found-him-dead-report\/\" rel=\"nofollow noopener\" target=\"_blank\">Page Six<\/a>. Greene skulle etter planen begynne innspillingen av en uavhengig thriller kalt \u00abMascots\u00bb sammen med Mickey Rourke (73).<\/p>\n<p>        HYLLES: Familien ble overrasket med en hyllest fra sin avd\u00f8de morfar under \u00abVilket liv!\u00bb. Video: \u00abVilket liv!\u00bb\/TV4.<\/p>\n<p>Skuespilleren er kanskje best kjent for rollen som skurkenDorian Tyrell i \u00abThe Mask\u00bb fra 1994, der han spilte mot Jim Carrey (63) og Cameron Diaz (53).\u00a0<\/p>\n<p>Greene hadde ogs\u00e5 roller i flere andre kjente filmer, blant annet \u00abPulp Fiction\u00bb, \u00abLaws of Gravity\u00bb, \u00abClean, Shaven\u00bb, \u00abBlue Streak\u00bb og \u00abTraining Day\u00bb.<\/p>\n","protected":false},"excerpt":{"rendered":"Peter Greene:\u00a0 Skuespiller Peter Greene (60) ble funnet d\u00f8d fredag. N\u00e5 kommer det nye opplysninger om d\u00f8dsfallet.\u00a0\u00a0 FUNNET&hellip;\n","protected":false},"author":2,"featured_media":112927,"comment_status":"","ping_status":"","sticky":false,"template":"","format":"standard","meta":{"footnotes":""},"categories":[58],"tags":[576,71,479,2543,30,28,29,9999,13758,3318,72],"class_list":{"0":"post-112926","1":"post","2":"type-post","3":"status-publish","4":"format-standard","5":"has-post-thumbnail","7":"category-underholdning","8":"tag-dodsfall","9":"tag-entertainment","10":"tag-kjendis","11":"tag-kjendisdesken","12":"tag-no","13":"tag-norge","14":"tag-norway","15":"tag-nye-detaljer","16":"tag-peter-greene","17":"tag-skuespiller","18":"tag-underholdning"},"share_on_mastodon":{"url":"https:\/\/pubeurope.com\/@no\/115717858128670282","error":""},"_links":{"self":[{"href":"https:\/\/www.europesays.com\/no\/wp-json\/wp\/v2\/posts\/112926","targetHints":{"allow":["GET"]}}],"collection":[{"href":"https:\/\/www.europesays.com\/no\/wp-json\/wp\/v2\/posts"}],"about":[{"href":"https:\/\/www.europesays.com\/no\/wp-json\/wp\/v2\/types\/post"}],"author":[{"embeddable":true,"href":"https:\/\/www.europesays.com\/no\/wp-json\/wp\/v2\/users\/2"}],"replies":[{"embeddable":true,"href":"https:\/\/www.europesays.com\/no\/wp-json\/wp\/v2\/comments?post=112926"}],"version-history":[{"count":0,"href":"https:\/\/www.europesays.com\/no\/wp-json\/wp\/v2\/posts\/112926\/revisions"}],"wp:featuredmedia":[{"embeddable":true,"href":"https:\/\/www.europesays.com\/no\/wp-json\/wp\/v2\/media\/112927"}],"wp:attachment":[{"href":"https:\/\/www.europesays.com\/no\/wp-json\/wp\/v2\/media?parent=112926"}],"wp:term":[{"taxonomy":"category","embeddable":true,"href":"https:\/\/www.europesays.com\/no\/wp-json\/wp\/v2\/categories?post=112926"},{"taxonomy":"post_tag","embeddable":true,"href":"https:\/\/www.europesays.com\/no\/wp-json\/wp\/v2\/tags?post=112926"}],"curies":[{"name":"wp","href":"https:\/\/api.w.org\/{rel}","templated":true}]}}