{"id":112936,"date":"2025-12-14T12:17:14","date_gmt":"2025-12-14T12:17:14","guid":{"rendered":"https:\/\/www.europesays.com\/no\/112936\/"},"modified":"2025-12-14T12:17:14","modified_gmt":"2025-12-14T12:17:14","slug":"slo-putin-lett","status":"publish","type":"post","link":"https:\/\/www.europesays.com\/no\/112936\/","title":{"rendered":"Slo Putin lett"},"content":{"rendered":"<p class=\"kicker \" style=\"\">Russland tilbake i langrenn<\/p>\n<p>  Russisk komet sjansel\u00f8s mot sensasjonen Einar Hedegart og Norge.<\/p>\n<p>\n    HELT SUVEREN: Einar Hedegart var desidert best p\u00e5 10km fri i verdenscupen i Davos. Rennet endte med sju norske l\u00f8pere langt foran Russlands beste mann. Det stopt Putins propaganda hjemme i Russland. FOTO: Gian Ehrenzeller\/Keystone\/AP.\n  <\/p>\n<p>DAVOS (Dagbladet) I snart fire \u00e5r har Putins Russland ventet p\u00e5 \u00e5 sl\u00e5 tilbake i skisporet. Under utestengelsen er Norge blitt <a href=\"https:\/\/www.dagbladet.no\/sport\/raser-mot-norge\/83747790\" rel=\"nofollow noopener\" target=\"_blank\">utpekt<\/a> som den store fienden.\u00a0<\/p>\n<p>If\u00f8lge Putins propaganda har de norske skilederne brukt alle knep for \u00e5 holde de russiske skiheltene unna sporet. Bare slik kunne vi f\u00e5 alle OL-medaljene for oss selv.<\/p>\n<p>N\u00e5 er Russlands beste skil\u00f8per tilbake i verdenscupen, og virkeligheten en ganske annen:<\/p>\n<p>Den unge russiske skikometen Savelij Korostelev var sjansel\u00f8s mot Norge og verdens beste p\u00e5 10km fri.<\/p>\n<p>Etter en frisk \u00e5pning, mistet han mer og mer til teten. Avstanden i m\u00e5l ble 1 minutt og 20 sekunder, og Savelij ble nummer 25 langt bak sju norske l\u00f8pere.<\/p>\n<p>S\u00e5 mye for den russiske r\u00f8verhistorien om at utestengelsen fra internasjonal skisport har noe som helst \u00e5 gj\u00f8re med norsk konkurransevridning.<\/p>\n<p>Denne boikotten har aldri v\u00e6rt lek.<\/p>\n<p>Bare et fortvilet svar p\u00e5 blodig alvor.<\/p>\n<p>FOR den lille langrennssporten hadde det v\u00e6rt fint om Russlands n\u00e5 beste langrennsl\u00f8per hadde gjort det bedre allerede fra debuten i verdenscupen. Det hadde gitt mer spenning inn mot OL.<\/p>\n<p>Tr\u00f8sten f\u00e5r v\u00e6re at 22-\u00e5rige Savelij Korostelev sannsynligvis kan mer. Denne l\u00f8ypa i Davos er vrien. Det gjelder \u00e5 fordele kreftene riktig i den skumle mellomh\u00f8yden p\u00e5 1600 moh. Her har mang en god skil\u00f8per g\u00e5tt p\u00e5 en smell.<\/p>\n<p>Seinest Iver Tildheim Andersen som sprakk underveis\u00a0 i dag, og ble sl\u00e5tt med noen sekunder ogs\u00e5 av Korostelev.<\/p>\n<p>    <a itemprop=\"url\" href=\"https:\/\/www.dagbladet.no\/sport\/vil-knuse-dem-1\/83981753\" rel=\"nofollow noopener\" target=\"_blank\"><\/p>\n<p>        <img loading=\"lazy\" decoding=\"async\" src=\"https:\/\/www.europesays.com\/no\/wp-content\/uploads\/2025\/12\/83981980.webp\" width=\"980\" height=\"441\" title=\"- Vil knuse dem\" alt=\"\" class=\"lazyload\" style=\"--aspect-ratio-image: 2.22; \"\/><\/p>\n<p>        &#8211; Vil knuse dem<\/p>\n<p>    <\/a><\/p>\n<p>EN enslig sprekk betyr lite for den norske dominansen. For tida er den total.<\/p>\n<p>Einar Hedegart; v\u00e5r egen skikomet, presterte glitrende. Han setter den tekniske standarden i fristil. En ny seier p\u00e5 OL-distansen 10km fri, betyr at han allerede er klar for OL p\u00e5 denne distansen.<\/p>\n<p>Det samme er Harald \u00d8stberg Amundsen og Johannes H\u00f8stflot Kl\u00e6bo. S\u00e5 blir den siste plassen en kamp videre mellom Martin L\u00f8vstr\u00f8m Nyenget, Mattis Stenshagen, Andreas Fjorden Ree og Simen Hegstad Kr\u00fcger som i dag vant samme distanse under Skandinavisk Cup i \u00d8stersund.\u00a0<\/p>\n<p>SJU nordmenn blant de \u00e5tte beste i verdenscup utenfor Norge, forteller om en sport med et ekstremt h\u00f8yt norsk niv\u00e5. Men enda mer om manglende underholdning p\u00e5 TV.<\/p>\n<p>Bare for en m\u00e5ned siden diskuterte russiske myndigheter \u00e5 <a href=\"https:\/\/www.dagbladet.no\/sport\/nei-til-ol-pa-tv\/83799313\" rel=\"nofollow noopener\" target=\"_blank\">droppe TV-sendingene fra OL<\/a>. Da de to beste russerne likevel fikk klarsignal til \u00e5 starte, ble tonen en helt annen. I russiske medier har leserne de siste dagene blitt godt informert om det nye TV-tilbudet i langrenn.<\/p>\n<p>Hva som skjer etter denne sportslige fiaskoen er usikkert.<\/p>\n<p>    <a itemprop=\"url\" href=\"https:\/\/www.dagbladet.no\/sport\/nei-til-ol-pa-tv\/83799313\" rel=\"nofollow noopener\" target=\"_blank\"><\/p>\n<p>        <img loading=\"lazy\" decoding=\"async\" src=\"https:\/\/www.europesays.com\/no\/wp-content\/uploads\/2025\/12\/1765714631_484_83799722.webp\" width=\"980\" height=\"441\" title=\"Nei til OL p\u00e5 TV\" alt=\"\" class=\"lazyload\" style=\"--aspect-ratio-image: 2.22; \"\/><\/p>\n<p>        Nei til OL p\u00e5 TV<\/p>\n<p>    <\/a><\/p>\n<p>FLERE russiske sportsmedier v\u00e6rt opptatt av \u00e5 dra ned forventningene b\u00e5de til Korostelev og Darja Neprjajeva:<\/p>\n<p>&#8211; Ikke tro at de umiddelbart komme til \u00e5 knuse all motstand i verdenscupen, <a href=\"https:\/\/www.championat.com\/skiing\/article-6278506-savelij-korostelyov-i-darya-nepryaeva-vystupyat-na-etape-kubka-mira-v-davose-prognoz-budut-li-u-rossijskih-lyzhnikov-medali.html\" rel=\"nofollow noopener\" target=\"_blank\">formante<\/a> kommentatoren i Championat.com nylig, og fortsatte:<\/p>\n<p>&#8211; Det \u00e5 kreve pallplasser av dem fordi de var s\u00e5 ivrige p\u00e5 \u00e5 f\u00e5 dra til Davos, er rett og slett latterlig.<\/p>\n<p>        <img loading=\"lazy\" decoding=\"async\" src=\"https:\/\/www.europesays.com\/no\/wp-content\/uploads\/2025\/12\/83979755.webp\" width=\"980\" height=\"559\" title=\"RUSSISK IDYLL: Skikometen Savelij Korostelev i skoleg\u00e5rden som f\u00f8rsteklassing hjemme i millionbyen Perm, 140 mil \u00f8st for Moskva. FOTO: Korostelevs egen sosiale mediekanal.\" alt=\"\" class=\"\" style=\"--aspect-ratio-image: 1.75; \"\/><\/p>\n<p>\n        RUSSISK IDYLL: Skikometen Savelij Korostelev i skoleg\u00e5rden som f\u00f8rsteklassing hjemme i millionbyen Perm, 140 mil \u00f8st for Moskva. FOTO: Korostelevs egen sosiale mediekanal.\n    <\/p>\n<p>DET kan fortsatt snu seg i sporet, og det hadde isolert sett v\u00e6rt fint for sporten. Det viktigste er likevel \u00e5 skj\u00f8nne hvorfor Putins Russland er blitt holdt utenfor. Og fortsatt m\u00e5 konkurrere med et redusert lag.<\/p>\n<p>Akkurat det er vanskelig nok for de russiske stjernene. Da Savelij Korostelev bare for noen uker siden trodde at han ville forbli utestengt fra vinter-OL, la han ut et barnebilde av seg selv p\u00e5 sosiale medier:<\/p>\n<p>&#8211; Beklager Savelij, dette er ikke sport. Det er politikk, <a href=\"https:\/\/ria.ru\/20251212\/korostelev-2061745040.html\" rel=\"nofollow noopener\" target=\"_blank\">skrev<\/a> han trist under dette bildet med norske Madshus-ski fra skoleg\u00e5rden.<\/p>\n<p>S\u00e5 snudde lykken for Putins skil\u00f8pere etter en sannsynligvis<a href=\"https:\/\/www.dagbladet.no\/sport\/russland-jubler\/83927171\" rel=\"nofollow noopener\" target=\"_blank\"> olympisk styrt avgj\u00f8relse <\/a>i Idrettens Voldgiftsdomstol (CAS) i fav\u00f8r av Russland.<\/p>\n<p>F\u00f8r de sportslige nederlagene i Davos var den voksne skil\u00f8peren Korostelev ironisk nok\u00a0 <a href=\"https:\/\/ria.ru\/20251212\/korostelev-2061745040.html\" rel=\"nofollow noopener\" target=\"_blank\">toppoppslag<\/a>\u00a0p\u00e5 Putins egen nyhetskanal Ria Novosti.<\/p>\n<p>    <a itemprop=\"url\" href=\"https:\/\/www.dagbladet.no\/sport\/putin-jubler\/83970214\" rel=\"nofollow noopener\" target=\"_blank\"><\/p>\n<p>        <img loading=\"lazy\" decoding=\"async\" src=\"https:\/\/www.europesays.com\/no\/wp-content\/uploads\/2025\/12\/83979228.webp\" width=\"980\" height=\"441\" title=\"Skummel plan\" alt=\"\" class=\"lazyload\" style=\"--aspect-ratio-image: 2.22; \"\/><\/p>\n<p>        Skummel plan<\/p>\n<p>    <\/a><\/p>\n<p>N\u00c5 s\u00f8ndag formiddag mangler langrenn <a href=\"https:\/\/ria.ru\/\" rel=\"nofollow noopener\" target=\"_blank\">totalt<\/a> p\u00e5 fronten til Putins nyhetskanal. Den konsentrerer seg om \u00f8kende amerikansk st\u00f8tte til de russiske kravene om \u00e5 f\u00e5 landomr\u00e5der i Ukraina og framgangen p\u00e5 slagmarken.<\/p>\n<p>I skisporet ble det br\u00e5stopp.<\/p>\n<p>Og akkurat det er kanskje like greit selv om TV-underholdningen mangler.<\/p>\n<p>For i Putins Russland er langrenn ingen lek. Bare politikk.<\/p>\n<p>    <a itemprop=\"url\" href=\"https:\/\/www.dagbladet.no\/sport\/russland-jubler\/83927171\" rel=\"nofollow noopener\" target=\"_blank\"><\/p>\n<p>        <img loading=\"lazy\" decoding=\"async\" src=\"https:\/\/www.europesays.com\/no\/wp-content\/uploads\/2025\/12\/1765714634_861_83927904.webp\" width=\"980\" height=\"441\" title=\"Russland jubler\" alt=\"\" class=\"lazyload\" style=\"--aspect-ratio-image: 2.22; \"\/><\/p>\n<p>        Russland jubler<\/p>\n<p>    <\/a><\/p>\n","protected":false},"excerpt":{"rendered":"Russland tilbake i langrenn Russisk komet sjansel\u00f8s mot sensasjonen Einar Hedegart og Norge. HELT SUVEREN: Einar Hedegart var&hellip;\n","protected":false},"author":2,"featured_media":112937,"comment_status":"","ping_status":"","sticky":false,"template":"","format":"standard","meta":{"footnotes":""},"categories":[59],"tags":[6061,11507,266,398,156,30,28,29,188,13583,83,82,186],"class_list":{"0":"post-112936","1":"post","2":"type-post","3":"status-publish","4":"format-standard","5":"has-post-thumbnail","7":"category-sport","8":"tag-boikott","9":"tag-einar-hedegart","10":"tag-kommentar","11":"tag-langrenn","12":"tag-meninger","13":"tag-no","14":"tag-norge","15":"tag-norway","16":"tag-russland","17":"tag-savelij-korostelev","18":"tag-sport","19":"tag-sports","20":"tag-vladimir-putin"},"share_on_mastodon":{"url":"https:\/\/pubeurope.com\/@no\/115717882373201548","error":""},"_links":{"self":[{"href":"https:\/\/www.europesays.com\/no\/wp-json\/wp\/v2\/posts\/112936","targetHints":{"allow":["GET"]}}],"collection":[{"href":"https:\/\/www.europesays.com\/no\/wp-json\/wp\/v2\/posts"}],"about":[{"href":"https:\/\/www.europesays.com\/no\/wp-json\/wp\/v2\/types\/post"}],"author":[{"embeddable":true,"href":"https:\/\/www.europesays.com\/no\/wp-json\/wp\/v2\/users\/2"}],"replies":[{"embeddable":true,"href":"https:\/\/www.europesays.com\/no\/wp-json\/wp\/v2\/comments?post=112936"}],"version-history":[{"count":0,"href":"https:\/\/www.europesays.com\/no\/wp-json\/wp\/v2\/posts\/112936\/revisions"}],"wp:featuredmedia":[{"embeddable":true,"href":"https:\/\/www.europesays.com\/no\/wp-json\/wp\/v2\/media\/112937"}],"wp:attachment":[{"href":"https:\/\/www.europesays.com\/no\/wp-json\/wp\/v2\/media?parent=112936"}],"wp:term":[{"taxonomy":"category","embeddable":true,"href":"https:\/\/www.europesays.com\/no\/wp-json\/wp\/v2\/categories?post=112936"},{"taxonomy":"post_tag","embeddable":true,"href":"https:\/\/www.europesays.com\/no\/wp-json\/wp\/v2\/tags?post=112936"}],"curies":[{"name":"wp","href":"https:\/\/api.w.org\/{rel}","templated":true}]}}