{"id":112938,"date":"2025-12-14T12:18:18","date_gmt":"2025-12-14T12:18:18","guid":{"rendered":"https:\/\/www.europesays.com\/no\/112938\/"},"modified":"2025-12-14T12:18:18","modified_gmt":"2025-12-14T12:18:18","slug":"starten-pa-noe-skikkelig-stort","status":"publish","type":"post","link":"https:\/\/www.europesays.com\/no\/112938\/","title":{"rendered":"\u2013 Starten p\u00e5 noe skikkelig stort"},"content":{"rendered":"\n<ul class=\"_list_o9xde_3 _list_64s2r_85 _unordered_o9xde_106 text-sans-m\">\n<li class=\"_item_o9xde_30\">Emma Gunnarsen skal ha sin st\u00f8rste konsert noensinne: Oslo Spektrum 6. desember 2026.<\/li>\n<li class=\"_item_o9xde_30\">Hun kombinerer videreg\u00e5ende skole hjemme med en suksessrik artistkarriere i Oslo.<\/li>\n<li class=\"_item_o9xde_30\">Gunnarsen avsluttet nylig sin deltagelse i \u00abMaskorama\u00bb og har mange store dr\u00f8mmer for fremtiden.<\/li>\n<\/ul>\n<p>Vis mer <\/p>\n<p class=\"_paragraph_o9xde_4 _paragraph_xtcu6_10 layout-component text-serif-m layout-normal text-serif-m layout-padded\">Artisten sitter i bilen sammen med mamma n\u00e5r beskjeden kommer midt i en vanlig samtale. <\/p>\n<p class=\"_paragraph_o9xde_4 _paragraph_xtcu6_10 layout-component text-serif-m layout-normal text-serif-m layout-padded\">\u2013 Ja, n\u00e5 skal du ha konsert i Spektrum, sier moren plutselig.<\/p>\n<p class=\"_paragraph_o9xde_4 _paragraph_xtcu6_10 layout-component text-serif-m layout-normal text-serif-m layout-padded\"><strong class=\"_strong_o9xde_25\">17-\u00e5ringen reagerer umiddelbart:<\/strong><\/p>\n<p class=\"_paragraph_o9xde_4 _paragraph_xtcu6_10 layout-component text-serif-m layout-normal text-serif-m layout-padded\">\u2013 H\u00e6? Konsert i Spektrum?<\/p>\n<p class=\"_paragraph_o9xde_4 _paragraph_xtcu6_10 layout-component text-serif-m layout-normal text-serif-m layout-padded\">S\u00e5 sitter de bare stille i bilen en stund, alle er overrasket over det som nettopp er blitt sagt.<\/p>\n<p class=\"_paragraph_o9xde_4 _paragraph_xtcu6_10 layout-component text-serif-m layout-normal text-serif-m layout-padded\">Det var for tre uker siden. N\u00e5 er det offisielt: <strong class=\"_strong_o9xde_25\">Emma Gunnarsen skal ha konsert i <a href=\"https:\/\/www.vg.no\/tag\/oslo-spektrum?utm_source=vg-article&amp;utm_medium=auto-tagger&amp;utm_campaign=5pVyBe\" class=\"_link_o9xde_39\" rel=\"nofollow noopener\" target=\"_blank\">Oslo Spektrum<\/a> 6. desember 2026.<\/strong><\/p>\n<p class=\"_paragraph_o9xde_4 _paragraph_xtcu6_10 layout-component text-serif-m layout-normal text-serif-m layout-padded\">Artisten beskriver f\u00f8lelsene rundt den store konserten som b\u00e5de skremmende og spennende. <\/p>\n<p class=\"_paragraph_o9xde_4 _paragraph_xtcu6_10 layout-component text-serif-m layout-normal text-serif-m layout-padded\">\u2013 Men s\u00e5 g\u00f8y. Det er mange f\u00f8lelser p\u00e5 \u00e9n gang, sier hun.<\/p>\n<p class=\"_paragraph_o9xde_4 _paragraph_xtcu6_10 layout-component text-serif-m layout-normal text-serif-m layout-padded\">Hun har ett \u00e5r p\u00e5 \u00e5 planlegge alt f\u00f8r den store konserten.<\/p>\n<p><img alt=\"Foto: Annemor Larsen \/ VG\" class=\"_image_qp4xg_65 layout-component layout-normal\" data-fullscreen- data-track-element-type=\"Article image fullscreen\" data-track-name=\"ImageFullscreen\" decoding=\"async\" loading=\"lazy\" height=\"8192\" itemprop=\"image\"  src=\"https:\/\/www.europesays.com\/no\/wp-content\/uploads\/2025\/12\/66de4cb9-39ba-40d9-a3d6-1b8ab3db7cf0\"  style=\"object-position:0% 0%\" width=\"5464\"\/>Foto: Annemor Larsen \/ VG<\/p>\n<p class=\"_paragraph_o9xde_4 _paragraph_xtcu6_10 layout-component text-serif-m layout-normal text-serif-m layout-padded\"><strong class=\"_strong_o9xde_25\">Det siste \u00e5ret har v\u00e6rt full av h\u00f8ydepunkter for den unge artisten:<\/strong><\/p>\n<ul class=\"_list_o9xde_3 _list_xtcu6_9 _unordered_o9xde_106 layout-component text-serif-m layout-normal text-serif-m layout-padded\">\n<li class=\"_item_o9xde_30\">Egen <a href=\"https:\/\/www.vg.no\/rampelys\/i\/Oo9VLk\/emma-gunnarsen-faar-nrk-serie\" data-track-element-type=\"Link\" data-track-id=\"link:Oo9VLk\" class=\"_link_o9xde_39\" rel=\"nofollow noopener\" target=\"_blank\">TV-serie p\u00e5 NRK<\/a><\/li>\n<li class=\"_item_o9xde_30\">Turne<\/li>\n<li class=\"_item_o9xde_30\">Nytt plateselskap<\/li>\n<li class=\"_item_o9xde_30\">\u00abMaskorama\u00bb<\/li>\n<\/ul>\n<p class=\"_paragraph_o9xde_4 _paragraph_xtcu6_10 layout-component text-serif-m layout-normal text-serif-m layout-padded\">For en 17-\u00e5ring som kombinerer fulltids videreg\u00e5ende skole i Mosj\u00f8en med en karriere som artist, er det en utfordring \u00e5 f\u00e5 til alt.<\/p>\n<p class=\"_paragraph_o9xde_4 _paragraph_xtcu6_10 layout-component text-serif-m layout-normal text-serif-m layout-padded\">Emma har solgt ut Parkteatret og <a href=\"https:\/\/www.vg.no\/rampelys\/i\/pPlAKE\/konsertanmeldelse-emma-sentrum-scene-smaarollingenes-stjerne\" data-track-element-type=\"Link\" data-track-id=\"link:pPlAKE\" class=\"_link_o9xde_39\" rel=\"nofollow noopener\" target=\"_blank\">Sentrum Scene.<\/a> Men Spektrum? Det f\u00f8les enormt for henne.<\/p>\n<p class=\"_paragraph_o9xde_4 _paragraph_xtcu6_10 layout-component text-serif-m layout-normal text-serif-m layout-padded\"><strong class=\"_strong_o9xde_25\">\u2013 Denne gangen skal jeg ikke tvile s\u00e5 mye p\u00e5 meg selv. Jeg m\u00e5 bare tenke at dette klarer jeg.<\/strong><\/p>\n<p><img alt=\"Her fra konserten p\u00e5 Sentrum Scene 1. desember 2024.  Foto: Tore Kristiansen \/ VG\" class=\"_image_qp4xg_65 layout-component layout-normal\" data-fullscreen- data-track-element-type=\"Article image fullscreen\" data-track-name=\"ImageFullscreen\" decoding=\"async\" loading=\"lazy\" height=\"4000\" itemprop=\"image\"  src=\"https:\/\/www.europesays.com\/no\/wp-content\/uploads\/2025\/12\/65a23182-091a-490c-b739-1944a849cf06\"  style=\"object-position:54.31666666666667% 43.125%\" width=\"6000\"\/>Her fra konserten p\u00e5 Sentrum Scene 1. desember 2024.  Foto: Tore Kristiansen \/ VG<\/p>\n<p class=\"_paragraph_o9xde_4 _paragraph_xtcu6_10 layout-component text-serif-m layout-normal text-serif-m layout-padded\">F\u00f8r hun sto p\u00e5 Sentrum Scene, tenkte hun: Aldri at jeg klarer det.<\/p>\n<p class=\"_paragraph_o9xde_4 _paragraph_xtcu6_10 layout-component text-serif-m layout-normal text-serif-m layout-padded\">Men det klarte hun.<\/p>\n<p>Store dr\u00f8mmer<\/p>\n<p class=\"_paragraph_o9xde_4 _paragraph_xtcu6_10 layout-component text-serif-m layout-normal text-serif-m layout-padded\">Emma har allerede begynt \u00e5 visualisere hvordan Spektrum-konserten skal bli.<\/p>\n<p class=\"_paragraph_o9xde_4 _paragraph_xtcu6_10 layout-component text-serif-m layout-normal text-serif-m layout-padded\">\u2013 Jeg har s\u00e5 lyst p\u00e5 en s\u00e5nn stor scene, og s\u00e5 er det s\u00e5nn walk-out, og &#8230; Alts\u00e5, jeg har altfor store tanker.<\/p>\n<p><img alt=\"Scenen i Spektrum blir betydelig st\u00f8rre enn dene p\u00e5 Sentrum Scene.  Foto: Tore Kristiansen \/ VG\" class=\"_image_qp4xg_65 layout-component layout-normal\" data-fullscreen- data-track-element-type=\"Article image fullscreen\" data-track-name=\"ImageFullscreen\" decoding=\"async\" loading=\"lazy\" height=\"4000\" itemprop=\"image\"  src=\"https:\/\/www.europesays.com\/no\/wp-content\/uploads\/2025\/12\/eea3b693-dd05-40fb-8ea5-9ba68b476fea\"  style=\"object-position:0% 0%\" width=\"6000\"\/>Scenen i Spektrum blir betydelig st\u00f8rre enn dene p\u00e5 Sentrum Scene.  Foto: Tore Kristiansen \/ VG<\/p>\n<p class=\"_paragraph_o9xde_4 _paragraph_xtcu6_10 layout-component text-serif-m layout-normal text-serif-m layout-padded\"><strong class=\"_strong_o9xde_25\">Hun stopper seg selv, som om dr\u00f8mmene er for store til \u00e5 si h\u00f8yt.<\/strong><\/p>\n<p class=\"_paragraph_o9xde_4 _paragraph_xtcu6_10 layout-component text-serif-m layout-normal text-serif-m layout-padded\">Forberedelsene til noe s\u00e5 omfattende som en Spektrum-konsert er ikke enkelt \u00e5 planlegge.<\/p>\n<p class=\"_paragraph_o9xde_4 _paragraph_xtcu6_10 layout-component text-serif-m layout-normal text-serif-m layout-padded\">\u2013 Jeg m\u00e5 \u00f8ve, ha en del m\u00f8ter og finne ut av ting.<\/p>\n<p>Fem raske med Emma<\/p>\n<ul class=\"_list_o9xde_3 _list_xtcu6_9 _list_16v91_9 _unordered_o9xde_106 layout-component text-serif-m layout-normal text-sans-m layout-padded\">\n<li class=\"_item_o9xde_30\"><strong class=\"_strong_o9xde_25\">Hvor h\u00f8y er du?<\/strong> \u2013 156 cm. Hvorfor lurer s\u00e5 mange p\u00e5 det!<\/li>\n<li class=\"_item_o9xde_30\"><strong class=\"_strong_o9xde_25\">Sommer eller vinter? \u2013 <\/strong>Det er vanskelig. Jeg har begynt \u00e5 bli en vinterperson, selv om jeg fryser veldig lett.<\/li>\n<li class=\"_item_o9xde_30\"><strong class=\"_strong_o9xde_25\">Favorittrett?<\/strong> \u2013 Quesadilla med god guacamole.<\/li>\n<li class=\"_item_o9xde_30\"><strong class=\"_strong_o9xde_25\">Hva slags superkraft skulle du \u00f8nske at du hadde? \u2013 <\/strong>Teleportering. Hvis noen pr\u00f8ver \u00e5 kidnappe meg s\u00e5: Bom. You can&#8217;t ever catch me.<\/li>\n<li class=\"_item_o9xde_30\"><strong class=\"_strong_o9xde_25\">Har du et partytriks? <\/strong>\u2013 Jeg har Shakira-hofter.<\/li>\n<\/ul>\n<p>Vis mer<\/p>\n<p class=\"_paragraph_o9xde_4 _paragraph_xtcu6_10 layout-component text-serif-m layout-normal text-serif-m layout-padded\">Emma har nettopp avsluttet sin deltagelse i \u00abMaskorama\u00bb, hvor hun opptr\u00e5dte foran flere hundre i salen og til sammen \u00e9n million seere p\u00e5 TV. Opplevelsen var overveldende.<\/p>\n<p class=\"_paragraph_o9xde_4 _paragraph_xtcu6_10 layout-component text-serif-m layout-normal text-serif-m layout-padded\">\u2013 Det f\u00f8les s\u00e5 ulovlig \u00e5 snakke om \u00abMaskorama\u00bb, sier hun.<\/p>\n<p><img alt=\"Foto: Annemor Larsen \/ VG\" class=\"_image_qp4xg_65 layout-component layout-normal\" data-fullscreen- data-track-element-type=\"Article image fullscreen\" data-track-name=\"ImageFullscreen\" decoding=\"async\" loading=\"lazy\" height=\"7543\" itemprop=\"image\"  src=\"https:\/\/www.europesays.com\/no\/wp-content\/uploads\/2025\/12\/cf57b530-9ec1-46f9-b834-b61fdbf70dad\"  style=\"object-position:0% 0%\" width=\"5031\"\/>Foto: Annemor Larsen \/ VG<\/p>\n<p class=\"_paragraph_o9xde_4 _paragraph_xtcu6_10 layout-component text-serif-m layout-normal text-serif-m layout-padded\">VG m\u00f8ter henne uken etter at hun r\u00f8k ut, og i flere uker var deltagelsen hemmelig. Hun skjulte seg bak masken Marionetten.<\/p>\n<p class=\"_paragraph_o9xde_4 _paragraph_xtcu6_10 layout-component text-serif-m layout-normal text-serif-m layout-padded\"><strong class=\"_strong_o9xde_25\">\u2013 Dette har v\u00e6rt mitt livs beste opplevelse hittil, sa hun til VG etter TV-sendingen.<\/strong><\/p>\n<p>Prisen for suksess<\/p>\n<p class=\"_paragraph_o9xde_4 _paragraph_xtcu6_10 layout-component text-serif-m layout-normal text-serif-m layout-padded\">Bak suksessen som artist ligger et liv som er alt annet enn vanlig for en 17-\u00e5ring. Emma bor fortsatt hjemme i Trofors, men pendler mellom hjemstedet og Oslo. Reisen tar omtrent en dag.<\/p>\n<p class=\"_paragraph_o9xde_4 _paragraph_xtcu6_10 layout-component text-serif-m layout-normal text-serif-m layout-padded\">\u2013 Jeg trives i Oslo. Jeg trives overalt. Men trives best hjemme, sier hun.<\/p>\n<p class=\"_paragraph_o9xde_4 _paragraph_xtcu6_10 layout-component text-serif-m layout-normal text-serif-m layout-padded\">Familien er tett knyttet, og Emma har ingen planer om \u00e5 flytte permanent til hovedstaden.<\/p>\n<p><img alt=\"Artisten \u00e5pner er boks med Brigadeiros, brasiliske snacks laget av kondensert melk og kakao. En favoritt av 17-\u00e5ringen.  Foto: Annemor Larsen \/ VG\" class=\"_image_qp4xg_65 layout-component layout-normal\" data-fullscreen- data-track-element-type=\"Article image fullscreen\" data-track-name=\"ImageFullscreen\" decoding=\"async\" loading=\"lazy\" height=\"4311\" itemprop=\"image\"  src=\"https:\/\/www.europesays.com\/no\/wp-content\/uploads\/2025\/12\/aaa02ce6-8a4f-4464-8acb-537a283d2149\"  style=\"object-position:48.47593996596008% 26.258408721874275%\" width=\"6463\"\/>Artisten \u00e5pner er boks med Brigadeiros, brasiliske snacks laget av kondensert melk og kakao. En favoritt av 17-\u00e5ringen.  Foto: Annemor Larsen \/ VG<\/p>\n<p class=\"_paragraph_o9xde_4 _paragraph_xtcu6_10 layout-component text-serif-m layout-normal text-serif-m layout-padded\">\u2013 Vi er veldig familiekj\u00e6re. S\u00e5 det var veldig rart at guttene flyttet ut, sier hun om br\u00f8drene sine Marcus &amp; Martinus.<\/p>\n<p class=\"_paragraph_o9xde_4 _paragraph_xtcu6_10 layout-component text-serif-m layout-normal text-serif-m layout-padded\">Men karrieren krever ofre. Emma har tatt mye fri fra skolen.<\/p>\n<p class=\"_paragraph_o9xde_4 _paragraph_xtcu6_10 layout-component text-serif-m layout-normal text-serif-m layout-padded\">\u2013 Jeg har g\u00e5tt glipp av veldig mye med venner. G\u00e5tt glipp av et vanlig liv. Men det er veldig verdt det.<\/p>\n<p class=\"_paragraph_o9xde_4 _paragraph_xtcu6_10 layout-component text-serif-m layout-normal text-serif-m layout-padded\"><strong class=\"_strong_o9xde_25\">Hun beskriver punktet i karrieren hun er i n\u00e5 som: <\/strong><\/p>\n<p class=\"_paragraph_o9xde_4 _paragraph_xtcu6_10 layout-component text-serif-m layout-normal text-serif-m layout-padded\"><strong class=\"_strong_o9xde_25\">\u2013 Starten p\u00e5 noe skikkelig stort.<\/strong><\/p>\n<p><img alt=\"Fra venstre pappa Kjell-Erik, Emma og mamma Gerd Anne. Et liv p\u00e5 scenen krevet god logistikk av hele familien. Etter l\u00f8rdagens \u00abMaskorama\u00bb-sending skal familien kj\u00f8re fra ogs\u00e5, og komme seg hjem i nordover.  Foto: Annemor Larsen \/ VG\" class=\"_image_qp4xg_65 layout-component layout-normal\" data-fullscreen- data-track-element-type=\"Article image fullscreen\" data-track-name=\"ImageFullscreen\" decoding=\"async\" loading=\"lazy\" height=\"4820\" itemprop=\"image\"  src=\"https:\/\/www.europesays.com\/no\/wp-content\/uploads\/2025\/12\/eb2a245e-0070-4231-95db-3d6313a62756\"  style=\"object-position:0% 0%\" width=\"7227\"\/>Fra venstre pappa Kjell-Erik, Emma og mamma Gerd Anne. Et liv p\u00e5 scenen krevet god logistikk av hele familien. Etter l\u00f8rdagens \u00abMaskorama\u00bb-sending skal familien kj\u00f8re fra ogs\u00e5, og komme seg hjem i nordover.  Foto: Annemor Larsen \/ VG<\/p>\n<p class=\"_paragraph_o9xde_4 _paragraph_xtcu6_10 layout-component text-serif-m layout-normal text-serif-m layout-padded\">VG m\u00f8ter henne i en leilighet i Oslo sentrum. Her har ogs\u00e5 br\u00f8drene bodd n\u00e5r de har jobbet i hovedstaden. B\u00e5de pappa Kjell-Erik og mamma Gerd Anne er til stede. <\/p>\n<p class=\"_paragraph_o9xde_4 _paragraph_xtcu6_10 layout-component text-serif-m layout-normal text-serif-m layout-padded\">Hun har akkurat v\u00e6rt hos fris\u00f8ren, og g\u00e5tt fra blond til m\u00f8rkere farge.<\/p>\n<p class=\"_paragraph_o9xde_4 _paragraph_xtcu6_10 layout-component text-serif-m layout-normal text-serif-m layout-padded\">\u2013 Litt Bianca Ingrosso-aktig eller? sp\u00f8r hun.<\/p>\n<p class=\"_paragraph_o9xde_4 _paragraph_xtcu6_10 layout-component text-serif-m layout-normal text-serif-m layout-padded\">Under intervjuet blir VG og Emma filmet av en kameramann, og hun har p\u00e5 seg mikrofon. Hvorfor hun filmes, og hva det er til kan hun ikke avsl\u00f8re. <\/p>\n<p class=\"_paragraph_o9xde_4 _paragraph_xtcu6_10 layout-component text-serif-m layout-normal text-serif-m layout-padded\">\u2013 Det er fortsatt litt hemmelig.<\/p>\n<p><img alt=\"Foto: Annemor Larsen \/ VG\" class=\"_image_qp4xg_65 layout-component layout-normal\" data-fullscreen- data-track-element-type=\"Article image fullscreen\" data-track-name=\"ImageFullscreen\" decoding=\"async\" loading=\"lazy\" height=\"8192\" itemprop=\"image\"  src=\"https:\/\/www.europesays.com\/no\/wp-content\/uploads\/2025\/12\/acb2c9cc-a8f5-4802-8942-fb1d1a7170e5\"  style=\"object-position:0% 0%\" width=\"5464\"\/>Foto: Annemor Larsen \/ VG<\/p>\n<p class=\"_paragraph_o9xde_4 _paragraph_xtcu6_10 layout-component text-serif-m layout-normal text-serif-m layout-padded\">I familien har hun ofte blitt kalt Lille My, karakteren fra Mummidalen. Fordi hun har v\u00e6rt bestemt og vil ha ting p\u00e5 sin m\u00e5te.<\/p>\n<p class=\"_paragraph_o9xde_4 _paragraph_xtcu6_10 layout-component text-serif-m layout-normal text-serif-m layout-padded\">\u2013 Jeg er en liten My, sier hun.<\/p>\n<p class=\"_paragraph_o9xde_4 _paragraph_xtcu6_10 layout-component text-serif-m layout-normal text-serif-m layout-padded\">Hun viser en video av at hun som et lite barn dytter en av tvillingbr\u00f8drene unna og lager en sur grimase. <\/p>\n<p class=\"_paragraph_o9xde_4 _paragraph_xtcu6_10 layout-component text-serif-m layout-normal text-serif-m layout-padded\">\u2013 Jeg er bestemt.<\/p>\n<p>Dobbeltliv<\/p>\n<p class=\"_paragraph_o9xde_4 _paragraph_xtcu6_10 layout-component text-serif-m layout-normal text-serif-m layout-padded\">Det er krevende \u00e5 kombinere artistkarrieren med et ten\u00e5ringsliv. Emma g\u00e5r andre klasse p\u00e5 videreg\u00e5ende, studiespesialisering, og har nettopp tatt mattepr\u00f8ve.<\/p>\n<p class=\"_paragraph_o9xde_4 _paragraph_xtcu6_10 layout-component text-serif-m layout-normal text-serif-m layout-padded\">I g\u00e5r sto hun igjen p\u00e5 \u00abMaskorama\u00bb-scenen under finalen.<\/p>\n<p class=\"_paragraph_o9xde_4 _paragraph_xtcu6_10 layout-component text-serif-m layout-normal text-serif-m layout-padded\">\u2013 Jeg tror folk tenker: \u00abN\u00e5r du kommer hjem, s\u00e5 f\u00e5r du fri.\u00bb Nei. Absolutt ikke.<\/p>\n<p class=\"_paragraph_o9xde_4 _paragraph_xtcu6_10 layout-component text-serif-m layout-normal text-serif-m layout-padded\">Folk misforst\u00e5r hvor lite fritid hun har.<\/p>\n<p class=\"_paragraph_o9xde_4 _paragraph_xtcu6_10 layout-component text-serif-m layout-normal text-serif-m layout-padded\">For ett \u00e5r siden m\u00f8tte VG Emma til et lengre intervju:<\/p>\n<p class=\"_paragraph_o9xde_4 _paragraph_xtcu6_10 layout-component text-serif-m layout-normal layout-padded\"><strong class=\"_strong_o9xde_25\">Les ogs\u00e5:<\/strong> <a href=\"https:\/\/www.vg.no\/i\/4BVLPq\" data-track-element-type=\"Link\" data-track-id=\"link:4BVLPq\" class=\"_link_o9xde_39\" rel=\"nofollow noopener\" target=\"_blank\">\u2013 Kommer alltid til \u00e5 v\u00e6re \u00ablilles\u00f8steren til Marcus og Martinus\u00bb <\/a><\/p>\n<p class=\"_paragraph_o9xde_4 _paragraph_xtcu6_10 layout-component text-serif-m layout-normal text-serif-m layout-padded\">N\u00e5r andre har fritid, er Emma p\u00e5 jobb. N\u00e5r hun kommer hjem fra Oslo, venter skolearbeidet som de andre elevene allerede har gjort.<\/p>\n<p class=\"_paragraph_o9xde_4 _paragraph_xtcu6_10 layout-component text-serif-m layout-normal text-serif-m layout-padded\">\u2013 Det er jo dobbelt s\u00e5 mye, forklarer hun.<\/p>\n<p class=\"_paragraph_o9xde_4 _paragraph_xtcu6_10 layout-component text-serif-m layout-normal text-serif-m layout-padded\">Hva er favorittfaget ditt?<\/p>\n<p class=\"_paragraph_o9xde_4 _paragraph_xtcu6_10 layout-component text-serif-m layout-normal text-serif-m layout-padded\">\u2013 Har folk det?<\/p>\n<p class=\"_paragraph_o9xde_4 _paragraph_xtcu6_10 layout-component text-serif-m layout-normal text-serif-m layout-padded\">Hun ler:<\/p>\n<p class=\"_paragraph_o9xde_4 _paragraph_xtcu6_10 layout-component text-serif-m layout-normal text-serif-m layout-padded\">\u2013 Kanskje sosiologi.<\/p>\n<p>Alltid p\u00e5<\/p>\n<p class=\"_paragraph_o9xde_4 _paragraph_xtcu6_10 layout-component text-serif-m layout-normal text-serif-m layout-padded\">En av de st\u00f8rste utfordringene er \u00e5 alltid m\u00e5tte v\u00e6re \u00abp\u00e5\u00bb. <\/p>\n<p class=\"_paragraph_o9xde_4 _paragraph_xtcu6_10 layout-component text-serif-m layout-normal text-serif-m layout-padded\">\u2013 Du kan liksom ikke ha en d\u00e5rlig dag i denne jobben, for da g\u00e5r det utover alle. Det er fort gjort at man kan m\u00f8te fans n\u00e5r man har en d\u00e5rlig dag, s\u00e5 tror de at \u00abdet er en d\u00e5rlig person\u00bb. S\u00e5 man m\u00e5 liksom alltid v\u00e6re p\u00e5, og ha et smil.<\/p>\n<p class=\"_paragraph_o9xde_4 _paragraph_xtcu6_10 layout-component text-serif-m layout-normal text-serif-m layout-padded\">Emma beskriver det som slitsomt \u00e5 alltid ha p\u00e5 seg en \u00abjobbmaske\u00bb.<\/p>\n<p class=\"_paragraph_o9xde_4 _paragraph_xtcu6_10 layout-component text-serif-m layout-normal text-serif-m layout-padded\">\u2013 For jeg sliter med \u00e5 skru den av n\u00e5, for jeg har v\u00e6rt p\u00e5 hele tiden en stund.<\/p>\n<p class=\"_paragraph_o9xde_4 _paragraph_xtcu6_10 layout-component text-serif-m layout-normal layout-padded\"><strong class=\"_strong_o9xde_25\">Les ogs\u00e5:<\/strong> <a href=\"https:\/\/www.vg.no\/i\/Oo9VLk\" data-track-element-type=\"Link\" data-track-id=\"link:Oo9VLk\" class=\"_link_o9xde_39\" rel=\"nofollow noopener\" target=\"_blank\">Emma Gunnarsen f\u00e5r TV-serie<\/a><\/p>\n<p class=\"_paragraph_o9xde_4 _paragraph_xtcu6_10 layout-component text-serif-m layout-normal text-serif-m layout-padded\">Det er ni \u00e5r siden lilles\u00f8ster Gunnarsen debuterte som artist med julel\u00e5ten \u00abEngler i sne\u00bb. L\u00e5ten er ogs\u00e5 hennes mest popul\u00e6re p\u00e5 Spotify, med over 17 millioner streams.<\/p>\n<p class=\"_paragraph_o9xde_4 _paragraph_xtcu6_10 layout-component text-serif-m layout-normal text-serif-m layout-padded\">I h\u00f8st skrev artisten p\u00e5 <a href=\"https:\/\/www.vg.no\/rampelys\/i\/OoRP23\/ny-platekontrakt-for-emma-gunnarsen\" data-track-element-type=\"Link\" data-track-id=\"link:OoRP23\" class=\"_link_o9xde_39\" rel=\"nofollow noopener\" target=\"_blank\">Instagram<\/a>:<\/p>\n<p class=\"_paragraph_o9xde_4 _paragraph_xtcu6_10 layout-component text-serif-m layout-normal text-serif-m layout-padded\">\u00abfinaallyyy!!! Jeg har signert med Sony Music Norway! Gleder meg s\u00e5\u00e5 mye til alt som kommer!!\u00bb.<\/p>\n<p>\u2013 S\u00e5 mye hat<\/p>\n<p class=\"_paragraph_o9xde_4 _paragraph_xtcu6_10 layout-component text-serif-m layout-normal text-serif-m layout-padded\">Som ung artist har Emma opplevd mye negativitet, spesielt p\u00e5 TikTok, forteller hun. <\/p>\n<p class=\"_paragraph_o9xde_4 _paragraph_xtcu6_10 layout-component text-serif-m layout-normal text-serif-m layout-padded\">\u2013 Det er s\u00e5 mye hat der. Det er helt sykt, sier hun.<\/p>\n<p class=\"_paragraph_o9xde_4 _paragraph_xtcu6_10 layout-component text-serif-m layout-normal text-serif-m layout-padded\">Hun mener det burde v\u00e6re en aldersgrense.<\/p>\n<p class=\"_paragraph_o9xde_4 _paragraph_xtcu6_10 layout-component text-serif-m layout-normal text-serif-m layout-padded\">\u2013 F\u00e5 aldersgrense, sett 16 \u00e5r om du m\u00e5. <\/p>\n<p><img alt=\"Her er Emma fra et intervju i VG-huset h\u00f8sten 2023.  Foto: Lars Martin Hunstad \/ VG\" class=\"_image_qp4xg_65 layout-component layout-normal\" data-fullscreen- data-track-element-type=\"Article image fullscreen\" data-track-name=\"ImageFullscreen\" decoding=\"async\" loading=\"lazy\" height=\"4928\" itemprop=\"image\"  src=\"https:\/\/www.europesays.com\/no\/wp-content\/uploads\/2025\/12\/edabe910-26da-48ec-83d9-9565ee6fbc36\"  style=\"object-position:48.938041125541126% 31.128246753246753%\" width=\"7392\"\/>Her er Emma fra et intervju i VG-huset h\u00f8sten 2023.  Foto: Lars Martin Hunstad \/ VGMisforst\u00e5elser<\/p>\n<p class=\"_paragraph_o9xde_4 _paragraph_xtcu6_10 layout-component text-serif-m layout-normal text-serif-m layout-padded\">En ting som frustrerer Emma, er hvordan folk oppfatter henne.<\/p>\n<p class=\"_paragraph_o9xde_4 _paragraph_xtcu6_10 layout-component text-serif-m layout-normal text-serif-m layout-padded\">\u2013 At jeg ikke er ydmyk. At jeg kanskje er litt s\u00e5nn &#8230; Kan jeg si ordet \u00abcocky\u00bb? At folk tror jeg er det. At jeg er h\u00f8y p\u00e5 meg selv, tror jeg er \u00aball that\u00bb. Men jeg skal love deg en ting: At jeg er kanskje den mest ydmyke personen du kan m\u00f8te.<\/p>\n<p class=\"_paragraph_o9xde_4 _paragraph_xtcu6_10 layout-component text-serif-m layout-normal text-serif-m layout-padded\">Hun innser ironien i \u00e5 kalle seg selv ydmyk.<\/p>\n<p class=\"_paragraph_o9xde_4 _paragraph_xtcu6_10 layout-component text-serif-m layout-normal text-serif-m layout-padded\">\u2013 Det er ikke s\u00e5 ydmykt av meg \u00e5 si, men &#8230;<\/p>\n<p class=\"_paragraph_o9xde_4 _paragraph_xtcu6_10 layout-component text-serif-m layout-normal layout-padded\"><strong class=\"_strong_o9xde_25\">Les ogs\u00e5:<\/strong> <a href=\"https:\/\/www.vg.no\/i\/63WPM0\" data-track-element-type=\"Link\" data-track-id=\"link:63WPM0\" class=\"_link_o9xde_39\" rel=\"nofollow noopener\" target=\"_blank\">&#8211; Jeg har p\u00e5 en m\u00e5te valgt bort henne<\/a><\/p>\n<p class=\"_paragraph_o9xde_4 _paragraph_xtcu6_10 layout-component text-serif-m layout-normal text-serif-m layout-padded\"><strong class=\"_strong_o9xde_25\">Men hun har l\u00e6rt seg \u00e5 h\u00e5ndtere kritikken p\u00e5 sin egen m\u00e5te.<\/strong><\/p>\n<p class=\"_paragraph_o9xde_4 _paragraph_xtcu6_10 layout-component text-serif-m layout-normal text-serif-m layout-padded\">\u2013 Til slutt s\u00e5 st\u00e5r jeg p\u00e5 en scene, og du er i senga p\u00e5 rommet ditt. Jeg tenker s\u00e5nn hele tida, sier hun om hatkommentarene.<\/p>\n<p>Internasjonal oppmerksomhet<\/p>\n<p class=\"_paragraph_o9xde_4 _paragraph_xtcu6_10 layout-component text-serif-m layout-normal text-serif-m layout-padded\">Emmas popularitet strekker seg langt utenfor Norge. Hun har fans i Tsjekkia, Sverige, Tyskland, Danmark, Bulgaria, Finland og USA.<\/p>\n<p class=\"_paragraph_o9xde_4 _paragraph_xtcu6_10 layout-component text-serif-m layout-normal text-serif-m layout-padded\">\u2013 Overalt, egentlig, sier hun.<\/p>\n<p class=\"_paragraph_o9xde_4 _paragraph_xtcu6_10 layout-component text-serif-m layout-normal text-serif-m layout-padded\">Hun h\u00e5per flere tar veien til Oslo for hennes store konsert.<\/p>\n<p><img alt=\"Capow, 2G og Emma Gunnarsen p\u00e5 r\u00f8d l\u00f8per f\u00f8r VG-lista i Oslo 2023. Artistene har l\u00e5ten \u00abAlt Jeg Ser\u00bb sammen.   Foto: Hanna Johre \/ VG\" class=\"_image_qp4xg_65 layout-component layout-normal\" data-fullscreen- data-track-element-type=\"Article image fullscreen\" data-track-name=\"ImageFullscreen\" decoding=\"async\" loading=\"lazy\" height=\"1366\" itemprop=\"image\"  src=\"https:\/\/www.europesays.com\/no\/wp-content\/uploads\/2025\/12\/97496d9e-b95a-47ba-90c2-21715f4f9ba8\"  style=\"object-position:49.951171875% 39.05563689604685%\" width=\"2048\"\/>Capow, 2G og Emma Gunnarsen p\u00e5 r\u00f8d l\u00f8per f\u00f8r VG-lista i Oslo 2023. Artistene har l\u00e5ten \u00abAlt Jeg Ser\u00bb sammen.   Foto: Hanna Johre \/ VG<\/p>\n<p class=\"_paragraph_o9xde_4 _paragraph_xtcu6_10 layout-component text-serif-m layout-normal text-serif-m layout-padded\">N\u00e5r hun blir spurt om hvilken l\u00e5t som beskriver henne akkurat n\u00e5, velger hun \u00abMillion\u00bb av sin egen musikk, og \u00abPretty Ugly\u00bb av Zara Larsson som sin favoritt for \u00f8yeblikket.<\/p>\n<p class=\"_paragraph_o9xde_4 _paragraph_xtcu6_10 layout-component text-serif-m layout-normal text-serif-m layout-padded\">\u2013 Den er s\u00e5 kul. Hun synger: \u00abHave you ever seen a pretty girl get ugly like this?\u00bb Jeg elsker den sangen. Den er perfekt. Den er meg.<\/p>\n","protected":false},"excerpt":{"rendered":"Emma Gunnarsen skal ha sin st\u00f8rste konsert noensinne: Oslo Spektrum 6. desember 2026. Hun kombinerer videreg\u00e5ende skole hjemme&hellip;\n","protected":false},"author":2,"featured_media":112939,"comment_status":"","ping_status":"","sticky":false,"template":"","format":"standard","meta":{"footnotes":""},"categories":[58],"tags":[2694,11204,71,155,30,28,29,636,9709,72],"class_list":{"0":"post-112938","1":"post","2":"type-post","3":"status-publish","4":"format-standard","5":"has-post-thumbnail","7":"category-underholdning","8":"tag-artist","9":"tag-emma-gunnarsen","10":"tag-entertainment","11":"tag-konsert","12":"tag-no","13":"tag-norge","14":"tag-norway","15":"tag-oslo","16":"tag-oslo-spektrum","17":"tag-underholdning"},"share_on_mastodon":{"url":"https:\/\/pubeurope.com\/@no\/115717885725166036","error":""},"_links":{"self":[{"href":"https:\/\/www.europesays.com\/no\/wp-json\/wp\/v2\/posts\/112938","targetHints":{"allow":["GET"]}}],"collection":[{"href":"https:\/\/www.europesays.com\/no\/wp-json\/wp\/v2\/posts"}],"about":[{"href":"https:\/\/www.europesays.com\/no\/wp-json\/wp\/v2\/types\/post"}],"author":[{"embeddable":true,"href":"https:\/\/www.europesays.com\/no\/wp-json\/wp\/v2\/users\/2"}],"replies":[{"embeddable":true,"href":"https:\/\/www.europesays.com\/no\/wp-json\/wp\/v2\/comments?post=112938"}],"version-history":[{"count":0,"href":"https:\/\/www.europesays.com\/no\/wp-json\/wp\/v2\/posts\/112938\/revisions"}],"wp:featuredmedia":[{"embeddable":true,"href":"https:\/\/www.europesays.com\/no\/wp-json\/wp\/v2\/media\/112939"}],"wp:attachment":[{"href":"https:\/\/www.europesays.com\/no\/wp-json\/wp\/v2\/media?parent=112938"}],"wp:term":[{"taxonomy":"category","embeddable":true,"href":"https:\/\/www.europesays.com\/no\/wp-json\/wp\/v2\/categories?post=112938"},{"taxonomy":"post_tag","embeddable":true,"href":"https:\/\/www.europesays.com\/no\/wp-json\/wp\/v2\/tags?post=112938"}],"curies":[{"name":"wp","href":"https:\/\/api.w.org\/{rel}","templated":true}]}}