{"id":112940,"date":"2025-12-14T12:21:19","date_gmt":"2025-12-14T12:21:19","guid":{"rendered":"https:\/\/www.europesays.com\/no\/112940\/"},"modified":"2025-12-14T12:21:19","modified_gmt":"2025-12-14T12:21:19","slug":"eu-splitter-seg-i-tre-nar-det-gjelder-a-stjele-russiske-eiendeler","status":"publish","type":"post","link":"https:\/\/www.europesays.com\/no\/112940\/","title":{"rendered":"EU splitter seg i tre n\u00e5r det gjelder \u00e5 stjele russiske eiendeler"},"content":{"rendered":"<p>            <img loading=\"lazy\" decoding=\"async\" width=\"696\" height=\"392\" class=\"entry-thumb\" src=\"https:\/\/www.europesays.com\/no\/wp-content\/uploads\/2025\/12\/orban-krigserklaering.jpg\"   alt=\"\" title=\"orban krigserkl\u00e6ring\"\/>Viktor Orb\u00e1n ford\u00f8mmer EUs vedtak om \u00e5 stjele de russiske eiendelene.<\/p>\n<p>\u00abI samarbeidets \u00e5nd\u00bb stemte Belgia, Bulgaria, Italia og Malta \u00abja\u00bb til den ubestemte frysingen av russiske eiendeler, \u00abmen de presiserer at denne avstemningen under ingen omstendigheter foregriper avgj\u00f8relsen om mulig bruk av frosne russiske eiendeler, som m\u00e5 tas p\u00e5 lederniv\u00e5 og ikke utgj\u00f8r en presedens innen felles utenriks- og sikkerhetspolitikk\u00bb. Dette skriver den italienske regionsavisa <a href=\"https:\/\/www.altoadige.it\/italia-mondo\/italia-e-3-paesi-ue-s%C3%AC-al-blocco-degli-asset-non-ne-determina-l-uso-1.4246616\" rel=\"nofollow noopener\" target=\"_blank\">Altoadige<\/a>.<\/p>\n<p>EU-kommisjonen og land som Tyskland og Frankrike g\u00e5r inn for \u00e5 stjele de frosne russiske eiendelene og bruke dem til \u00e5 finansiere fortsatt krig i Ukraina. <\/p>\n<p>To land er kategorisk imot dette, nemlig Ungarn og Slovakia.<\/p>\n<p>Ungarn (under Viktor Orb\u00e1n) har v\u00e6rt ekstremt kritisk: Orb\u00e1n har kalt bruken av eiendelene for en \u00abdeklarasjon av krig\u00bb, anklaget EU for \u00e5 \u00abvoldta europeisk lov\u00bb ved \u00e5 bruke flertallsavstemning for \u00e5 omg\u00e5 veto, og protestert sterkt mot b\u00e5de permanent frysing og enhver bruk til Ukraina. De ser det som ulovlig konfiskering og har truet med rettslige skritt.<\/p>\n<p>Slovakia (under Robert Fico) st\u00e5r p\u00e5 samme linje: De har motsatt seg mer milit\u00e6r og finansiell st\u00f8tte til Ukraina generelt, og stemte imot permanent frysing. Fico har argumentert at \u00e5 finansiere Ukrainas milit\u00e6re behov forlenger krigen.<\/p>\n<p>I en sak som dette kreves det enstemmighet i EU, men kommisjonen velger \u00e5 legge egne prinsipper til side for \u00e5 hindre Ungarn og Slovakia i \u00e5 legge ned veto.<\/p>\n<p>Belgia, Bulgaria, Italia og Malta har alts\u00e5 valgt en mellomposisjon. De er ikke s\u00e5 prinsipielle i kritikken, men de bemerker at det \u00e5 p\u00e5berope seg artikkel 122, forbudet mot overf\u00f8ring av russiske eiendeler, \u00abinneb\u00e6rer juridiske, \u00f8konomiske, prosedyremessige og institusjonelle konsekvenser som kan g\u00e5 langt utover denne spesifikke saka\u00bb.<\/p>\n<p>Av denne grunn mener de fire landene \u00abat denne avgj\u00f8relsen burde ha blitt dr\u00f8ftet av Det europeiske r\u00e5d f\u00f8r r\u00e5det vedtok en endelig avgj\u00f8relse, etter og i samsvar med konklusjonene om Ukraina som ble vedtatt den gang\u00bb. <\/p>\n<blockquote class=\"twitter-tweet\" data-width=\"550\" data-dnt=\"true\">\n<p lang=\"en\" dir=\"ltr\">\u274c Bypassing Hungary and raping European law in broad daylight, the Brusselians are making moves to seize frozen Russian assets \u2013 a declaration of war. Meanwhile, they demand \u20ac135 billion more from member states to fuel the conflict. Hungary will not play along in this twisted\u2026 <a href=\"https:\/\/t.co\/u1voxmoD32\" rel=\"nofollow\">pic.twitter.com\/u1voxmoD32<\/a><\/p>\n<p>\u2014 Orb\u00e1n Viktor (@PM_ViktorOrban) <a href=\"https:\/\/twitter.com\/PM_ViktorOrban\/status\/1999927122324779242?ref_src=twsrc%5Etfw\" rel=\"nofollow noopener\" target=\"_blank\">December 13, 2025<\/a><\/p><\/blockquote>\n<p>Viktor Orb\u00e1n fortsetter kampen mot vedtaket<\/p>\n<p>Orb\u00e1n har g\u00e5tt hardt ut mot EUs beslutning om permanent frysing av russiske sentralbankeiendeler (ca. 210 milliarder euro), som ble vedtatt 12. desember med kvalifisert flertall (25 ja, Ungarn og Slovakia nei). Han ser dette som et brudd p\u00e5 enstemmighetsprinsippet og et skritt mot direkte bruk av midlene til Ukraina-st\u00f8tte. Noen av hans sterkeste sitater fra de siste dagene (hovedsakelig fra X\/Facebook og intervjuer):<\/p>\n<ul class=\"wp-block-list\">\n<li>\u00abBrussel krysset Rubicon i dag\u00bb \u2013 han sammenligner det med et punkt uten retur.<\/li>\n<li>\u00abEU-kommisjonen driver systematisk voldtekt mot europeisk lov\u00bb (dette har blitt mye sitert, inkludert i norske medier som Dagbladet: \u00abBrussel voldtar loven\u00bb).<\/li>\n<li>\u00abThe rule of law in the European Union comes to an end, and Europe\u2019s leaders are placing themselves above the rules\u00bb.<\/li>\n<li>Sterkest: Han har kalt bruken av eiendelene for en \u00abkrigserkl\u00e6ring\u00bb mot Russland \u2013 \u00ab\u00c5 beslaglegge hundrevis av milliarder fra en stat har aldri i historien v\u00e6rt gjennomf\u00f8rt uten \u00e5 bli besvart\u00bb. Han advarer om at det kan forlenge krigen og sabotere amerikanske fredsinitiativer (som involverer bruk av midlene til gjenoppbygging).<\/li>\n<\/ul>\n<p>Orb\u00e1n sier Ungarn vil gj\u00f8re alt for \u00e5 \u00abgjenopprette en lovlig orden\u00bb og blokkere videre bruk. Han har ogs\u00e5 kritisert navngitte ledere som von der Leyen, Merz og Weber personlig.<\/p>\n<p>Denne saka viser at EU allerede er i ferd med \u00e5 splitte seg opp i fraksjoner og at enhetens tid er over.<\/p>\n<p>Russland g\u00e5r til mottiltak<\/p>\n<p><a href=\"https:\/\/eu.news-pravda.com\/russia\/2025\/12\/13\/146090.html\" rel=\"nofollow noopener\" target=\"_blank\">Maria Zakharova<\/a> (utenriksdepartementets talsperson) kalte initiativtakerne for \u00abnaperstochiki\u00bb (svindlere\/thimbleriggers) og sa at \u00abv\u00e5rt svar vil ikke la vente p\u00e5 seg\u00bb. Hun refererte til Bank of Russias erkl\u00e6ring og understreket at konkrete tiltak allerede iverksettes. Hun anklaget EU for \u00e5 underminere fredsinitiativer (f.eks. fra Trump) og bryte internasjonal rett.<\/p>\n<p><a href=\"https:\/\/www.themoscowtimes.com\/2025\/12\/12\/russian-central-bank-sues-euroclear-as-eu-advances-plan-to-tap-frozen-assets-for-ukraine-a91416\" rel=\"nofollow noopener\" target=\"_blank\">Bank of Russia <\/a>(sentralbanken) har g\u00e5tt til rettslige skritt: De har saks\u00f8kt Euroclear (som holder mesteparten av eiendelene) i en Moskva-domstol for \u00e5 kreve erstatning for tap og ulovlig blokkering. De truer med \u00e5 utfordre enhver bruk av eiendelene i russiske domstoler, utenlandske jurisdiksjoner og internasjonale tribunaler. De kaller hele planen \u00abulovlig\u00bb og et brudd p\u00e5 suveren immunitet.<\/p>\n<p>Kreml, via Dmitrij Peskov, har kalt det \u00abtjuveri\u00bb og advart om gjengjeldelse.<\/p>\n<p>        <script async src=\"https:\/\/platform.twitter.com\/widgets.js\" charset=\"utf-8\"><\/script><\/p>\n","protected":false},"excerpt":{"rendered":"Viktor Orb\u00e1n ford\u00f8mmer EUs vedtak om \u00e5 stjele de russiske eiendelene. \u00abI samarbeidets \u00e5nd\u00bb stemte Belgia, Bulgaria, Italia&hellip;\n","protected":false},"author":2,"featured_media":112941,"comment_status":"","ping_status":"","sticky":false,"template":"","format":"standard","meta":{"footnotes":""},"categories":[12],"tags":[20,21,24,25,15,22,23,13,30,28,29,14,16,26,27,42,43,44,45],"class_list":{"0":"post-112940","1":"post","2":"type-post","3":"status-publish","4":"format-standard","5":"has-post-thumbnail","7":"category-verden","8":"tag-breaking-news","9":"tag-breakingnews","10":"tag-featured-news","11":"tag-featurednews","12":"tag-headlines","13":"tag-latest-news","14":"tag-latestnews","15":"tag-news","16":"tag-no","17":"tag-norge","18":"tag-norway","19":"tag-nyheter","20":"tag-overskrifter","21":"tag-top-stories","22":"tag-topstories","23":"tag-verden","24":"tag-world","25":"tag-world-news","26":"tag-worldnews"},"share_on_mastodon":{"url":"https:\/\/pubeurope.com\/@no\/115717897553978597","error":""},"_links":{"self":[{"href":"https:\/\/www.europesays.com\/no\/wp-json\/wp\/v2\/posts\/112940","targetHints":{"allow":["GET"]}}],"collection":[{"href":"https:\/\/www.europesays.com\/no\/wp-json\/wp\/v2\/posts"}],"about":[{"href":"https:\/\/www.europesays.com\/no\/wp-json\/wp\/v2\/types\/post"}],"author":[{"embeddable":true,"href":"https:\/\/www.europesays.com\/no\/wp-json\/wp\/v2\/users\/2"}],"replies":[{"embeddable":true,"href":"https:\/\/www.europesays.com\/no\/wp-json\/wp\/v2\/comments?post=112940"}],"version-history":[{"count":0,"href":"https:\/\/www.europesays.com\/no\/wp-json\/wp\/v2\/posts\/112940\/revisions"}],"wp:featuredmedia":[{"embeddable":true,"href":"https:\/\/www.europesays.com\/no\/wp-json\/wp\/v2\/media\/112941"}],"wp:attachment":[{"href":"https:\/\/www.europesays.com\/no\/wp-json\/wp\/v2\/media?parent=112940"}],"wp:term":[{"taxonomy":"category","embeddable":true,"href":"https:\/\/www.europesays.com\/no\/wp-json\/wp\/v2\/categories?post=112940"},{"taxonomy":"post_tag","embeddable":true,"href":"https:\/\/www.europesays.com\/no\/wp-json\/wp\/v2\/tags?post=112940"}],"curies":[{"name":"wp","href":"https:\/\/api.w.org\/{rel}","templated":true}]}}