{"id":112953,"date":"2025-12-14T12:54:10","date_gmt":"2025-12-14T12:54:10","guid":{"rendered":"https:\/\/www.europesays.com\/no\/112953\/"},"modified":"2025-12-14T12:54:10","modified_gmt":"2025-12-14T12:54:10","slug":"skiskytterherrene-med-ny-stafettseier-frankrike-utklasset-etter-laegreid-jafs","status":"publish","type":"post","link":"https:\/\/www.europesays.com\/no\/112953\/","title":{"rendered":"Skiskytterherrene med ny stafettseier \u2013 Frankrike utklasset etter L\u00e6greid-jafs"},"content":{"rendered":"\n<p class=\"_lead_o9xde_2 _lead_xtcu6_50 layout-component text-serif-m layout-normal text-serif-l layout-component layout-wide layout-padded _wide_17hqh_1 layout-padded\">De norske skiskytterherrene st\u00e5r med to triumfer p\u00e5 to fors\u00f8k i stafetter foran OL i Italia.<\/p>\n<ul class=\"_gallery_1qa3s_23\" tabindex=\"0\">\n<li class=\"_item_1qa3s_37\" data-index=\"0\"><img fetchpriority=\"high\" decoding=\"async\" class=\"_image_foru8_23 _introGallery_foru8_43\" data-fullscreen- width=\"7680\" height=\"5120\" itemprop=\"image\" loading=\"eager\"  src=\"https:\/\/www.europesays.com\/no\/wp-content\/uploads\/2025\/12\/e8e83558-185d-4b33-ab6b-6bb66a7152d8\"  style=\"object-position:50% 50%;aspect-ratio:var(--gallery-aspect-ratio, 16 \/ 9)\"\/>Vetle Sj\u00e5stad Christiansen (f.v.), Sturla Holm L\u00e6greid, Johan-Olav Sm\u00f8rdal Botn og Johannes Dale-Skjevdal gjorde en prikkfri stafett i \u00d8sterrike.  Foto: Matthias Schrader \/ AP \/ NTB<\/li>\n<li class=\"_item_1qa3s_37\" data-index=\"1\"><img decoding=\"async\" class=\"_image_foru8_23 _introGallery_foru8_43\" data-fullscreen- width=\"8302\" height=\"5535\" itemprop=\"image\" loading=\"lazy\"  src=\"https:\/\/www.europesays.com\/no\/wp-content\/uploads\/2025\/12\/a6837700-7ca6-47b7-ac33-b344204ef4e2\"  style=\"object-position:50% 50%;aspect-ratio:var(--gallery-aspect-ratio, 16 \/ 9)\"\/>Johannes Dale-Skjevdal gikk en trygg og god \u00e5pningsetappe for Norge.  Foto: Matthias Schrader \/ AP \/ NTB<\/li>\n<li class=\"_item_1qa3s_37\" data-index=\"2\"><img decoding=\"async\" class=\"_image_foru8_23 _introGallery_foru8_43\" data-fullscreen- width=\"6000\" height=\"4000\" itemprop=\"image\" loading=\"lazy\"  src=\"https:\/\/www.europesays.com\/no\/wp-content\/uploads\/2025\/12\/23506afa-5757-4a7e-b19e-c8ccd44d8a57\"  style=\"object-position:50% 50%;aspect-ratio:var(--gallery-aspect-ratio, 16 \/ 9)\"\/>Sturla Holm L\u00e6greid var i kjempeform p\u00e5 stafetten i Hochfilzen.<br \/>\nFoto: Geir Olsen \/ NTB<\/li>\n<\/ul>\n<p>Vetle Sj\u00e5stad Christiansen (f.v.), Sturla Holm L\u00e6greid, Johan-Olav Sm\u00f8rdal Botn og Johannes Dale-Skjevdal gjorde en prikkfri stafett i \u00d8sterrike.  Foto: Matthias Schrader \/ AP \/ NTB<\/p>\n<ul aria-hidden=\"true\" class=\"_images_ntbth_112\">\n<li><a class=\"_link_ntbth_117\" href=\"https:\/\/www.vg.no\/forfatter\/ntb\" style=\"z-index:1\" title=\"NTB\" rel=\"nofollow noopener\" target=\"_blank\"><img alt=\"Bilde av NTB\" class=\"_image_ntbth_93\" fetchpriority=\"low\" loading=\"lazy\" decoding=\"async\" itemprop=\"image\"  src=\"https:\/\/www.europesays.com\/no\/wp-content\/uploads\/2025\/12\/1765716850_295_c33980b0-5d07-4027-84a1-813f90a7c8d6\"  width=\"480\"\/><\/a><\/li>\n<\/ul>\n<p> Oppdatert s\u00f8ndag 14. desember kl. 13:36     <\/p>\n<p class=\"_paragraph_o9xde_4 _paragraph_xtcu6_10 layout-component text-serif-m layout-normal text-serif-m layout-padded\">S\u00f8ndag ble det overlegen triumf til Johannes Dale-Skjevdal, Johan-Olav Sm\u00f8rdal Botn, Sturla Holm L\u00e6greid og Vetle Sj\u00e5stad Christiansen i Hochfilzen.<\/p>\n<p class=\"_paragraph_o9xde_4 _paragraph_xtcu6_10 layout-component text-serif-m layout-normal text-serif-m layout-padded\">Det som begynte som en intens duell mot Frankrike utviklet seg p\u00e5 tredje etappe til \u00e5 bli knusing. L\u00e6greid var suveren mot en Quentin Fillon Maillet som tilsynelatende var ute av from, og stafetten ble avgjort der.<\/p>\n<p class=\"_paragraph_o9xde_4 _paragraph_xtcu6_10 layout-component text-serif-m layout-normal text-serif-m layout-padded\">Ankermann Christiansen fikk en grei jobb med \u00e5 dra seieren i land. Han innfridde p\u00e5 standplass og holdt en solid luke til den formsterke franskmannen \u00c9ric Perrot.<\/p>\n<p class=\"_paragraph_o9xde_4 _paragraph_xtcu6_10 layout-component text-serif-m layout-normal text-serif-m layout-padded\">Totalt trengte nordmennene kun tre ekstraskudd, noe som m\u00e5 sies \u00e5 v\u00e6re sv\u00e6rt godkjent p\u00e5 en stafett. Frankrike (\u00e5tte ekstraskudd) ble sl\u00e5tt med 43,1 sekunder, mens Sverige (ni ekstraskudd) var over minuttet bak Norge.<\/p>\n<p class=\"_paragraph_o9xde_4 _paragraph_xtcu6_10 layout-component text-serif-m layout-normal text-serif-m layout-padded\">Det skal g\u00e5s fire stafetter i verdenscupen f\u00f8r OL. Norge har vunnet i \u00d6stersund og Hochfilzen, mens det gjenst\u00e5r slike l\u00f8p i Oberhof og Ruhpolding.<\/p>\n<p>Solid start<\/p>\n<p class=\"_paragraph_o9xde_4 _paragraph_xtcu6_10 layout-component text-serif-m layout-normal text-serif-m layout-padded\">Dale-Skjevdal startet s\u00f8ndagens stafett for Norge og gjorde det han skulle. Han bommet \u00e9n gang p\u00e5 st\u00e5ende skyting, men det gjorde ogs\u00e5 Frankrikes Fabien Claude, og Dale-Skjevdal vekslet i tet med franskmannen i rygg.<\/p>\n<p class=\"_paragraph_o9xde_4 _paragraph_xtcu6_10 layout-component text-serif-m layout-normal text-serif-m layout-padded\">\u2013 Det var veldig g\u00f8y \u00e5 f\u00e5 g\u00e5 en stafett igjen. Det var faktisk litt viktig for meg \u00e5 vise at jeg takler en stafettetappe, og det f\u00f8lte jeg at jeg taklet bra i dag, sa Dale-Skjevdal til TV 2.<\/p>\n<p class=\"_paragraph_o9xde_4 _paragraph_xtcu6_10 layout-component text-serif-m layout-normal text-serif-m layout-padded\"><a href=\"https:\/\/www.vg.no\/tag\/johan-olav-botn?utm_source=vg-article&amp;utm_medium=auto-tagger&amp;utm_campaign=16k9PG\" class=\"_link_o9xde_39\" rel=\"nofollow noopener\" target=\"_blank\">Johan-Olav Botn<\/a> er i kjempeform, men ble utfordret av \u00c9milien Jacquelin, som gikk enormt raskt p\u00e5 etappe to.<\/p>\n<p class=\"_paragraph_o9xde_4 _paragraph_xtcu6_10 layout-component text-serif-m layout-normal text-serif-m layout-padded\">Franskmannen parkerte Botn underveis, men brukte ett ekstraskudd mer enn nordfjordingen, og ved vekslingen skilte det bare halvsekundet i fransk fav\u00f8r.<\/p>\n<p>L\u00e6greid dro ifra<\/p>\n<p class=\"_paragraph_o9xde_4 _paragraph_xtcu6_10 layout-component text-serif-m layout-normal text-serif-m layout-padded\">P\u00e5 dette tidspunktet var n\u00e6rmeste nasjon, Italia, allerede minuttet bak tetduellantene.<\/p>\n<p class=\"_paragraph_o9xde_4 _paragraph_xtcu6_10 layout-component text-serif-m layout-normal text-serif-m layout-padded\">\u2013 Det er litt morsomt \u00e5 g\u00e5 med Jacquelin. Du m\u00e5 liksom alltid anta at han kan stivne. Jeg skj\u00f8nte ganske tidlig p\u00e5 annenrunden at han g\u00e5r altfor fort, og jeg pr\u00f8vde \u00e5 ikke bli altfor gira p\u00e5 \u00e5 spille hans spill. S\u00e5 jeg roet ned, og det fungerte greit, sa Botn.<\/p>\n<p class=\"_paragraph_o9xde_4 _paragraph_xtcu6_10 layout-component text-serif-m layout-normal text-serif-m layout-padded\">L\u00e6greid trykket til fra start p\u00e5 tredjeetappen, og med feilfri liggende skyting skaffet han seg raskt en luke p\u00e5 20 sekunder.<\/p>\n<p class=\"_paragraph_o9xde_4 _paragraph_xtcu6_10 layout-component text-serif-m layout-normal text-serif-m layout-padded\">P\u00e5 st\u00e5ende trengte L\u00e6greid ett ekstraskudd, men forspranget til franskmannen var likevel \u00f8kt til 35,9 sekunder. Ved veksling sendte han ankermann Christiansen ut med 53 sekunders luke til Perrot.<\/p>\n<p class=\"_paragraph_o9xde_4 _paragraph_xtcu6_10 layout-component text-serif-m layout-normal text-serif-m layout-padded\">\u2013 Veldig, veldig forn\u00f8yd. Det er som om det har l\u00f8snet en propp i systemet. Mye bedre fysisk i dag, sa b\u00e6ringen.<\/p>\n","protected":false},"excerpt":{"rendered":"De norske skiskytterherrene st\u00e5r med to triumfer p\u00e5 to fors\u00f8k i stafetter foran OL i Italia. Vetle Sj\u00e5stad&hellip;\n","protected":false},"author":2,"featured_media":112954,"comment_status":"","ping_status":"","sticky":false,"template":"","format":"standard","meta":{"footnotes":""},"categories":[5],"tags":[20,21,24,25,15,19,13252,12901,11622,22,23,17,18,13,30,28,29,14,16,769,676,26,27,678,399],"class_list":{"0":"post-112953","1":"post","2":"type-post","3":"status-publish","4":"format-standard","5":"has-post-thumbnail","7":"category-overskrifter","8":"tag-breaking-news","9":"tag-breakingnews","10":"tag-featured-news","11":"tag-featurednews","12":"tag-headlines","13":"tag-hovedoppslag","14":"tag-johan-olav-botn","15":"tag-johan-olav-smordal-botn","16":"tag-johannes-dale","17":"tag-latest-news","18":"tag-latestnews","19":"tag-main-news","20":"tag-mainnews","21":"tag-news","22":"tag-no","23":"tag-norge","24":"tag-norway","25":"tag-nyheter","26":"tag-overskrifter","27":"tag-skiskyting","28":"tag-sturla-holm-laegreid","29":"tag-top-stories","30":"tag-topstories","31":"tag-vetle-sjastad-christiansen","32":"tag-vintersport"},"share_on_mastodon":{"url":"https:\/\/pubeurope.com\/@no\/115718027164112284","error":""},"_links":{"self":[{"href":"https:\/\/www.europesays.com\/no\/wp-json\/wp\/v2\/posts\/112953","targetHints":{"allow":["GET"]}}],"collection":[{"href":"https:\/\/www.europesays.com\/no\/wp-json\/wp\/v2\/posts"}],"about":[{"href":"https:\/\/www.europesays.com\/no\/wp-json\/wp\/v2\/types\/post"}],"author":[{"embeddable":true,"href":"https:\/\/www.europesays.com\/no\/wp-json\/wp\/v2\/users\/2"}],"replies":[{"embeddable":true,"href":"https:\/\/www.europesays.com\/no\/wp-json\/wp\/v2\/comments?post=112953"}],"version-history":[{"count":0,"href":"https:\/\/www.europesays.com\/no\/wp-json\/wp\/v2\/posts\/112953\/revisions"}],"wp:featuredmedia":[{"embeddable":true,"href":"https:\/\/www.europesays.com\/no\/wp-json\/wp\/v2\/media\/112954"}],"wp:attachment":[{"href":"https:\/\/www.europesays.com\/no\/wp-json\/wp\/v2\/media?parent=112953"}],"wp:term":[{"taxonomy":"category","embeddable":true,"href":"https:\/\/www.europesays.com\/no\/wp-json\/wp\/v2\/categories?post=112953"},{"taxonomy":"post_tag","embeddable":true,"href":"https:\/\/www.europesays.com\/no\/wp-json\/wp\/v2\/tags?post=112953"}],"curies":[{"name":"wp","href":"https:\/\/api.w.org\/{rel}","templated":true}]}}