{"id":112967,"date":"2025-12-14T13:17:11","date_gmt":"2025-12-14T13:17:11","guid":{"rendered":"https:\/\/www.europesays.com\/no\/112967\/"},"modified":"2025-12-14T13:17:11","modified_gmt":"2025-12-14T13:17:11","slug":"timon-haugan-vant-slalamen-i-val-disere-henrik-kristoffersen-nummer-tre","status":"publish","type":"post","link":"https:\/\/www.europesays.com\/no\/112967\/","title":{"rendered":"Timon Haugan vant slal\u00e5men i Val d\u2019Is\u00e8re \u2013 Henrik Kristoffersen nummer tre"},"content":{"rendered":"\n<p class=\"_lead_o9xde_2 _lead_xtcu6_50 layout-component text-serif-m layout-normal text-serif-l layout-component layout-wide layout-padded _wide_17hqh_1 layout-padded\">Dobbelt norsk p\u00e5 pallen i Val-d&#8217;Is\u00e8re da Haugan tok sesongens f\u00f8rste seier.<\/p>\n<p> <img class=\"_image_qp4xg_65 layout-component layout-wide\" data-fullscreen- data-track-element-type=\"Article image fullscreen\" data-track-name=\"ImageFullscreen\" fetchpriority=\"high\" decoding=\"sync\" loading=\"eager\" height=\"102\" itemprop=\"image\"  src=\"https:\/\/www.europesays.com\/no\/wp-content\/uploads\/2025\/12\/6d677bd8983ddd938411fc28a08a4b33.jpg\"  style=\"object-position:50% 50%;aspect-ratio:1.75;height:auto;object-fit:cover;width:100%\" width=\"102\"\/>  <\/p>\n<ul aria-hidden=\"true\" class=\"_images_ntbth_112\">\n<li><a class=\"_link_ntbth_117\" href=\"https:\/\/www.vg.no\/forfatter\/mads-thygesen\" style=\"z-index:1\" title=\"Mads Thygesen\" rel=\"nofollow noopener\" target=\"_blank\"><img alt=\"Bilde av Mads Thygesen\" class=\"_image_ntbth_93\" fetchpriority=\"low\" loading=\"lazy\" decoding=\"async\" itemprop=\"image\"  src=\"https:\/\/www.europesays.com\/no\/wp-content\/uploads\/2025\/12\/1765718231_449_d82576b6-c31c-43fc-a223-28ce8745295c\"  width=\"480\"\/><\/a><\/li>\n<\/ul>\n<p> Oppdatert s\u00f8ndag 14. desember kl. 14:07     <\/p>\n<p class=\"_paragraph_o9xde_4 _paragraph_xtcu6_10 layout-component text-serif-m layout-normal text-serif-m layout-padded\">Kun sveitsiske Lo\u00efc Meillard kj\u00f8rte bedre enn Timon Haugan, <a href=\"https:\/\/www.vg.no\/tag\/henrik-kristoffersen?utm_source=vg-article&amp;utm_medium=auto-tagger&amp;utm_campaign=pB6eg6\" class=\"_link_o9xde_39\" rel=\"nofollow noopener\" target=\"_blank\">Henrik Kristoffersen<\/a>, Atle Lie McGrath og Lucas Pinheiro Braathen i den f\u00f8rste omgangen i Frankrike.<\/p>\n<p class=\"_paragraph_o9xde_4 _paragraph_xtcu6_10 layout-component text-serif-m layout-normal text-serif-m layout-padded\">Dermed var det sveitseren som hadde alt alene da alt skulle avgj\u00f8res. Meillard var siste man som sto igjen, men var ikke raskere enn Timon Haugan.<\/p>\n<p class=\"_paragraph_o9xde_4 _paragraph_xtcu6_10 layout-component text-serif-m layout-normal text-serif-m layout-padded\">Oppdal-gutten har slitt mye med ryggplager, men sier han ikke kjente noe til det etter rennet.<\/p>\n<p class=\"_paragraph_o9xde_4 _paragraph_xtcu6_10 layout-component text-serif-m layout-normal text-serif-m layout-padded\">\u2013 Det er en bekreftelse p\u00e5 at man gj\u00f8r noe riktig, s\u00e5 det er ikke annet enn deilig, sier Haugan til Viaplay etter m\u00e5lgang.<\/p>\n<p class=\"_paragraph_o9xde_4 _paragraph_xtcu6_10 layout-component text-serif-m layout-normal text-serif-m layout-padded\">Seieren i Val-d&#8217;Is\u00e8re var Haugans f\u00f8rste verdenscupseier denne sesongen.<\/p>\n<p class=\"_paragraph_o9xde_4 _paragraph_xtcu6_10 layout-component text-serif-m layout-normal text-serif-m layout-padded\">Kristoffersen jakter 100. pallplasser gjennom karrieren. L\u00f8rdag tok han sin 98, og det var n\u00e6r at ble seier. <\/p>\n<p class=\"_paragraph_o9xde_4 _paragraph_xtcu6_10 layout-component text-serif-m layout-normal text-serif-m layout-padded\">\u2013 Henrik er nok litt skuffet \u2013 han liker ikke \u00e5 bli sl\u00e5tt, sier Haugan til Viaplay med et smil i retning Kristoffersen ved siden av seg.<\/p>\n<p class=\"_paragraph_o9xde_4 _paragraph_xtcu6_10 layout-component text-serif-m layout-normal text-serif-m layout-padded\">31-\u00e5ringen hadde mye \u00e5 g\u00e5 p\u00e5 da han satte utfor i andre omgang.<\/p>\n<p class=\"_paragraph_o9xde_4 _paragraph_xtcu6_10 layout-component text-serif-m layout-normal text-serif-m layout-padded\">\u2013 Da er det endelig en nordmann \u00f8verst p\u00e5 pallen, med solide gr\u00f8nne tall, kommenterte Henrik Jonassen hos Viaplay da Kristoffersen krysset m\u00e5lstreken i Frankrike.<\/p>\n<p class=\"_paragraph_o9xde_4 _paragraph_xtcu6_10 layout-component text-serif-m layout-normal text-serif-m layout-padded\">Norsk-brasilianske Braathen var f\u00f8rstemann ut av \u00abnordmennene\u00bb i andre omgang. <\/p>\n<p class=\"_paragraph_o9xde_4 _paragraph_xtcu6_10 layout-component text-serif-m layout-normal text-serif-m layout-padded\">Han kom aldri til m\u00e5l etter en hekt tidlig i traseen. Samme skjebne fikk Atle Lie McGrath.<\/p>\n<p class=\"_paragraph_o9xde_4 _paragraph_xtcu6_10 layout-component text-serif-m layout-normal text-serif-m layout-padded\">Ogs\u00e5 han fullf\u00f8rte ikke andre omgangen og da ble staven sendt til skogs i raseri.<\/p>\n<p class=\"_paragraph_o9xde_4 _paragraph_xtcu6_10 layout-component text-serif-m layout-normal text-serif-m layout-padded\">F\u00f8r storkanonene satte utfor slal\u00e5ml\u00f8ypa i de franske alpene var to norske unggutter med i teten. <\/p>\n<p class=\"_paragraph_o9xde_4 _paragraph_xtcu6_10 layout-component text-serif-m layout-normal text-serif-m layout-padded\">Oscar Sandvik hadde startnummer \u00e5tte og kj\u00f8rte inn til annenplass \u2013 en posisjon 21-\u00e5ringen hadde lenge. <\/p>\n<p class=\"_paragraph_o9xde_4 _paragraph_xtcu6_10 layout-component text-serif-m layout-normal text-serif-m layout-padded\">Ogs\u00e5 Mads Grahl-Madsen fikk fart p\u00e5 skiene i den andre omgangen. 22-\u00e5ringen hadde g\u00e5tt grep om tredjeplassen en godt stund.<\/p>\n<p class=\"_paragraph_o9xde_4 _paragraph_xtcu6_10 layout-component text-serif-m layout-normal text-serif-m layout-padded\">\u2013 Det ser ut som vi f\u00e5r ungguttene v\u00e5re inn topp 10. Det kan bli en str\u00e5lende norsk dag, sier Viaplays ekspertkommentator Kjetil Andr\u00e9 Aamodt.<\/p>\n<p class=\"_paragraph_o9xde_4 _paragraph_xtcu6_10 layout-component text-serif-m layout-normal text-serif-m layout-padded\">Sandvik og Grahl-Madsen endte p\u00e5 femte- og sjetteplass. De kj\u00f8rte seg opp 18 og 22 plasser og h\u00f8stet ros av Kristoffersen etter rennet.<\/p>\n<p class=\"_paragraph_o9xde_4 _paragraph_xtcu6_10 layout-component text-serif-m layout-normal text-serif-m layout-padded\">\u2013 De griper muligheten og det er fint \u00e5 se. Det er ikke ofte de f\u00e5r en s\u00e5nn mulighet fra et s\u00e5nt startnummer, sier han til Viaplay.<\/p>\n<p class=\"_paragraph_o9xde_4 _paragraph_xtcu6_10 layout-component text-serif-m layout-normal text-serif-m layout-padded\">L\u00f8rdag gikk det ikke veien i storslal\u00e5mrennet. Timon Haugan ble beste norske p\u00e5 en fjerdeplass. Henrik Kristoffersen og Atle Lie McGrath var to andre pallh\u00e5p, men de endte p\u00e5 ellevte- og 17. plass. <\/p>\n","protected":false},"excerpt":{"rendered":"Dobbelt norsk p\u00e5 pallen i Val-d&#8217;Is\u00e8re da Haugan tok sesongens f\u00f8rste seier. Oppdatert s\u00f8ndag 14. desember kl. 14:07&hellip;\n","protected":false},"author":2,"featured_media":112968,"comment_status":"","ping_status":"","sticky":false,"template":"","format":"standard","meta":{"footnotes":""},"categories":[59],"tags":[249,5961,9794,30,28,29,83,82,9894],"class_list":{"0":"post-112967","1":"post","2":"type-post","3":"status-publish","4":"format-standard","5":"has-post-thumbnail","7":"category-sport","8":"tag-alpint","9":"tag-atle-lie-mcgrath","10":"tag-henrik-kristoffersen","11":"tag-no","12":"tag-norge","13":"tag-norway","14":"tag-sport","15":"tag-sports","16":"tag-timon-haugan"},"share_on_mastodon":{"url":"https:\/\/pubeurope.com\/@no\/115718117455269056","error":""},"_links":{"self":[{"href":"https:\/\/www.europesays.com\/no\/wp-json\/wp\/v2\/posts\/112967","targetHints":{"allow":["GET"]}}],"collection":[{"href":"https:\/\/www.europesays.com\/no\/wp-json\/wp\/v2\/posts"}],"about":[{"href":"https:\/\/www.europesays.com\/no\/wp-json\/wp\/v2\/types\/post"}],"author":[{"embeddable":true,"href":"https:\/\/www.europesays.com\/no\/wp-json\/wp\/v2\/users\/2"}],"replies":[{"embeddable":true,"href":"https:\/\/www.europesays.com\/no\/wp-json\/wp\/v2\/comments?post=112967"}],"version-history":[{"count":0,"href":"https:\/\/www.europesays.com\/no\/wp-json\/wp\/v2\/posts\/112967\/revisions"}],"wp:featuredmedia":[{"embeddable":true,"href":"https:\/\/www.europesays.com\/no\/wp-json\/wp\/v2\/media\/112968"}],"wp:attachment":[{"href":"https:\/\/www.europesays.com\/no\/wp-json\/wp\/v2\/media?parent=112967"}],"wp:term":[{"taxonomy":"category","embeddable":true,"href":"https:\/\/www.europesays.com\/no\/wp-json\/wp\/v2\/categories?post=112967"},{"taxonomy":"post_tag","embeddable":true,"href":"https:\/\/www.europesays.com\/no\/wp-json\/wp\/v2\/tags?post=112967"}],"curies":[{"name":"wp","href":"https:\/\/api.w.org\/{rel}","templated":true}]}}