{"id":112995,"date":"2025-12-14T14:01:08","date_gmt":"2025-12-14T14:01:08","guid":{"rendered":"https:\/\/www.europesays.com\/no\/112995\/"},"modified":"2025-12-14T14:01:08","modified_gmt":"2025-12-14T14:01:08","slug":"rana-brann-omkom-i-brann-i-omsorgsbolig","status":"publish","type":"post","link":"https:\/\/www.europesays.com\/no\/112995\/","title":{"rendered":"Rana, Brann | Omkom i brann i omsorgsbolig"},"content":{"rendered":"<p> (<a href=\"https:\/\/www.nettavisen.no\" rel=\"nofollow noopener\" target=\"_blank\">Nettavisen<\/a>) <\/p>\n<p>Totalt 24 personer ble evakuert fra bygget. Etter en dr\u00f8y times innsats p\u00e5 stedet meldte politiet at brannvesenet hadde kontroll p\u00e5 brannen.<\/p>\n<p>\u2013 Brann skal ha kontroll p\u00e5 stedet og jobber med etterslukking, skrev operasjonsleder May Wenche Hansen i Nordland politidistrikt p\u00e5 <a rel=\"noopener nofollow\" href=\"https:\/\/www.politiet.no\/politiloggen\/hendelse\/25wh75\/nordland-politidistrikt-brann-rana-svalbardgata\" target=\"_blank\">politiloggen<\/a> ved 22-tiden fredag kveld.<\/p>\n<p>Politiet jobbet da fortsatt med \u00e5 f\u00e5 kontroll p\u00e5 alle beboerne p\u00e5 stedet. Bygningen hvor det har brent er kombinasjon av omsorgsbolig og eldrebolig. En person var da ikke gjor rede for.<\/p>\n<p>Klokken 23.50 ble det meldt at en omkommet person, en mndre\u00e5rig gutt som bodde p\u00e5 senteret, var funnet inne i bygget. P\u00e5r\u00f8rende er varslet.<\/p>\n<p>&#8211; Etter evakueringen av beboere, ble det raskt avklart at en person ikke var gjort rede for. Dessverre har det blitt gjort funn av en omkommet person i boligen. P\u00e5r\u00f8rende er varslet og kommunens kriseteam er til stede., opplyste operasjonsleder Thomas Jarn\u00e6s Coe.<\/p>\n<p>Kommunikasjonssjef i Rana kommune, Tore Bratt sier til <a rel=\"noopener nofollow\" href=\"https:\/\/www.ranablad.no\/rykket-ut-etter-melding-om-brann-i-rana\/s\/5-42-1532677\" target=\"_blank\">Rana Blad<\/a> at kommunen har satt en stab fra helse, og f\u00f8lger med p\u00e5 utviklingen.<\/p>\n<p>De f\u00f8rste meldingen gikk ut p\u00e5 at det var full fyr i bygningen og sv\u00e6rt mye r\u00f8yk.<\/p>\n<p>\u2013 Det var full fyr over taket da brannvesenet kom fram til stedet, sier vaktleder Trond L\u00f8k\u00e5s ved 110-sentralen i Nordland til NTB.<\/p>\n<p>Alle disponible styrker fra n\u00f8detatene i Rana ble sendt til stedet.<\/p>\n<p>Politiet fikk melding om brannen like etter klokka 20 fredag kveld, og det ble gjennomf\u00f8rt evakuering.<\/p>\n","protected":false},"excerpt":{"rendered":"(Nettavisen) Totalt 24 personer ble evakuert fra bygget. Etter en dr\u00f8y times innsats p\u00e5 stedet meldte politiet at&hellip;\n","protected":false},"author":2,"featured_media":112996,"comment_status":"","ping_status":"","sticky":false,"template":"","format":"standard","meta":{"footnotes":""},"categories":[10],"tags":[36,367,20,21,24,25,15,22,23,13,30,28,29,14,5199,16,1360,1510,26,27],"class_list":{"0":"post-112995","1":"post","2":"type-post","3":"status-publish","4":"format-standard","5":"has-post-thumbnail","7":"category-norge","8":"tag-art","9":"tag-brann","10":"tag-breaking-news","11":"tag-breakingnews","12":"tag-featured-news","13":"tag-featurednews","14":"tag-headlines","15":"tag-latest-news","16":"tag-latestnews","17":"tag-news","18":"tag-no","19":"tag-norge","20":"tag-norway","21":"tag-nyheter","22":"tag-nyhetsvarsel","23":"tag-overskrifter","24":"tag-rana","25":"tag-story","26":"tag-top-stories","27":"tag-topstories"},"share_on_mastodon":{"url":"","error":""},"_links":{"self":[{"href":"https:\/\/www.europesays.com\/no\/wp-json\/wp\/v2\/posts\/112995","targetHints":{"allow":["GET"]}}],"collection":[{"href":"https:\/\/www.europesays.com\/no\/wp-json\/wp\/v2\/posts"}],"about":[{"href":"https:\/\/www.europesays.com\/no\/wp-json\/wp\/v2\/types\/post"}],"author":[{"embeddable":true,"href":"https:\/\/www.europesays.com\/no\/wp-json\/wp\/v2\/users\/2"}],"replies":[{"embeddable":true,"href":"https:\/\/www.europesays.com\/no\/wp-json\/wp\/v2\/comments?post=112995"}],"version-history":[{"count":0,"href":"https:\/\/www.europesays.com\/no\/wp-json\/wp\/v2\/posts\/112995\/revisions"}],"wp:featuredmedia":[{"embeddable":true,"href":"https:\/\/www.europesays.com\/no\/wp-json\/wp\/v2\/media\/112996"}],"wp:attachment":[{"href":"https:\/\/www.europesays.com\/no\/wp-json\/wp\/v2\/media?parent=112995"}],"wp:term":[{"taxonomy":"category","embeddable":true,"href":"https:\/\/www.europesays.com\/no\/wp-json\/wp\/v2\/categories?post=112995"},{"taxonomy":"post_tag","embeddable":true,"href":"https:\/\/www.europesays.com\/no\/wp-json\/wp\/v2\/tags?post=112995"}],"curies":[{"name":"wp","href":"https:\/\/api.w.org\/{rel}","templated":true}]}}