{"id":112999,"date":"2025-12-14T14:03:15","date_gmt":"2025-12-14T14:03:15","guid":{"rendered":"https:\/\/www.europesays.com\/no\/112999\/"},"modified":"2025-12-14T14:03:15","modified_gmt":"2025-12-14T14:03:15","slug":"sport-fotball-vm-2026-fem-millioner-soknader-om-vm-billetter-pa-ett-dogn-raseri-mot-prisene","status":"publish","type":"post","link":"https:\/\/www.europesays.com\/no\/112999\/","title":{"rendered":"Sport, Fotball-VM 2026 | Fem millioner s\u00f8knader om VM-billetter p\u00e5 ett d\u00f8gn: Raseri mot prisene"},"content":{"rendered":"\n<p><a href=\"https:\/\/www.nettavisen.no\/sport\/vm-billetter-fem-millioner-soknader-pa-ett-dogn\/s\/5-95-2779388\" rel=\"Follow nofollow noopener\" target=\"_blank\">(Nettavisen) <\/a>S\u00f8knadsvinduet \u00e5pnet torsdag ettermiddag og er \u00e5pent til 13. januar. Fredag klokken 17 var det registrert fem millioner foresp\u00f8rsler, med Colombia \u2013 Portugal i gruppe K som den mest etterspurte kampen, <a href=\"https:\/\/www.fifa.com\/en\/tournaments\/mens\/worldcup\/canadamexicousa2026\/articles\/five-million-ticket-requests-in-24-hours-underlines-soaring-global-demand\" rel=\"nofollow noopener\" target=\"_blank\">opplyser<\/a> Det internasjonale fotballforbundet (Fifa).<\/p>\n<p>Vertsnasjonene USA, Canada og Mexico peker seg ut p\u00e5 toppen blant nasjonene med flest billetts\u00f8knader. Deretter f\u00f8lger Colombia, England, Ecuador, Brasil og Argentina.<\/p>\n<p>Totalt har Fifa f\u00e5tt inn billetts\u00f8knader fra over 200 medlemsnasjoner.<\/p>\n<p>   <img decoding=\"async\" width=\"2148\" height=\"1432\" fetchpriority=\"low\"  loading=\"lazy\"  src=\"https:\/\/www.europesays.com\/no\/wp-content\/uploads\/2025\/12\/NTB_7A6ZYDVRzgk_1.jpg\" alt=\"FIFA President Gianni Infantino speaks during the match schedule reveal for the 2026 soccer World Cup in Washington, Saturday, Dec. 6, 2025. (AP Photo\/Chris Carlson)\" class=\"brick-c-cFOWSL\" style=\"--brick-image-ratio: 2148 \/ 1432;\"\/><\/p>\n<p>      KRAFTIG KRITIKK: Av FIFA President Gianni Infantino.<br \/>\n      Foto: Chris Carlson\n    <\/p>\n<p>  Sterke reaksjoner<\/p>\n<p>Flere har samtidig reagert sterkt p\u00e5 prisene i neste sommers VM, og supportergrupperingen FSE (Football Supporters Europe) har bedt Fifa om \u00e5 stanse salget.<\/p>\n<p>Football Supporters&#8217; Association kaller prisene en \u00ablatterlig forn\u00e6rmelse\u00bb mot fansen, melder <a href=\"https:\/\/www.bbc.com\/sport\/football\/articles\/c8988118gj9o\" rel=\"Follow nofollow noopener\" target=\"_blank\">BBC<\/a>. For mindre nasjoner overstiger billettprisen til gruppespillet en hel m\u00e5nedsl\u00f8nn. Da er verken fly eller hotell regnet med.<\/p>\n<p>Frustrasjonen er enorm blant supportere verden over. Mange frykter n\u00e5 at vanlige fans blir stengt ute fra mesterskapet.<\/p>\n<p>If\u00f8lge <a href=\"https:\/\/www.fotball.no\/landslag\/norge-a-herrer\/vm\/vm-2026\/\" rel=\"nofollow noopener\" target=\"_blank\">en oversikt fra Norges Fotballforbund<\/a> ligger billettprisene for Norges gruppespillkamper p\u00e5 mellom 1820 kroner og 7070 kroner.<\/p>\n<p>Tidligere England-keeper David James er blant dem som reagerer.<\/p>\n<p>\u2013 Jeg synes det er en skam. De har utnyttet det hele. Vi har kommet til en situasjon hvor Fifa og fotballen bare misbruker alle sammen, sier James til BBC.<\/p>\n<p>   <img decoding=\"async\" width=\"4336\" height=\"2890\" fetchpriority=\"low\"  loading=\"lazy\"  src=\"https:\/\/www.europesays.com\/no\/wp-content\/uploads\/2025\/12\/NTB_sgZyqoCLeZY_1.jpg\" alt=\"David James (left) and Paddy McGuinness before Soccer Aid for UNICEF 2024 at Stamford Bridge, London. Picture date: Sunday June 9, 2024.\" class=\"brick-c-cFOWSL\" style=\"--brick-image-ratio: 4336 \/ 2890;\"\/><\/p>\n<p>      REAGERER: David James (t.v) planlegger ikke \u00e5 reise til VM p\u00e5 grunn av prisene.<br \/>\n      Foto: Bradley Collyer\n    <\/p>\n<p>Kroatias fotballforbund har publisert <a href=\"https:\/\/hns.family\/vijesti\/30408\/prijave-za-kupnju-ulaznica-za-svjetsko-prvenstvo-2026\/\" rel=\"nofollow noopener\" target=\"_blank\">en oversikt<\/a> som viser at finalebilletter i VM vil koste fra 42.265 kroner til 87.660 kroner.<\/p>\n<p>\u2013 Football Supporters Europe er forbl\u00f8ffet over de skyh\u00f8ye billettprisene Fifa har p\u00e5lagt de mest dedikerte supporterne foran neste \u00e5rs VM, uttalte FSE torsdag.<\/p>\n<p>Haiti er blant verdens fattigste land. Gjennomsnittsl\u00f8nnen ligger p\u00e5 rundt 147 dollar i m\u00e5neden.<\/p>\n<p>N\u00e5r nasjonen spiller sitt f\u00f8rste VM p\u00e5 52 \u00e5r, koster den billigste billetten mot Skottland 180 dollar.<\/p>\n<p>Vil Haiti-fans se alle tre gruppespillkampene, m\u00e5 de ut med 625 dollar. Det tilsvarer over fire m\u00e5nedsl\u00f8nner \u2013 bare for \u00e5 komme inn p\u00e5 stadion.<\/p>\n<p>I Ghana tjener folk i snitt 254 dollar m\u00e5nedlig. Supporter Jojo Quansah sier til BBC at mange n\u00e5 m\u00e5 skrinlegge dr\u00f8mmen.<\/p>\n<p>\u2013 Det er skuffende for de som i tre og et halvt \u00e5r har spart penger i h\u00e5p om sin f\u00f8rste VM-opplevelse, sier han.<\/p>\n<p>    Vil du se neste video?<\/p>\n<p>    <a href=\"https:\/\/www.h-a.no\/dagens-viktigste-saker-11-desember\/v\/5-139-1894726\" class=\"recommend-poster\" data-adp-clicklabel=\"video-recommend\" data-adp-clickvalue=\"poster\" rel=\"nofollow noopener\" target=\"_blank\"><br \/>\n      <img decoding=\"async\" width=\"200\" height=\"200\" loading=\"lazy\" src=\"https:\/\/www.europesays.com\/no\/wp-content\/uploads\/2025\/12\/v-i-4b052b95-cb4a-46e4-94c6-fa898ef5ff9b-1.jpg\" alt=\"\" class=\"brick-c-cFOWSL\" style=\"--brick-image-ratio: 200 \/ 200;\"\/><\/p>\n<p>Dagens viktigste saker, 11. desember0:55<\/p>\n<p>    <\/a><\/p>\n<p>Finalebillett til 40.000 kroner<\/p>\n<p>Den billigste billetten til VM-finalen koster 3.119 pund \u2013 over 40.000 norske kroner.<\/p>\n<p>Gruppespillbillettene er opptil tre ganger dyrere enn under Qatar-VM i 2022.<\/p>\n<p>Flere engelske supportere sier til BBC at de planlegger boikott.<\/p>\n<p>\u2013 VM 2026 blir for sponsorene og \u00abglory hunters\u00bb som har r\u00e5d til de store kampene, sier en kvinne til kanalen.<\/p>\n<p>    Vil du se neste video?<\/p>\n<p>    <a href=\"https:\/\/www.h-a.no\/dagens-viktigste-saker-11-desember\/v\/5-139-1894726\" class=\"recommend-poster\" data-adp-clicklabel=\"video-recommend\" data-adp-clickvalue=\"poster\" rel=\"nofollow noopener\" target=\"_blank\"><br \/>\n      <img decoding=\"async\" width=\"200\" height=\"200\" loading=\"lazy\" src=\"https:\/\/www.europesays.com\/no\/wp-content\/uploads\/2025\/12\/v-i-4b052b95-cb4a-46e4-94c6-fa898ef5ff9b-1.jpg\" alt=\"\" class=\"brick-c-cFOWSL\" style=\"--brick-image-ratio: 200 \/ 200;\"\/><\/p>\n<p>Dagens viktigste saker, 11. desember0:55<\/p>\n<p>    <\/a><\/p>\n<p>FIFA-president Gianni Infantino lovet i 2017 at utvidelsen til 48 lag skulle gi flere nasjoner sjansen til \u00e5 delta.<\/p>\n<p>\u2013 Fotball er mer enn Europa og S\u00f8r-Amerika. Fotball er globalt, sa han den gang.<\/p>\n<p>N\u00e5 er det nettopp supporterne fra disse nye nasjonene som prises ut av mesterskapet.<\/p>\n","protected":false},"excerpt":{"rendered":"(Nettavisen) S\u00f8knadsvinduet \u00e5pnet torsdag ettermiddag og er \u00e5pent til 13. januar. Fredag klokken 17 var det registrert fem&hellip;\n","protected":false},"author":2,"featured_media":112816,"comment_status":"","ping_status":"","sticky":false,"template":"","format":"standard","meta":{"footnotes":""},"categories":[59],"tags":[36,2326,8634,30,28,29,83,82,1510],"class_list":{"0":"post-112999","1":"post","2":"type-post","3":"status-publish","4":"format-standard","5":"has-post-thumbnail","7":"category-sport","8":"tag-art","9":"tag-fifa","10":"tag-fotball-vm-2026","11":"tag-no","12":"tag-norge","13":"tag-norway","14":"tag-sport","15":"tag-sports","16":"tag-story"},"share_on_mastodon":{"url":"https:\/\/pubeurope.com\/@no\/115718298360307748","error":""},"_links":{"self":[{"href":"https:\/\/www.europesays.com\/no\/wp-json\/wp\/v2\/posts\/112999","targetHints":{"allow":["GET"]}}],"collection":[{"href":"https:\/\/www.europesays.com\/no\/wp-json\/wp\/v2\/posts"}],"about":[{"href":"https:\/\/www.europesays.com\/no\/wp-json\/wp\/v2\/types\/post"}],"author":[{"embeddable":true,"href":"https:\/\/www.europesays.com\/no\/wp-json\/wp\/v2\/users\/2"}],"replies":[{"embeddable":true,"href":"https:\/\/www.europesays.com\/no\/wp-json\/wp\/v2\/comments?post=112999"}],"version-history":[{"count":0,"href":"https:\/\/www.europesays.com\/no\/wp-json\/wp\/v2\/posts\/112999\/revisions"}],"wp:featuredmedia":[{"embeddable":true,"href":"https:\/\/www.europesays.com\/no\/wp-json\/wp\/v2\/media\/112816"}],"wp:attachment":[{"href":"https:\/\/www.europesays.com\/no\/wp-json\/wp\/v2\/media?parent=112999"}],"wp:term":[{"taxonomy":"category","embeddable":true,"href":"https:\/\/www.europesays.com\/no\/wp-json\/wp\/v2\/categories?post=112999"},{"taxonomy":"post_tag","embeddable":true,"href":"https:\/\/www.europesays.com\/no\/wp-json\/wp\/v2\/tags?post=112999"}],"curies":[{"name":"wp","href":"https:\/\/api.w.org\/{rel}","templated":true}]}}