{"id":113000,"date":"2025-12-14T14:08:11","date_gmt":"2025-12-14T14:08:11","guid":{"rendered":"https:\/\/www.europesays.com\/no\/113000\/"},"modified":"2025-12-14T14:08:11","modified_gmt":"2025-12-14T14:08:11","slug":"kvinne-drept-mann-i-50-arene-siktet","status":"publish","type":"post","link":"https:\/\/www.europesays.com\/no\/113000\/","title":{"rendered":"Kvinne drept \u2013 mann i 50-\u00e5rene siktet"},"content":{"rendered":"\n<p class=\"_lead_o9xde_2 _lead_xtcu6_50 layout-component text-serif-m layout-normal text-serif-l layout-component layout-wide layout-padded _wide_17hqh_1 layout-padded\">En mann i 50-\u00e5rene er siktet for drap p\u00e5 en kvinne i 30-\u00e5rene i Tr\u00f8ndelag. Politiet bekrefter at de to kjente hverandre. <\/p>\n<p><img alt=\" Foto: Joakim Halvorsen \/ NTB\" class=\"_image_qp4xg_65 layout-component layout-wide\" data-fullscreen- data-track-element-type=\"Article image fullscreen\" data-track-name=\"ImageFullscreen\" fetchpriority=\"high\" decoding=\"sync\" loading=\"eager\" height=\"5504\" itemprop=\"image\"  src=\"https:\/\/www.europesays.com\/no\/wp-content\/uploads\/2025\/12\/3c4d9b78-b5f4-4bd2-b304-0046879d2a3c\"  style=\"object-position:0% 0%\" width=\"8256\"\/> Foto: Joakim Halvorsen \/ NTB Oppdatert s\u00f8ndag 14. desember kl. 13:14     <\/p>\n<p class=\"_paragraph_o9xde_4 _paragraph_xtcu6_10 layout-component text-serif-m layout-normal text-serif-m layout-padded\">Kvinnen ble funnet d\u00f8d utend\u00f8rs i Orkland i Tr\u00f8ndelag l\u00f8rdag. Det var et vitne som oppdaget den avd\u00f8de kvinnen og varslet politiet ved 21-tiden l\u00f8rdag kveld. <\/p>\n<p class=\"_paragraph_o9xde_4 _paragraph_xtcu6_10 layout-component text-serif-m layout-normal text-serif-m layout-padded\">En mann i 50-\u00e5rene ble kort tid etter p\u00e5grepet hjemme hos seg selv, og siktet for drap. Mannen er n\u00e5 i politiets varetekt. <\/p>\n<p class=\"_paragraph_o9xde_4 _paragraph_xtcu6_10 layout-component text-serif-m layout-normal text-serif-m layout-padded\">P\u00e5talemyndigheten vil begj\u00e6re mannen varetektsfengslet i fire uker, med brev- og bes\u00f8ksforbud, opplyser de i en pressemelding. <\/p>\n<p class=\"_paragraph_o9xde_4 _paragraph_xtcu6_10 layout-component text-serif-m layout-normal text-serif-m layout-padded\">Han har f\u00e5tt oppnevnt Fredrik Sch\u00f8ne Brodwall som forsvarer. Han \u00f8nsker ikke \u00e5 svare p\u00e5 sp\u00f8rsm\u00e5l om den siktede har erkjent straffskyld eller ikke. <\/p>\n<p class=\"_paragraph_o9xde_4 _paragraph_xtcu6_10 layout-component text-serif-m layout-normal text-serif-m layout-padded\">\u2013 Jeg har ingen kommentar til saken. <\/p>\n<p>Vil fengsle mannen<\/p>\n<p class=\"_paragraph_o9xde_4 _paragraph_xtcu6_10 layout-component text-serif-m layout-normal text-serif-m layout-padded\">\u2013 P\u00e5talemyndigheten begj\u00e6rer siktede fengslet i fire uker begrunnet i bevisforspillelsesfare, sier politiadvokat Hanne Sivertsen Berg i Tr\u00f8ndelag politidistrikt.<\/p>\n<p><img alt=\"Foto: Joakim Halvorsen \/ NTB\" class=\"_image_qp4xg_65 layout-component layout-normal\" data-fullscreen- data-track-element-type=\"Article image fullscreen\" data-track-name=\"ImageFullscreen\" decoding=\"async\" loading=\"lazy\" height=\"3005\" itemprop=\"image\"  src=\"https:\/\/www.europesays.com\/no\/wp-content\/uploads\/2025\/12\/0af67544-b7fb-4673-a29e-927f8a341d3e\"  style=\"object-position:0% 0%\" width=\"4516\"\/>Foto: Joakim Halvorsen \/ NTB<\/p>\n<p class=\"_paragraph_o9xde_4 _paragraph_xtcu6_10 layout-component text-serif-m layout-normal text-serif-m layout-padded\">Politiet bekrefter at det er en relasjon mellom den siktede mannen og den avd\u00f8de kvinnen. De vil ikke si hva den relasjonen er. <\/p>\n<p class=\"_paragraph_o9xde_4 _paragraph_xtcu6_10 layout-component text-serif-m layout-normal text-serif-m layout-padded\">\u2013 Vi vil fortsette etterforskningen med full styrke i dag. Ettersom det blant annet gjenst\u00e5r avh\u00f8r av den siktede mannen, vil vi av hensyn til etterforskningen v\u00e6re tilbakeholden med \u00e5 dele mer informasjon om saken, sier politiadvokat Hanne Sivertsen Berg i en pressemelding.<\/p>\n<p class=\"_paragraph_o9xde_4 _paragraph_xtcu6_10 layout-component text-serif-m layout-normal text-serif-m layout-padded\">\u2013 Vi har fortsatt flere hypoteser \u00e5pne om hva som kan ha skjedd, sier hun. <\/p>\n<p class=\"_paragraph_o9xde_4 _paragraph_xtcu6_10 layout-component text-serif-m layout-normal text-serif-m layout-padded\">Politiet opplyser at de ikke ser etter andre personer knyttet til drapet. De ber vitner om \u00e5 melde seg. <\/p>\n<p class=\"_paragraph_o9xde_4 _paragraph_xtcu6_10 layout-component text-serif-m layout-normal text-serif-m layout-padded\">Politiet har forel\u00f8pig ikke sagt noe om hva slags skader kvinnen hadde da hun ble funnet.<\/p>\n<p>    <img decoding=\"async\" alt=\"Tips oss illustrasjon\" src=\"https:\/\/www.europesays.com\/no\/wp-content\/uploads\/2025\/10\/pssst-small.webp.webp\"\/>    <\/p>\n<p class=\"title-serif-s\">Har du tips?<\/p>\n<p class=\"text-sans-m\">Send oss informasjon, bilder eller video.<\/p>\n<p>  <a href=\"https:\/\/www.vg.no\/tips-oss\" rel=\"nofollow noopener\" target=\"_blank\"> Tips oss <\/a>      <\/p>\n","protected":false},"excerpt":{"rendered":"En mann i 50-\u00e5rene er siktet for drap p\u00e5 en kvinne i 30-\u00e5rene i Tr\u00f8ndelag. Politiet bekrefter at&hellip;\n","protected":false},"author":2,"featured_media":113001,"comment_status":"","ping_status":"","sticky":false,"template":"","format":"standard","meta":{"footnotes":""},"categories":[10],"tags":[31,20,21,24,25,15,22,23,13,30,28,29,14,16,26,27],"class_list":{"0":"post-113000","1":"post","2":"type-post","3":"status-publish","4":"format-standard","5":"has-post-thumbnail","7":"category-norge","8":"tag-breaking","9":"tag-breaking-news","10":"tag-breakingnews","11":"tag-featured-news","12":"tag-featurednews","13":"tag-headlines","14":"tag-latest-news","15":"tag-latestnews","16":"tag-news","17":"tag-no","18":"tag-norge","19":"tag-norway","20":"tag-nyheter","21":"tag-overskrifter","22":"tag-top-stories","23":"tag-topstories"},"share_on_mastodon":{"url":"https:\/\/pubeurope.com\/@no\/115718318381582803","error":""},"_links":{"self":[{"href":"https:\/\/www.europesays.com\/no\/wp-json\/wp\/v2\/posts\/113000","targetHints":{"allow":["GET"]}}],"collection":[{"href":"https:\/\/www.europesays.com\/no\/wp-json\/wp\/v2\/posts"}],"about":[{"href":"https:\/\/www.europesays.com\/no\/wp-json\/wp\/v2\/types\/post"}],"author":[{"embeddable":true,"href":"https:\/\/www.europesays.com\/no\/wp-json\/wp\/v2\/users\/2"}],"replies":[{"embeddable":true,"href":"https:\/\/www.europesays.com\/no\/wp-json\/wp\/v2\/comments?post=113000"}],"version-history":[{"count":0,"href":"https:\/\/www.europesays.com\/no\/wp-json\/wp\/v2\/posts\/113000\/revisions"}],"wp:featuredmedia":[{"embeddable":true,"href":"https:\/\/www.europesays.com\/no\/wp-json\/wp\/v2\/media\/113001"}],"wp:attachment":[{"href":"https:\/\/www.europesays.com\/no\/wp-json\/wp\/v2\/media?parent=113000"}],"wp:term":[{"taxonomy":"category","embeddable":true,"href":"https:\/\/www.europesays.com\/no\/wp-json\/wp\/v2\/categories?post=113000"},{"taxonomy":"post_tag","embeddable":true,"href":"https:\/\/www.europesays.com\/no\/wp-json\/wp\/v2\/tags?post=113000"}],"curies":[{"name":"wp","href":"https:\/\/api.w.org\/{rel}","templated":true}]}}