{"id":113002,"date":"2025-12-14T14:09:40","date_gmt":"2025-12-14T14:09:40","guid":{"rendered":"https:\/\/www.europesays.com\/no\/113002\/"},"modified":"2025-12-14T14:09:40","modified_gmt":"2025-12-14T14:09:40","slug":"minst-12-drept-i-terrorangrep-mot-jodisk-feiring-pa-bondi-beach","status":"publish","type":"post","link":"https:\/\/www.europesays.com\/no\/113002\/","title":{"rendered":"Minst 12 drept i terrorangrep mot j\u00f8disk feiring p\u00e5 Bondi Beach"},"content":{"rendered":"<p class=\"extendedContent hyperion-css-eyn926\" data-test-tag=\"lead-text\">Minst 12 personer er drept og 29 skadet i skytingen ved den popul\u00e6re stranden i Sydney. \u2013 Ond antisemittisme og terror, sier Australias statsminister.<\/p>\n<p class=\"paywall hyperion-css-1j42uic\">To menn brukte hagler da de skj\u00f8t l\u00f8s under en j\u00f8disk feiring ved den ber\u00f8mte stranden.<\/p>\n<p class=\"paywall hyperion-css-1j42uic\">\u2013 Dette angrepet var rettet mot det j\u00f8diske samfunnet p\u00e5 f\u00f8rste dag i Hannuka, sa delstatsminister Chris Minns p\u00e5 en pressekonferanse klokken 12 norsk tid.<\/p>\n<p class=\"paywall hyperion-css-1j42uic\"><strong>Han sl\u00e5r fast at dette dreier seg om et terrorangrep. Landets sikkerhetssjef sier samtidig at terrortrusselniv\u00e5et forblir p\u00e5 \u00absannsynlig\u00bb.<\/strong><\/p>\n<p class=\"paywall hyperion-css-1j42uic\">\u2013 Det er viktig \u00e5 ta vare p\u00e5 j\u00f8der i Australia n\u00e5, la delstatsministeren til.<\/p>\n<p class=\"paywall hyperion-css-1j42uic\">29 personer er fraktet til sykehus, og flere har opps\u00f8kt sykehus selv, opplyser politiet p\u00e5 en pressekonferanse. <\/p>\n<p class=\"paywall hyperion-css-1j42uic\">Minst to politibetjenter er skadet. <\/p>\n<p class=\"paywall hyperion-css-1j42uic\">Politiet sier at to personer er p\u00e5grepet. \u00c9n av gjerningspersonene er blant de drepte. En annen er kritisk skadet. <\/p>\n<p class=\"paywall hyperion-css-1j42uic\">Politiet etterforsker ogs\u00e5 om det ogs\u00e5 er en tredje skytter. <\/p>\n<p><img decoding=\"async\" class=\"image-asset hyperion-css-u06ts1\" data-test-tag=\"image-asset\" src=\"https:\/\/www.europesays.com\/no\/wp-content\/uploads\/2025\/12\/8e09d7ab-89a8-4a4f-82c8-6636492bc11e\"  alt=\"Ambulansepersonell kjempet p\u00e5 stedet for \u00e5 redde liv. Minst 12 ble drept og 29 er sendt til ulike sykehus. \"  loading=\"eager\" fetchpriority=\"high\" style=\"aspect-ratio:2048 \/ 1152\"\/>Ambulansepersonell kjempet p\u00e5 stedet for \u00e5 redde liv. Minst 12 ble drept og 29 er sendt til ulike sykehus. Foto: NINE NETWORK\/SEVEN NETWORK\/AUSTRALIAN BROADCASTING CORPORATION \/ Reuters \/ NTBViser angrepet<\/p>\n<p class=\"paywall hyperion-css-1j42uic\">Flere videoer i sosiale medier viser kaotiske scener p\u00e5 Bondi Beach. P\u00e5 noen av videoene ligger personer p\u00e5 bakken med skuddskader. Andre f\u00e5r f\u00f8rstehjelp.<\/p>\n<p class=\"paywall hyperion-css-1j42uic\">\u2013 Jeg s\u00e5 minst ti personer p\u00e5 bakken og blod overalt, sier lokale Harry Wilson (30) til S<a aria-label=\"ydney Morning Herald.\" class=\"breaking-short hyperion-css-1raymq9\" href=\"https:\/\/www.smh.com.au\/national\/nsw\/bondi-shooting-live-updates-multiple-casualties-at-sydney-beach-dozens-of-shots-fired-20251214-p5nnkw.html\" target=\"_blank\" rel=\"noopener nofollow noreferrer\" data-test-tag=\"external-link\">ydney Morning Herald.<\/a><\/p>\n<p class=\"paywall hyperion-css-1j42uic\"><strong>En annen video viser to menn som skyter fra en parkeringsplass i omr\u00e5det. I videoen, som varer i 27 sekunder, kan man h\u00f8re tolv skudd.<\/strong><\/p>\n<p>Denne videoen skal vise to skyttere under angrepet. <\/p>\n<p class=\"paywall hyperion-css-1j42uic\"><strong>Dette satellittbildet viser omr\u00e5det der skytingen skjedde ved Bondi Beach. Bygningen med r\u00f8dt tak er Bondi-paviljongen.<\/strong><\/p>\n<p>J\u00f8disk arrangement ved stranden<\/p>\n<p class=\"paywall hyperion-css-1j42uic\">Da skytingen startet, ble det holdt et j\u00f8disk <a aria-label=\"Hanukka-arrangement\" class=\"breaking-short hyperion-css-1raymq9\" href=\"https:\/\/events.humanitix.com\/chanukah-by-the-sea-2025\" target=\"_blank\" rel=\"noopener nofollow noreferrer\" data-test-tag=\"external-link\">Hanukka-arrangement<\/a> ved en lekeplass p\u00e5 stranden, n\u00e6r Bondi-paviljongen.<\/p>\n<p class=\"paywall hyperion-css-1j42uic\">Hanukka er en j\u00f8disk lysfest som feires i november eller desember.<\/p>\n<p class=\"paywall hyperion-css-1j42uic\">En dronevideo p\u00e5 X viser en av skytterne st\u00e5 p\u00e5 en bro n\u00e6r stedet. Han skyter mot en lekeplass og Bondi-paviljongen.<\/p>\n<p class=\"paywall hyperion-css-1j42uic\">Like ved broen ligger flere livl\u00f8se personer p\u00e5 en parkeringsplass. <\/p>\n<p class=\"paywall hyperion-css-1j42uic\">Mot slutten av videoen blir mannen tilsynelatende skutt av politiet og faller om.<\/p>\n<p>Skytter ble overmannet av sivilist<\/p>\n<p class=\"paywall hyperion-css-1j42uic\">En annen video viser en mann i m\u00f8rk overdel og hvite bukser som blir overmannet av en tilfeldig forbipasserende. <\/p>\n<p class=\"paywall hyperion-css-1j42uic\">Mannen f\u00e5r tatt fra ham v\u00e5penet. Skytteren flykter deretter i retning av en annen gjerningsperson. <\/p>\n<p class=\"paywall hyperion-css-1j42uic\">\u2013 Han er en ekte helt, skriver en rekke brukere p\u00e5 X som har delt bildet.<\/p>\n<p><img decoding=\"async\" class=\"image-asset hyperion-css-u06ts1\" data-test-tag=\"image-asset\" src=\"https:\/\/www.europesays.com\/no\/wp-content\/uploads\/2025\/12\/5ac51142-1ad0-48ee-a2ec-5ea3884ceec9.jpeg\"  alt=\"En person fraktes p\u00e5 b\u00e5re inn i en ambulanse ved Bondi Beach etter skytingen i Sydney s\u00f8ndag. \"  loading=\"eager\" fetchpriority=\"high\" style=\"aspect-ratio:2048 \/ 1365\"\/>En person fraktes p\u00e5 b\u00e5re inn i en ambulanse ved Bondi Beach etter skytingen i Sydney s\u00f8ndag. Foto: Mark Baker \/ AP \/ NTB<\/p>\n<p class=\"paywall hyperion-css-1j42uic\">De to hendelsene skjedde bare 40 meter fra hverandre, viser Aftenpostens analyser av videoene.<\/p>\n<p class=\"paywall hyperion-css-1j42uic\">I en tredje video ser man politiet som sikrer omr\u00e5det der de to skytterne ligger p\u00e5 bakken p\u00e5 broen. <\/p>\n<p class=\"paywall hyperion-css-1j42uic\">Rundt dem ligger en rekke brukte, r\u00f8de hylser for hagler. Begge skytterne har ogs\u00e5 p\u00e5 seg belter fulle av haglpatroner.<\/p>\n<p class=\"paywall hyperion-css-1j42uic\">Bombegruppen unders\u00f8kte ogs\u00e5 omr\u00e5det mellom parkeringsplassen og Bondi Beach. <\/p>\n<p class=\"paywall hyperion-css-1j42uic\">Politiet opplyser at improviserte sprengladninger som ble funnet i en bil p\u00e5 Campbell Parade, n\u00e5 er fjernet av bombegruppens spesialister.<\/p>\n<p>Folk l\u00f8per fra Bondi Beach Det br\u00f8t ut panikk da et h\u00f8yt antall skudd ble avfyrt ved Bondi Beach. <\/p>\n<p class=\"paywall hyperion-css-1j42uic\">Norske Vilde M\u00f8ller Barmen (27) forteller til NRK at hun hadde kommet hjem fra en annen strand da skuddene ble avfyrt.<\/p>\n<p class=\"paywall hyperion-css-1j42uic\">\u2013 Det f\u00f8les helt absurd \u00e5 tenke p\u00e5 det n\u00e5. Jeg hadde lyst til \u00e5 bade et annet sted enn \u00abv\u00e5r\u00bb strand, siden vi er der hele tiden. Vi hadde nettopp kj\u00f8rt forbi Bondi, kommet hjem og satt p\u00e5 balkongen, forteller hun.<\/p>\n<p class=\"paywall hyperion-css-1j42uic\">\u2013 Det bare fortsatte og fortsatte og fortsatte.<\/p>\n<p>Ford\u00f8mmer angrepene<\/p>\n<p class=\"paywall hyperion-css-1j42uic\">\u2013 Hendelsene i Bondi er sjokkerende og dypt oppr\u00f8rende, skriver Australias statsminister Anthony Albanese p\u00e5 <a aria-label=\"X\" class=\"breaking-short hyperion-css-1raymq9\" href=\"https:\/\/x.com\/AlboMP\/status\/2000133674583687452\" target=\"_blank\" rel=\"noopener nofollow noreferrer\" data-test-tag=\"external-link\">X<\/a>. <\/p>\n<p class=\"paywall hyperion-css-1j42uic\">Han sier at politiet og n\u00f8detatene er p\u00e5 stedet og jobber med \u00e5 redde liv. Statsministeren legger til at hans tanker g\u00e5r til alle som er ber\u00f8rt.<\/p>\n<p class=\"paywall hyperion-css-1j42uic\">Israels president Isaac Herzog ford\u00f8mmer ogs\u00e5 angrepet.<\/p>\n<p class=\"paywall hyperion-css-1j42uic\">\u2013 Vi ber for de skadede og for dem som har mistet livet. Vi ber australske myndigheter ta grep mot det han omtaler som en \u00f8kende b\u00f8lge av antisemittisme, sier Herzog i en uttalelse.<\/p>\n<p><img decoding=\"async\" class=\"image-asset hyperion-css-u06ts1\" data-test-tag=\"image-asset\" src=\"https:\/\/www.europesays.com\/no\/wp-content\/uploads\/2025\/12\/1765721380_246_4656440b-f341-4b9f-aac0-af919a71532f\"  alt=\"Folk g\u00e5r mens politibetjenter holder vakt i gaten etter skytehendelse ved Bondi Beach. \"  loading=\"eager\" fetchpriority=\"high\" style=\"aspect-ratio:2048 \/ 1365\"\/>Folk g\u00e5r mens politibetjenter holder vakt i gaten etter skytehendelse ved Bondi Beach. Foto: JEREMY PIPER \/ Reuters \/ NTB<\/p>\n<p class=\"paywall hyperion-css-1j42uic\">Muslimske ledere i Australia har ogs\u00e5 ford\u00f8mt angrepet. De sier at vold og slike handlinger ikke har noen plass i samfunnet.<\/p>\n<p class=\"paywall hyperion-css-1j42uic\">\u2013 De ansvarlige m\u00e5 stilles til ansvar. V\u00e5re tanker g\u00e5r til ofrene, deres familier og alle som ble ber\u00f8rt,<a aria-label=\" skriver de i en uttalelse.\" class=\"breaking-short hyperion-css-1raymq9\" href=\"https:\/\/www.facebook.com\/anic.org.au\/\" target=\"_blank\" rel=\"noopener nofollow noreferrer\" data-test-tag=\"external-link\"> skriver de i en uttalelse.<\/a><\/p>\n","protected":false},"excerpt":{"rendered":"Minst 12 personer er drept og 29 skadet i skytingen ved den popul\u00e6re stranden i Sydney. \u2013 Ond&hellip;\n","protected":false},"author":2,"featured_media":113003,"comment_status":"","ping_status":"","sticky":false,"template":"","format":"standard","meta":{"footnotes":""},"categories":[5],"tags":[20,21,24,25,15,19,22,23,17,18,13,30,28,29,14,16,26,27],"class_list":{"0":"post-113002","1":"post","2":"type-post","3":"status-publish","4":"format-standard","5":"has-post-thumbnail","7":"category-overskrifter","8":"tag-breaking-news","9":"tag-breakingnews","10":"tag-featured-news","11":"tag-featurednews","12":"tag-headlines","13":"tag-hovedoppslag","14":"tag-latest-news","15":"tag-latestnews","16":"tag-main-news","17":"tag-mainnews","18":"tag-news","19":"tag-no","20":"tag-norge","21":"tag-norway","22":"tag-nyheter","23":"tag-overskrifter","24":"tag-top-stories","25":"tag-topstories"},"share_on_mastodon":{"url":"https:\/\/pubeurope.com\/@no\/115718322110589772","error":""},"_links":{"self":[{"href":"https:\/\/www.europesays.com\/no\/wp-json\/wp\/v2\/posts\/113002","targetHints":{"allow":["GET"]}}],"collection":[{"href":"https:\/\/www.europesays.com\/no\/wp-json\/wp\/v2\/posts"}],"about":[{"href":"https:\/\/www.europesays.com\/no\/wp-json\/wp\/v2\/types\/post"}],"author":[{"embeddable":true,"href":"https:\/\/www.europesays.com\/no\/wp-json\/wp\/v2\/users\/2"}],"replies":[{"embeddable":true,"href":"https:\/\/www.europesays.com\/no\/wp-json\/wp\/v2\/comments?post=113002"}],"version-history":[{"count":0,"href":"https:\/\/www.europesays.com\/no\/wp-json\/wp\/v2\/posts\/113002\/revisions"}],"wp:featuredmedia":[{"embeddable":true,"href":"https:\/\/www.europesays.com\/no\/wp-json\/wp\/v2\/media\/113003"}],"wp:attachment":[{"href":"https:\/\/www.europesays.com\/no\/wp-json\/wp\/v2\/media?parent=113002"}],"wp:term":[{"taxonomy":"category","embeddable":true,"href":"https:\/\/www.europesays.com\/no\/wp-json\/wp\/v2\/categories?post=113002"},{"taxonomy":"post_tag","embeddable":true,"href":"https:\/\/www.europesays.com\/no\/wp-json\/wp\/v2\/tags?post=113002"}],"curies":[{"name":"wp","href":"https:\/\/api.w.org\/{rel}","templated":true}]}}