{"id":113004,"date":"2025-12-14T14:10:22","date_gmt":"2025-12-14T14:10:22","guid":{"rendered":"https:\/\/www.europesays.com\/no\/113004\/"},"modified":"2025-12-14T14:10:22","modified_gmt":"2025-12-14T14:10:22","slug":"georg-ingve-nilsens-minnelop-knakk-storfavoritten-fra-dodens-trav-og-galopp-nytt","status":"publish","type":"post","link":"https:\/\/www.europesays.com\/no\/113004\/","title":{"rendered":"Georg Ingve Nilsens minnel\u00f8p: Knakk storfavoritten fra d\u00f8dens &#8211; Trav og Galopp-Nytt"},"content":{"rendered":"<ol>\n<li><a href=\"https:\/\/news.google.com\/rss\/articles\/CBMiZkFVX3lxTE10ZnBZaWR3UGgzblEtcXowRkk5c2RWcTRISnpST0pHVmtMd1MtenlyVlBSRFZpS2FfNUJIbEQycVNQMnNPcG42Z25OcFNmSHZMLVdob0l4enpKRlB5Wk5LZzJRbVVGdw?oc=5\" target=\"_blank\" rel=\"nofollow noopener\">Georg Ingve Nilsens minnel\u00f8p: Knakk storfavoritten fra d\u00f8dens<\/a>&nbsp;&nbsp;Trav og Galopp-Nytt<\/li>\n<li><a href=\"https:\/\/news.google.com\/rss\/articles\/CBMihwFBVV95cUxQaktmeHlVT25YWnlScXJUbnVISTBwbWZlNVpHRDh6RGp4S25uX2g4OWFkbFhEWURKWjhFTEoyVF96bWtuaWctX2syd0dzWUNZbW81NXhJTW5PRTduTkdfd28xQXR6RHFzcG5YcjF4OE9IS3VzQXhjSkZ0MVo0VTVpaklGQVZUMGM?oc=5\" target=\"_blank\" rel=\"nofollow noopener\">\u00d8nsker \u00e5 kj\u00f8re i tet<\/a>&nbsp;&nbsp;Norsk Rikstoto<\/li>\n<li><a href=\"https:\/\/news.google.com\/rss\/articles\/CBMikgFBVV95cUxQb3JtQkxCNGczWi1WZ0xXRFpSQkw1VEE4WkVVcDRPVHhQWmVXTTRIaWJjcm5hOEdtdGtsQU1nSHNScFNmeUQ2ellmdzFEMUNVMFBrc205QXluUGlGb25nV0xpOExMOWZhQTFEOE5DNDZNa2lpOV84RUpPMXItT1F2ekxIUS1KRzR0WnhjQ2hwMzFUUQ?oc=5\" target=\"_blank\" rel=\"nofollow noopener\">Tet og slutt for Oracle Tile<\/a>&nbsp;&nbsp;Norsk Rikstoto<\/li>\n<li><a href=\"https:\/\/news.google.com\/rss\/articles\/CBMisgFBVV95cUxPS0RLZFpTSGN6V2EzUDMtWHN3UEI1Nm9qc3QyYVB5cFZ3LVVuZjhXOXc3b0dtb0NqU2wwb1RaaTMzZDM4Zy1UcjBoZGozSXNmNFRBQjdnTXlIVmUtTW5KSUItcUpvWHMtdjRjVFhXWUFrQ3FTaEM0OURSOWtOTTdwLTBPdEswRXhvajhpSW9qRWNvWUhPdjI0YUhFTTN6S2lNUTAtd1ZlZzVIRTJlUEZSbVBn?oc=5\" target=\"_blank\" rel=\"nofollow noopener\">Stallsnakk: \u2013 Han er blitt lynrask uten baksko og sjekk<\/a>&nbsp;&nbsp;Norsk Rikstoto<\/li>\n<li><a href=\"https:\/\/news.google.com\/rss\/articles\/CBMiakFVX3lxTFBBTG54aGo3UGpxaTZfQVlkVmYzWnJ1bWNIVTJ2bmlNenFZd3daaFhzYWN3V3pHRHl2U1pDTU9pWGt0aDlHRmRMSkZxV3JHUWgzTS1hbzA4MmtaVjBaWExXVTc0Yjlab2syR3c?oc=5\" target=\"_blank\" rel=\"nofollow noopener\">Startlister V75: Malmin tar med seg Oracle Tile<\/a>&nbsp;&nbsp;Trav365.no<\/li>\n<\/ol>\n","protected":false},"excerpt":{"rendered":"Georg Ingve Nilsens minnel\u00f8p: Knakk storfavoritten fra d\u00f8dens&nbsp;&nbsp;Trav og Galopp-Nytt \u00d8nsker \u00e5 kj\u00f8re i tet&nbsp;&nbsp;Norsk Rikstoto Tet og&hellip;\n","protected":false},"author":2,"featured_media":113005,"comment_status":"","ping_status":"","sticky":false,"template":"","format":"standard","meta":{"footnotes":""},"categories":[59],"tags":[30,28,29,83,82],"class_list":{"0":"post-113004","1":"post","2":"type-post","3":"status-publish","4":"format-standard","5":"has-post-thumbnail","7":"category-sport","8":"tag-no","9":"tag-norge","10":"tag-norway","11":"tag-sport","12":"tag-sports"},"share_on_mastodon":{"url":"https:\/\/pubeurope.com\/@no\/115718325964983182","error":""},"_links":{"self":[{"href":"https:\/\/www.europesays.com\/no\/wp-json\/wp\/v2\/posts\/113004","targetHints":{"allow":["GET"]}}],"collection":[{"href":"https:\/\/www.europesays.com\/no\/wp-json\/wp\/v2\/posts"}],"about":[{"href":"https:\/\/www.europesays.com\/no\/wp-json\/wp\/v2\/types\/post"}],"author":[{"embeddable":true,"href":"https:\/\/www.europesays.com\/no\/wp-json\/wp\/v2\/users\/2"}],"replies":[{"embeddable":true,"href":"https:\/\/www.europesays.com\/no\/wp-json\/wp\/v2\/comments?post=113004"}],"version-history":[{"count":0,"href":"https:\/\/www.europesays.com\/no\/wp-json\/wp\/v2\/posts\/113004\/revisions"}],"wp:featuredmedia":[{"embeddable":true,"href":"https:\/\/www.europesays.com\/no\/wp-json\/wp\/v2\/media\/113005"}],"wp:attachment":[{"href":"https:\/\/www.europesays.com\/no\/wp-json\/wp\/v2\/media?parent=113004"}],"wp:term":[{"taxonomy":"category","embeddable":true,"href":"https:\/\/www.europesays.com\/no\/wp-json\/wp\/v2\/categories?post=113004"},{"taxonomy":"post_tag","embeddable":true,"href":"https:\/\/www.europesays.com\/no\/wp-json\/wp\/v2\/tags?post=113004"}],"curies":[{"name":"wp","href":"https:\/\/api.w.org\/{rel}","templated":true}]}}