{"id":113006,"date":"2025-12-14T14:11:10","date_gmt":"2025-12-14T14:11:10","guid":{"rendered":"https:\/\/www.europesays.com\/no\/113006\/"},"modified":"2025-12-14T14:11:10","modified_gmt":"2025-12-14T14:11:10","slug":"prinsesse-kate-med-rorende-gest","status":"publish","type":"post","link":"https:\/\/www.europesays.com\/no\/113006\/","title":{"rendered":"Prinsesse Kate med r\u00f8rende gest"},"content":{"rendered":"\n<p class=\"_lead_o9xde_2 _lead_xtcu6_50 layout-component text-serif-m layout-normal text-serif-l layout-component layout-wide layout-padded _wide_17hqh_1 layout-padded\">Prinsessen bes\u00f8kte kunstinstallasjon som samler inn penger til kreftforskning. <\/p>\n<p><img alt=\" Foto: Chris Jackson \/ Pa Photos \/ NTB\" class=\"_image_qp4xg_65 layout-component layout-wide\" data-fullscreen- data-track-element-type=\"Article image fullscreen\" data-track-name=\"ImageFullscreen\" fetchpriority=\"high\" decoding=\"sync\" loading=\"eager\" height=\"3333\" itemprop=\"image\"  src=\"https:\/\/www.europesays.com\/no\/wp-content\/uploads\/2025\/12\/2a08a6f1-8d4a-4858-a646-75e39762a27a\"  style=\"object-position:0% 0%\" width=\"5000\"\/> Foto: Chris Jackson \/ Pa Photos \/ NTB<\/p>\n<ul aria-hidden=\"true\" class=\"_images_ntbth_112\">\n<li><a class=\"_link_ntbth_117\" href=\"https:\/\/www.vg.no\/forfatter\/josefine-mikalsen-oeien\" style=\"z-index:1\" title=\"Josefine Mikalsen \u00d8ien\" rel=\"nofollow noopener\" target=\"_blank\"><img alt=\"Bilde av Josefine Mikalsen \u00d8ien\" class=\"_image_ntbth_93\" fetchpriority=\"low\" loading=\"lazy\" decoding=\"async\" itemprop=\"image\"  src=\"https:\/\/www.europesays.com\/no\/wp-content\/uploads\/2025\/12\/1765721469_589_0eb14936-788c-4c75-9394-86a6ae70390d\"  width=\"480\"\/><\/a><\/li>\n<\/ul>\n<p> Oppdatert s\u00f8ndag 14. desember kl. 14:32     <\/p>\n<p class=\"_paragraph_o9xde_4 _paragraph_xtcu6_10 layout-component text-serif-m layout-normal text-serif-m layout-padded\">Prinsesse Kate (43) gjorde l\u00f8rdag et uanmeldt bes\u00f8k til en kunstinstallasjon i <a href=\"https:\/\/www.vg.no\/tag\/london?utm_source=vg-article&amp;utm_medium=auto-tagger&amp;utm_campaign=k0ajOX\" class=\"_link_o9xde_39\" rel=\"nofollow noopener\" target=\"_blank\">London<\/a>. Der etterlot hun et personlig h\u00e5ndskrevet brev til minne om alle som har mistet livet p\u00e5 grunn av kreft.<\/p>\n<p class=\"_paragraph_o9xde_4 _paragraph_xtcu6_10 layout-component text-serif-m layout-normal text-serif-m layout-padded\">Prinsessen av Wales bes\u00f8kte Ever After Garden, en sesongbasert utend\u00f8rsinstallasjon som samler inn penger til Royal Marsden Cancer Charity. <\/p>\n<p><img alt=\"I en video delt p\u00e5 Instagram kunne et lite brev ses i gresset.\" class=\"_image_qp4xg_65 layout-component layout-normal\" data-fullscreen- data-track-element-type=\"Article image fullscreen\" data-track-name=\"ImageFullscreen\" decoding=\"async\" loading=\"lazy\" height=\"1092\" itemprop=\"image\"  src=\"https:\/\/www.europesays.com\/no\/wp-content\/uploads\/2025\/12\/981b591e-4029-4069-a3eb-7fcf3955e795\"  style=\"object-position:0% 0%\" width=\"646\"\/>I en video delt p\u00e5 Instagram kunne et lite brev ses i gresset.  Foto: Screenshot Instagram \/ @princeandprincessofwales<\/p>\n<p class=\"_paragraph_o9xde_4 _paragraph_xtcu6_10 layout-component text-serif-m layout-normal text-serif-m layout-padded\">P\u00e5 Instagram ble det delt en video fra bes\u00f8ket p\u00e5 l\u00f8rdag. I noen sekunder kunne man se et lite h\u00e5ndskrevet brev.<\/p>\n<p class=\"_paragraph_o9xde_4 _paragraph_xtcu6_10 layout-component text-serif-m layout-normal text-serif-m layout-padded\">\u2013 Til kj\u00e6rlig minne om alle som har mistet livet p\u00e5 grunn av kreft &#8211; C, st\u00e5r det.<\/p>\n<p class=\"_paragraph_o9xde_4 _paragraph_xtcu6_10 layout-component text-serif-m layout-normal text-serif-m layout-padded\">I Instagram-innlegget skrev Kate:<\/p>\n<p class=\"_paragraph_o9xde_4 _paragraph_xtcu6_10 layout-component text-serif-m layout-normal text-serif-m layout-padded\">\u2013 Takk til alle som har bidratt til Ever After Garden, som samler inn viktige midler til Royal Marsden Cancer Charity. Hver blomst, hvert lys, er et minne holdt sammen, et uttrykk delt av kj\u00e6rlighet, erindring og h\u00e5p.<\/p>\n<p class=\"_paragraph_o9xde_4 _paragraph_xtcu6_10 layout-component text-serif-m layout-normal text-serif-m layout-padded\">Selv har prinsessen g\u00e5tt gjennom kreftbehandling ved Royal Marsden Hospital i Chelsea etter at hun ble diagnostisert med kreft i mars 2024.<\/p>\n<p class=\"_paragraph_o9xde_4 _paragraph_xtcu6_10 layout-component text-serif-m layout-normal text-serif-m layout-padded\">Hun fullf\u00f8rte cellegiftbehandlingen i september og kunngjorde i januar at hun var i remisjon.<\/p>\n<p class=\"_paragraph_o9xde_4 _paragraph_xtcu6_10 layout-component text-serif-m layout-normal text-serif-m layout-padded\">Installasjonen viser mer enn 30.000 lysende hvite roser og har samlet inn over 1,6 millioner dollar til kreftsykehuset siden den \u00e5pnet i 2019, if\u00f8lge <a href=\"https:\/\/people.com\/kate-middleton-leaves-handwritten-note-for-those-who-lost-their-lives-to-cancer-11868679\" class=\"_link_o9xde_39\" rel=\"nofollow noopener\" target=\"_blank\">People.<\/a><\/p>\n<p class=\"_paragraph_o9xde_4 _paragraph_xtcu6_10 layout-component text-serif-m layout-normal text-serif-m layout-padded\">Kate og prins William ble fellesbeskyttere for Royal Marsden NHS Foundation Trust i januar, i \u00e5r.<\/p>\n<p class=\"_paragraph_o9xde_4 _paragraph_xtcu6_10 layout-component text-serif-m layout-normal text-serif-m layout-padded\">Bes\u00f8ket til kunstinstallasjonen kom ogs\u00e5 noen dager etter at kong Charles delte en oppdatering om sin egen helse.<\/p>\n<p class=\"_paragraph_o9xde_4 _paragraph_xtcu6_10 layout-component text-serif-m layout-normal text-serif-m layout-padded\"><strong class=\"_strong_o9xde_25\">Les ogs\u00e5: <\/strong><a href=\"https:\/\/www.vg.no\/rampelys\/i\/L40G4J\/kong-charles-sier-han-responderer-bra-paa-kreftbehandling\" data-track-element-type=\"Link\" data-track-id=\"link:L40G4J\" class=\"_link_o9xde_39\" rel=\"nofollow noopener\" target=\"_blank\">Kong Charles sier han responderer bra p\u00e5 kreftbehandling<\/a><\/p>\n","protected":false},"excerpt":{"rendered":"Prinsessen bes\u00f8kte kunstinstallasjon som samler inn penger til kreftforskning. Foto: Chris Jackson \/ Pa Photos \/ NTB Oppdatert&hellip;\n","protected":false},"author":2,"featured_media":113007,"comment_status":"","ping_status":"","sticky":false,"template":"","format":"standard","meta":{"footnotes":""},"categories":[58],"tags":[71,4883,4758,76,863,30,28,29,72],"class_list":{"0":"post-113006","1":"post","2":"type-post","3":"status-publish","4":"format-standard","5":"has-post-thumbnail","7":"category-underholdning","8":"tag-entertainment","9":"tag-instagram","10":"tag-kate-middleton","11":"tag-kongelig","12":"tag-london","13":"tag-no","14":"tag-norge","15":"tag-norway","16":"tag-underholdning"},"share_on_mastodon":{"url":"https:\/\/pubeurope.com\/@no\/115718329834896877","error":""},"_links":{"self":[{"href":"https:\/\/www.europesays.com\/no\/wp-json\/wp\/v2\/posts\/113006","targetHints":{"allow":["GET"]}}],"collection":[{"href":"https:\/\/www.europesays.com\/no\/wp-json\/wp\/v2\/posts"}],"about":[{"href":"https:\/\/www.europesays.com\/no\/wp-json\/wp\/v2\/types\/post"}],"author":[{"embeddable":true,"href":"https:\/\/www.europesays.com\/no\/wp-json\/wp\/v2\/users\/2"}],"replies":[{"embeddable":true,"href":"https:\/\/www.europesays.com\/no\/wp-json\/wp\/v2\/comments?post=113006"}],"version-history":[{"count":0,"href":"https:\/\/www.europesays.com\/no\/wp-json\/wp\/v2\/posts\/113006\/revisions"}],"wp:featuredmedia":[{"embeddable":true,"href":"https:\/\/www.europesays.com\/no\/wp-json\/wp\/v2\/media\/113007"}],"wp:attachment":[{"href":"https:\/\/www.europesays.com\/no\/wp-json\/wp\/v2\/media?parent=113006"}],"wp:term":[{"taxonomy":"category","embeddable":true,"href":"https:\/\/www.europesays.com\/no\/wp-json\/wp\/v2\/categories?post=113006"},{"taxonomy":"post_tag","embeddable":true,"href":"https:\/\/www.europesays.com\/no\/wp-json\/wp\/v2\/tags?post=113006"}],"curies":[{"name":"wp","href":"https:\/\/api.w.org\/{rel}","templated":true}]}}