{"id":113011,"date":"2025-12-14T14:43:14","date_gmt":"2025-12-14T14:43:14","guid":{"rendered":"https:\/\/www.europesays.com\/no\/113011\/"},"modified":"2025-12-14T14:43:14","modified_gmt":"2025-12-14T14:43:14","slug":"thorir-hergeirsson-handball-vm-thorir-hergeirsson-om-vm-vil-ikke-ga-igjen-som-et-spokelse","status":"publish","type":"post","link":"https:\/\/www.europesays.com\/no\/113011\/","title":{"rendered":"Thorir Hergeirsson, H\u00e5ndball-VM | Thorir Hergeirsson om VM: \u2013 Vil ikke g\u00e5 igjen som et sp\u00f8kelse"},"content":{"rendered":"\n<p>   <img decoding=\"async\" width=\"1500\" height=\"440\" fetchpriority=\"low\"  loading=\"lazy\"  src=\"https:\/\/www.europesays.com\/no\/wp-content\/uploads\/2025\/12\/1765723391_103_HerErVi_Sport_1+person+%281%29.jpg\" alt=\"\" class=\"brick-c-cFOWSL\" style=\"--brick-image-ratio: 1500 \/ 440;\"\/><\/p>\n<p><b><a href=\"https:\/\/www.nettavisen.no\/sport\/folg-vm-finalen-mellom-norge-og-tyskland-her\/s\/5-95-2779647\" rel=\"Follow nofollow noopener\" target=\"_blank\">TYSKLAND &#8211; NORGE &#8211; 17:30<\/a><\/b><\/p>\n<p>ROTTERDAM, NEDERLAND (Nettavisen): Norge er igjen klar for en mesterskapsfinale i h\u00e5ndball.<\/p>\n<p>Hjemme p\u00e5 Klepp sitter han som hadde ansvaret for laget fra 2009 til 1. januar 2025, Thorir Hergeirsson.<\/p>\n<p><b>Les ogs\u00e5: <\/b><a href=\"https:\/\/www.nettavisen.no\/sport\/vm-kaos-norge-benken-i-harnisk-mot-nederland\/s\/5-95-2778441\" rel=\"Follow nofollow noopener\" target=\"_blank\">Ville scener: Norge til VM-finale<\/a><\/p>\n<p>Nettavisen fikk m\u00f8te 61-\u00e5ringen p\u00e5 Vestlandet, f\u00e5 dager f\u00f8r VM startet for noen uker tilbake.<\/p>\n<p>Det var aldri aktuelt \u00e5 ta turen til verken Tyskland eller Nederland for \u00e5 f\u00f8lge hans tidligere elever fra tribunen.<\/p>\n<p>\u2013 Ingen har godt av at jeg skal g\u00e5 rundt i hallen der som et sp\u00f8kelse, sier han og smiler lurt.<\/p>\n<p><a href=\"https:\/\/www.nettavisen.no\/sport\/folg-vm-finalen-mellom-norge-og-tyskland-her\/s\/5-95-2779647\" rel=\"Follow nofollow noopener\" target=\"_blank\"><b>F\u00f8lg VM-finalen hos Nettavisen fra 17:30!<\/b><\/a><\/p>\n<p>Thorir: \u2013 Savner menneskene<\/p>\n<p>Vi finner et hj\u00f8rne p\u00e5 en caf\u00e9 i Stavangers gater. P\u00e5 dette tidspunktet er det nesten et \u00e5r siden han offisielt var ferdig som Norge-sjef.<\/p>\n<p>\u2013 Jeg tror det er bra for meg \u00e5 v\u00e6re borte fra dette n\u00e5. Jeg har v\u00e6rt med i alle seniormesterskap siden 1996, bortsett fra i Romania i 2000. Det blir rart, men de skal f\u00e5 god arbeidsro fra meg.<\/p>\n<p><b>Les ogs\u00e5: <\/b><a href=\"https:\/\/www.nettavisen.no\/sport\/nora-mork-situasjonen-skapte-furore-mener-det-var-feil\/s\/5-95-2747531\" rel=\"Follow nofollow noopener\" target=\"_blank\">Skapte furore: \u2013 Lite gjennomtenkt<\/a><\/p>\n<p>\u2013 Jeg savner jo menneskene, s\u00e5 og si hver dag. Men selv oppgavene i jobben savner man jo ikke s\u00e5 mye. Det m\u00e5 jeg si og v\u00e6re \u00e6rlig p\u00e5 at jeg ikke har gjort.<\/p>\n<p>Han har p\u00e5 ingen m\u00e5te klart \u00e5 holde seg borte fra milj\u00f8et. N\u00e5 bidrar han b\u00e5de for hjemlandet Island, noen oppdrag for Norges H\u00e5ndballforbund, samt trener et guttelag der han bor.<\/p>\n<p>\u2013 Jeg trives veldig godt med det jeg gj\u00f8r akkurat n\u00e5, og har sagt klart ifra at det vil fortsatt v\u00e6re s\u00e5nn i tiden fremover. Det er ikke aktuelt for meg \u00e5 ta noen trenerjobb f\u00f8r tidligst etter neste sommer. Det er heller ikke sikkert jeg ender opp i en ny trenerjobb.<\/p>\n<p>Tilbudene har det ikke st\u00e5tt p\u00e5 for tidenes mestvinnende h\u00e5ndballtrener.<\/p>\n<p>   <img decoding=\"async\" width=\"5240\" height=\"2948\" fetchpriority=\"low\"  loading=\"lazy\"  src=\"https:\/\/www.europesays.com\/no\/wp-content\/uploads\/2025\/12\/NTB_wawEwUkfu0I.jpg\" alt=\"\" class=\"brick-c-cFOWSL\" style=\"--brick-image-ratio: 5240 \/ 2948;\"\/><\/p>\n<p>      HYLLET: Thorir Hergeirsson ble b\u00e5ret p\u00e5 gullstol etter EM-gullet i fjor.<br \/>\n      Foto: Liselotte Sabroe (Ritzau)\n    <\/p>\n<p>  Israel-debatten: \u2013 Handlingslammet<\/p>\n<p>Hergeirsson er en fagmann, men har ogs\u00e5 m\u00e5tte ta stilling til etiske og idrettspolitiske problemstillinger gjennom sin tidligere jobb som norsk landslagssjef.<\/p>\n<p>Han var heller ikke redd for \u00e5 ta enkelte kamper.<\/p>\n<p>Hergeirsson var en av de tydeligste stemmene under den store diskusjonen rundt VM-gruppene i 2023. Der det ble kjent at vertsnasjonene fikk mulighetene til \u00e5 velge motstandere i forkant av mesterskapet.<\/p>\n<p>\u00ab<a href=\"https:\/\/www.nettavisen.no\/sport\/thorir-innrommelse-etter-hysteriet-det-er-ikke-fair-play\/s\/5-95-1502872\" rel=\"Follow nofollow noopener\" target=\"_blank\">Det er ikke fair play<\/a>\u00bb var islendingens klare mening den gangen.<\/p>\n<p>\u2013 Det er naivt \u00e5 tenke at idrett og politikk ikke h\u00f8rer sammen.<\/p>\n<p>   <img decoding=\"async\" width=\"6016\" height=\"3384\" fetchpriority=\"low\"  loading=\"lazy\"  src=\"https:\/\/www.europesays.com\/no\/wp-content\/uploads\/2025\/12\/DSC_0361.JPG\" alt=\"\" class=\"brick-c-cFOWSL\" style=\"--brick-image-ratio: 6016 \/ 3384;\"\/><\/p>\n<p>      IDRETT OG POLITIKK: Thorir Hergeirsson \u00e5pner om sitt forhold til idrettspolitikkens kraft.<br \/>\n      Foto: Daniel Austerheim (Nettavisen)\n    <\/p>\n<p>Tidligere i \u00e5r ble det stor oppstandelse p\u00e5 Island, da landets kvinnelag i h\u00e5ndball m\u00e5tte ut i VM-kvalifisering mot Israel.<\/p>\n<p>Mange mente at islendingene burde boikotte kampen, men det hele endte med et dobbeltoppgj\u00f8r p\u00e5 Island, bak lukkede d\u00f8rer.<\/p>\n<p>Island vant, og kvalifiserte seg til VM.<\/p>\n<p>\u2013 Det ble mye greier. Hadde man boikottet kampen, ville jo Israel kvalifisert seg.<\/p>\n<p><b>Les ogs\u00e5: <\/b><a href=\"https:\/\/www.nettavisen.no\/sport\/thorir-innrommelse-etter-hysteriet-det-er-ikke-fair-play\/s\/5-95-1502872\" rel=\"Follow nofollow noopener\" target=\"_blank\">Thorir-innr\u00f8mmelse etter hysteriet: \u2013 Det er ikke fair play<\/a><\/p>\n<p>Han mener idretten har feilet i sp\u00f8rsm\u00e5let rundt israelsk deltakelse i idrett.<\/p>\n<p>\u2013 Man har v\u00e6rt bemerkelsesverdig handlingslammet rundt Israel i idretten. Det blir nok flere slike problemstillinger de neste \u00e5rene. Politikken styrer idretten, politikken setter rammene og reglene. Det som er mest urovekkende er at Israel ikke har blitt utestengt for lengst.<\/p>\n<p>    Vil du se neste video?<\/p>\n<p>    <a href=\"https:\/\/www.nettavisen.no\/nyheter\/ny-donal-trump-blemme-dumskalle\/v\/5-95-2774170\" class=\"recommend-poster\" data-adp-clicklabel=\"video-recommend\" data-adp-clickvalue=\"poster\" rel=\"nofollow noopener\" target=\"_blank\"><br \/>\n      <img decoding=\"async\" width=\"200\" height=\"200\" loading=\"lazy\" src=\"https:\/\/www.europesays.com\/no\/wp-content\/uploads\/2025\/12\/Trump+og+mobil+til+cue.jpg\" alt=\"\" class=\"brick-c-cFOWSL\" style=\"--brick-image-ratio: 200 \/ 200;\"\/><\/p>\n<p>Ny Trump-blemme: \u2013 Dumskalle0:57<\/p>\n<p>    <\/a><\/p>\n<p>        Katrine Lunde spilte l\u00f8rdag mot det som mest sannsynlig er hennes aller st\u00f8rste fan.<\/p>\n<p>En av Hergeirsson st\u00f8rste rivaler gjennom landslagskarrieren var Russland, som for tiden er utestengt.<\/p>\n<p>\u2013 Russland var jo alltid der. Fra starten p\u00e5 2000-tallet, og helt frem til OL i Rio. Jeg er veldig klar p\u00e5 at Russland skal utestenges, samtidig savner man de i idretten. Det var en stor h\u00e5ndballnasjon, s\u00e5 \u00e5 f\u00e5 de tilbake, etter at krigen stopper, ville v\u00e6rt viktig for konkurransen.<\/p>\n<p>Lundes siste dans<\/p>\n<p>S\u00f8ndag spiller Katrine Lunde sin siste kamp som norsk landslagsspiller. Hergeirsson har st\u00e5tt p\u00e5 sidelinjen siden starten, med unntak av det siste \u00e5ret.<\/p>\n<p>N\u00e5 skal han se 45-\u00e5ringens siste mesterskapsredning fra sofaen p\u00e5 Klepp.<\/p>\n<p>\u2013 Hun er unik. Katrine er et perfekt eksempel p\u00e5 hvor langt indre motivasjon kan ta deg. Det er ikke ofte man ser. Man ser jo ogs\u00e5 at enkelte spillere holder p\u00e5 lenge. Hun debuterte p\u00e5 landslaget da Rushfeldt Deila-s\u00f8strene ble f\u00f8dt, sier han og ler.<\/p>\n<p>\u2013 Hva gj\u00f8r henne s\u00e5 unik?<\/p>\n<p>\u2013 Hun \u00f8nsker hele tiden \u00e5 bli bedre og utvikle seg, da har du gode forutsetninger til \u00e5 lykkes.<\/p>\n<p><b>Les ogs\u00e5: <\/b><a href=\"https:\/\/www.nettavisen.no\/sport\/vm-alvoret-norges-helseteam-satt-ned-foten\/s\/5-95-2778504\" rel=\"Follow nofollow noopener\" target=\"_blank\">VM-alvoret: Helseteam satt ned foten<\/a><\/p>\n<p>\u2013 Katrine er en ekstrem lagspiller, og stiller aldri sp\u00f8rsm\u00e5l til avgj\u00f8relser som blir tatt, s\u00e5 lenge det er bra for laget.<\/p>\n<p>   <img decoding=\"async\" width=\"4168\" height=\"2344\" fetchpriority=\"low\"  loading=\"lazy\"  src=\"https:\/\/www.europesays.com\/no\/wp-content\/uploads\/2025\/12\/NTB_fgJI1dxXIxA_1.jpg\" alt=\"\" class=\"brick-c-cFOWSL\" style=\"--brick-image-ratio: 4168 \/ 2344;\"\/><\/p>\n<p>      LANG FARTSTID: Thorir Hergeirsson og Katrine Lunde jobbet tett sammen under landslagstiden.<br \/>\n      Foto: Beate Oma Dahle (NTB)\n    <\/p>\n<p>S\u00f8ndag skal alts\u00e5 Norge spille VM-finale mot overraskelseslaget Tyskland. Stornasjonen har ikke v\u00e6rt i en VM-finale siden 1993, men skal n\u00e5 pr\u00f8ve \u00e5 vippe det norske lokomotivet ned fra tronen.<\/p>\n<p>Kampen kastes i gang 17:30 og vises hos Viaplay, eller s\u00e5 kan du f\u00f8lge den live hos Nettavisen.<\/p>\n","protected":false},"excerpt":{"rendered":"TYSKLAND &#8211; NORGE &#8211; 17:30 ROTTERDAM, NEDERLAND (Nettavisen): Norge er igjen klar for en mesterskapsfinale i h\u00e5ndball. Hjemme&hellip;\n","protected":false},"author":2,"featured_media":113012,"comment_status":"","ping_status":"","sticky":false,"template":"","format":"standard","meta":{"footnotes":""},"categories":[59],"tags":[30,28,29,83,82],"class_list":{"0":"post-113011","1":"post","2":"type-post","3":"status-publish","4":"format-standard","5":"has-post-thumbnail","7":"category-sport","8":"tag-no","9":"tag-norge","10":"tag-norway","11":"tag-sport","12":"tag-sports"},"share_on_mastodon":{"url":"https:\/\/pubeurope.com\/@no\/115718456305078313","error":""},"_links":{"self":[{"href":"https:\/\/www.europesays.com\/no\/wp-json\/wp\/v2\/posts\/113011","targetHints":{"allow":["GET"]}}],"collection":[{"href":"https:\/\/www.europesays.com\/no\/wp-json\/wp\/v2\/posts"}],"about":[{"href":"https:\/\/www.europesays.com\/no\/wp-json\/wp\/v2\/types\/post"}],"author":[{"embeddable":true,"href":"https:\/\/www.europesays.com\/no\/wp-json\/wp\/v2\/users\/2"}],"replies":[{"embeddable":true,"href":"https:\/\/www.europesays.com\/no\/wp-json\/wp\/v2\/comments?post=113011"}],"version-history":[{"count":0,"href":"https:\/\/www.europesays.com\/no\/wp-json\/wp\/v2\/posts\/113011\/revisions"}],"wp:featuredmedia":[{"embeddable":true,"href":"https:\/\/www.europesays.com\/no\/wp-json\/wp\/v2\/media\/113012"}],"wp:attachment":[{"href":"https:\/\/www.europesays.com\/no\/wp-json\/wp\/v2\/media?parent=113011"}],"wp:term":[{"taxonomy":"category","embeddable":true,"href":"https:\/\/www.europesays.com\/no\/wp-json\/wp\/v2\/categories?post=113011"},{"taxonomy":"post_tag","embeddable":true,"href":"https:\/\/www.europesays.com\/no\/wp-json\/wp\/v2\/tags?post=113011"}],"curies":[{"name":"wp","href":"https:\/\/api.w.org\/{rel}","templated":true}]}}