{"id":113020,"date":"2025-12-14T14:57:08","date_gmt":"2025-12-14T14:57:08","guid":{"rendered":"https:\/\/www.europesays.com\/no\/113020\/"},"modified":"2025-12-14T14:57:08","modified_gmt":"2025-12-14T14:57:08","slug":"norgespris-na-bor-alle-velge-stotteordningen-pa-vestlandet-bergens-tidende","status":"publish","type":"post","link":"https:\/\/www.europesays.com\/no\/113020\/","title":{"rendered":"Norgespris: \u2013 N\u00e5 b\u00f8r alle velge st\u00f8tteordningen p\u00e5 Vestlandet &#8211; Bergens Tidende"},"content":{"rendered":"<ol>\n<li><a href=\"https:\/\/news.google.com\/rss\/articles\/CBMimwFBVV95cUxPa2xKT3dETXg0UnJRM1Npc1VVZXJsa05Ock5HLVZUMW11dG9uY25HNFBlbW8wbzBNVkxFdVY2b2U0b21xZEwwaFlvYUEwZjFNLXpKZGIwLTV2MURFNW9UYWduU0JFSlF6OS1ZN2I2T0hacHRqT1pTTUJuQm0zOVJ0bmNGTGFrdFJncER2dXFiQTdVWU1VUWdIQWR3MA?oc=5\" target=\"_blank\" rel=\"nofollow noopener\">Norgespris: \u2013 N\u00e5 b\u00f8r alle velge st\u00f8tteordningen p\u00e5 Vestlandet<\/a>&nbsp;&nbsp;Bergens Tidende<\/li>\n<li><a href=\"https:\/\/news.google.com\/rss\/articles\/CBMixAFBVV95cUxOMXZScE13T3lGamVFREp2Nk9wa25jTXdXeGpTbFJHemk4bzlTSjRNVG5OdzlrbHVmZG1Ka3hhanNZUE9ZWmF1cTEyMGtPTUZONExlQ1VXLUlqbmV3QzVYVFd2TUNiX0YyT3Nxdk8wYkNFS2ZqTHZVdURQc2VOMHBNSzNQM1FBRV9NY3lBT2JMdEpES3hmRkQxc25VOEZ0SGhaOFV0N1I3Snk2LVhSQ01URE56MUxXUXJJeml4SVVVNnlMQUY5?oc=5\" target=\"_blank\" rel=\"nofollow noopener\">Uenige om Norgespris gir ekstraregning for n\u00e6ringslivet (+)<\/a>&nbsp;&nbsp;Dagens N\u00e6ringsliv<\/li>\n<li><a href=\"https:\/\/news.google.com\/rss\/articles\/CBMipwFBVV95cUxOdEV0Z29hTzB0cUhlM3dIRFJrR191SkhoQU1ERFFUVjVqTS0xWFlXb0VnYVZSNFI1Ul9zWHp1SlNQZW5qOXNRSGZXYmhpZVFVNWFwdEZGREhEVkJiLXJKd2VVYm9Nb3phUnVOZXJxSk5VOFFROW1tNFFWWkJucE5tcGNEOUhHa0tNQy1KQVIxSURBY2psRzRYM2hNWFNzVy1uamhkd0pwdw?oc=5\" target=\"_blank\" rel=\"nofollow noopener\">Oppsiktsvekkende funn om norgespris<\/a>&nbsp;&nbsp;Nationen<\/li>\n<li><a href=\"https:\/\/news.google.com\/rss\/articles\/CBMiogFBVV95cUxNOExVZWl1RmN6X29jOVROWlU1eF8wUEptcm1tQ2RPQU0xX3BzRTlYdmNxRGJLdzJNTTdMVUVXTXpkbHhvWXFHMnNvUDFHWDVrZ3psVktJaFdZSG9XaDJ6NG1JUEtnV3VMY1czLV9kMlllcEJYanVDVTBzOTF4a0FqOEJuN3hDa1BfT0xZNWZ2eFJpTnQ0VGdYM09fSDdxNWowd3c?oc=5\" target=\"_blank\" rel=\"nofollow noopener\">Norske hushald har spart 1,6 milliardar kroner med noregspris<\/a>&nbsp;&nbsp;NRK<\/li>\n<li><a href=\"https:\/\/news.google.com\/rss\/articles\/CBMilwFBVV95cUxOMnRtMmZ0T2E4RS1RS1FVYzlDZXFzc3k5WkVDZEdGc1huUVlUSWR6U2kxN0dmamhUaEJLQTJxby1wLTgzakJ3R2t6VVlOQU0xVGpRYXpicFoxdW9Mb1dLeFdseENlNHR5N2RfS0QwakxWM0MxZ1M3eU5kYlFfQ3V5OEV4QjY4eVA5RHp5c3o5dUFUeDFPU0dF?oc=5\" target=\"_blank\" rel=\"nofollow noopener\">Str\u00f8mpriser, Kraft | Norgespris for f\u00f8rste gang l\u00f8nnsomt i Midt-Norge<\/a>&nbsp;&nbsp;Namdalsavisa<\/li>\n<\/ol>\n","protected":false},"excerpt":{"rendered":"Norgespris: \u2013 N\u00e5 b\u00f8r alle velge st\u00f8tteordningen p\u00e5 Vestlandet&nbsp;&nbsp;Bergens Tidende Uenige om Norgespris gir ekstraregning for n\u00e6ringslivet (+)&nbsp;&nbsp;Dagens&hellip;\n","protected":false},"author":2,"featured_media":113021,"comment_status":"","ping_status":"","sticky":false,"template":"","format":"standard","meta":{"footnotes":""},"categories":[5],"tags":[20,21,24,25,15,19,22,23,17,18,13,30,28,29,14,16,26,27],"class_list":{"0":"post-113020","1":"post","2":"type-post","3":"status-publish","4":"format-standard","5":"has-post-thumbnail","7":"category-overskrifter","8":"tag-breaking-news","9":"tag-breakingnews","10":"tag-featured-news","11":"tag-featurednews","12":"tag-headlines","13":"tag-hovedoppslag","14":"tag-latest-news","15":"tag-latestnews","16":"tag-main-news","17":"tag-mainnews","18":"tag-news","19":"tag-no","20":"tag-norge","21":"tag-norway","22":"tag-nyheter","23":"tag-overskrifter","24":"tag-top-stories","25":"tag-topstories"},"share_on_mastodon":{"url":"https:\/\/pubeurope.com\/@no\/115718510670235057","error":""},"_links":{"self":[{"href":"https:\/\/www.europesays.com\/no\/wp-json\/wp\/v2\/posts\/113020","targetHints":{"allow":["GET"]}}],"collection":[{"href":"https:\/\/www.europesays.com\/no\/wp-json\/wp\/v2\/posts"}],"about":[{"href":"https:\/\/www.europesays.com\/no\/wp-json\/wp\/v2\/types\/post"}],"author":[{"embeddable":true,"href":"https:\/\/www.europesays.com\/no\/wp-json\/wp\/v2\/users\/2"}],"replies":[{"embeddable":true,"href":"https:\/\/www.europesays.com\/no\/wp-json\/wp\/v2\/comments?post=113020"}],"version-history":[{"count":0,"href":"https:\/\/www.europesays.com\/no\/wp-json\/wp\/v2\/posts\/113020\/revisions"}],"wp:featuredmedia":[{"embeddable":true,"href":"https:\/\/www.europesays.com\/no\/wp-json\/wp\/v2\/media\/113021"}],"wp:attachment":[{"href":"https:\/\/www.europesays.com\/no\/wp-json\/wp\/v2\/media?parent=113020"}],"wp:term":[{"taxonomy":"category","embeddable":true,"href":"https:\/\/www.europesays.com\/no\/wp-json\/wp\/v2\/categories?post=113020"},{"taxonomy":"post_tag","embeddable":true,"href":"https:\/\/www.europesays.com\/no\/wp-json\/wp\/v2\/tags?post=113020"}],"curies":[{"name":"wp","href":"https:\/\/api.w.org\/{rel}","templated":true}]}}