{"id":113022,"date":"2025-12-14T14:58:14","date_gmt":"2025-12-14T14:58:14","guid":{"rendered":"https:\/\/www.europesays.com\/no\/113022\/"},"modified":"2025-12-14T14:58:14","modified_gmt":"2025-12-14T14:58:14","slug":"kelsey-hood-ffk-kona-til-ffk-treneren-kan-juble-jippi-endelig-er-jeg-norsk","status":"publish","type":"post","link":"https:\/\/www.europesays.com\/no\/113022\/","title":{"rendered":"Kelsey Hood, FFK | Kona til FFK-treneren kan juble: \u2013 Jippi, endelig er jeg norsk!"},"content":{"rendered":"\n<p>Det sier Kelsey Hood (38) etter at hun tidligere i uken fikk innvilget et norsk statsborgerskap.<\/p>\n<p>Hun har selv v\u00e6rt fotballspiller og tidligere trener for FFKs damelag. N\u00e5 er hun aktuell i trenerteamet til FFKs Stjernelag, men er ogs\u00e5 kjent som FFK-trener Andreas Hagens bedre halvdel.<\/p>\n<p>De m\u00f8tte hverandre i 2014 mens Kelsey var p\u00e5 banen som spiller i Amazon Grimstad, mens han spilte for Jerv. I 2016 giftet de seg.<\/p>\n<p>   <img decoding=\"async\" width=\"2000\" height=\"1500\" fetchpriority=\"low\"  loading=\"lazy\"  src=\"https:\/\/www.europesays.com\/no\/wp-content\/uploads\/2025\/12\/5_59_3345995+KELSEY.jfif\" alt=\"\" class=\"brick-c-cFOWSL\" style=\"--brick-image-ratio: 2000 \/ 1500;\"\/><\/p>\n<p>      Andreas Hagen sammen med kona Kelsey Hood og s\u00f8nnen Wesley. Familien er bosatt p\u00e5 Kr\u00e5ker\u00f8y.<br \/>\n      Foto: Privat\n    <\/p>\n<p>  \u2013 Glad i landet<\/p>\n<p>Da Andreas takket ja til trenerjobben i FFK, var dilemmaet at paret nettopp hadde kj\u00f8pt seg hus i Grimstad \u2013 32 mil unna. Den f\u00f8rste sesongen var han gressenkemann i Fredrikstad, men n\u00e5 bor den lille familien p\u00e5 Kr\u00e5ker\u00f8y<\/p>\n<p><b>\u2013 Hvorfor var det s\u00e5 viktig for deg \u00e5 bli norsk?<\/b><\/p>\n<p>\u2013 Ettersom b\u00e5de Andreas og s\u00f8nnen v\u00e5r Wesley (6) er norske, s\u00e5 f\u00f8ltes det helt riktig. Som sagt har jeg blitt veldig glad i landet og folket. Det er helt fantastisk, sier Kelsey som er fra USA.<\/p>\n<p>   <img decoding=\"async\" width=\"1944\" height=\"1584\" fetchpriority=\"low\"  loading=\"lazy\"  src=\"https:\/\/www.europesays.com\/no\/wp-content\/uploads\/2025\/12\/TRIM.jpg\" alt=\"\" class=\"brick-c-cFOWSL\" style=\"--brick-image-ratio: 1944 \/ 1584;\"\/><\/p>\n<p>      Kelsey Hood har f\u00e5tt et innblikk det hvordan det blir \u00e5 trene FFKs Superlag.<br \/>\n      Foto: Vidar Henriksen\n    <\/p>\n<p>Hun kommer n\u00e5 til \u00e5 ha et dobbelt statsborgerskap.<\/p>\n<p>\u2013 Det passer spesielt bra slik situasjonen er n\u00e5, sier hun uten \u00e5 utdype det n\u00e6rmere.<\/p>\n<p>\u2013 Det viktigste er at Kelsey n\u00e5 slipper \u00e5 s\u00f8ke om oppholdstillatelse annethvert \u00e5r, sier ektemannen Andreas som torsdag stilte sporty opp p\u00e5 treningen til Superlaget i Installat\u00f8ren Arena (Kongstenhallen.<\/p>\n<p>Kelsey skal dele p\u00e5 treneransvaret med Lars-Petter Hansen som i tillegg skal fortsette som trener for FFKs Gatelag.<\/p>\n<p>Skal feires til jul<\/p>\n<p>Kelsey forteller at det ikke var s\u00e5 enkelt \u00e5 bli norsk.<\/p>\n<p>\u2013 Det har tatt to \u00e5r, s\u00e5 det var deilig da jeg fikk den endelige beskjeden. Jeg m\u00e5tte gjennom b\u00e5de en skriftlig og muntlig pr\u00f8ve og m\u00e5tte ta opp noe samfunnsfag for \u00e5 klare det, sier 38-\u00e5ringen som n\u00e5 ser frem til \u00e5 f\u00e5 pass og ID-kort som den endelige bekreftelsen p\u00e5 at hun er norsk.<\/p>\n<p>   <img decoding=\"async\" width=\"5045\" height=\"3363\" fetchpriority=\"low\"  loading=\"lazy\"  src=\"https:\/\/www.europesays.com\/no\/wp-content\/uploads\/2025\/12\/Andreas+Hagen+med+familie+-+Kelsey+og+Wesley+%283+of+7%29.jpg\" alt=\"\" class=\"brick-c-cFOWSL\" style=\"--brick-image-ratio: 5045 \/ 3363;\"\/><\/p>\n<p>      Kelsey Hood sammen med ektemannen Andreas Hagen og s\u00f8nnen Wesley.<br \/>\n      Foto: Niklas Lyngfoss\n    <\/p>\n<p><b>\u2013 Hvordan skal det feires?<\/b><\/p>\n<p>\u2013 Det skal vi gj\u00f8re til jul. Den skal vi feire med Andreas sine foreldre i Soon.<\/p>\n<p>Ny trenerjobb<\/p>\n<p>De siste m\u00e5nedene har hun ogs\u00e5 fulgt Nyg\u00e5rdshaugen IL og Fredrikstad IL \u00e9n gang i uken \u2013 idrettslagene for tilrettelagt fotball og h\u00e5ndball.<\/p>\n<p>   <img decoding=\"async\" width=\"4032\" height=\"3024\" fetchpriority=\"low\"  loading=\"lazy\"  src=\"https:\/\/www.europesays.com\/no\/wp-content\/uploads\/2025\/12\/TRENE.jpg\" alt=\"\" class=\"brick-c-cFOWSL\" style=\"--brick-image-ratio: 4032 \/ 3024;\"\/><\/p>\n<p>      Kelsey Hood gleder seg til hver gang hun f\u00e5r trene med Irene og de andre stjernene.<br \/>\n      Foto: Vidar Henriksen\n    <\/p>\n<p>\u2013 Det har v\u00e6rt et stort h\u00f8ydepunkt \u00e5 bli kjent med denne gjengen. Trenerne i klubben har gjort en vanvittig fin jobb og skapt et flott milj\u00f8. For at det skal bli en smooth overgang, s\u00e5 har det v\u00e6rt fantastisk \u00e5 bli kjent med dem, sier Kelsey som p\u00e5 ny\u00e5ret g\u00e5r inn i et trenerteam som da blir en del av FFK-systemet.<\/p>\n<p>Under FFK Samfunns paraply vil FFKs Stjernelag bli integrert.<\/p>\n<p>De skal fortsatt trene \u00e9n gang i uken i Installat\u00f8ren Arena, og p\u00e5 sommerhalv\u00e5ret f\u00e5r de ogs\u00e5 mulighet til \u00e5 teste ut kunstgresset p\u00e5 Fredrikstad stadion.<\/p>\n<p>   <img decoding=\"async\" width=\"2048\" height=\"1536\" fetchpriority=\"low\"  loading=\"lazy\"  src=\"https:\/\/www.europesays.com\/no\/wp-content\/uploads\/2025\/12\/BIFF.jpg\" alt=\"\" class=\"brick-c-cFOWSL\" style=\"--brick-image-ratio: 2048 \/ 1536;\"\/><\/p>\n<p>      Kelsey Hood og Lars-Petter &#8216;Biffen&#8217; Hansen tar p\u00e5 ny\u00e5ret ansvaret for treningene til FFKs Superlag.<br \/>\n      Foto: Vidar Henriksen\n    <\/p>\n<p><b>\u2013 Er det en fare for at du kommer til \u00e5 kj\u00f8re et like t\u00f8ft treningsregime som din mann?<\/b><\/p>\n<p>\u2013 Nei, det vil ikke bli aktuelt. Det viktigste er at vi skal ha det g\u00f8y og prioriterer samhold.<\/p>\n","protected":false},"excerpt":{"rendered":"Det sier Kelsey Hood (38) etter at hun tidligere i uken fikk innvilget et norsk statsborgerskap. Hun har&hellip;\n","protected":false},"author":2,"featured_media":113023,"comment_status":"","ping_status":"","sticky":false,"template":"","format":"standard","meta":{"footnotes":""},"categories":[59],"tags":[13791,36,513,13792,13790,13788,30,28,29,13789,83,82,1510],"class_list":{"0":"post-113022","1":"post","2":"type-post","3":"status-publish","4":"format-standard","5":"has-post-thumbnail","7":"category-sport","8":"tag-andreas-hagen","9":"tag-art","10":"tag-ffk","11":"tag-ffks-stjernelag","12":"tag-fredrikstad-il","13":"tag-kelsey-hood","14":"tag-no","15":"tag-norge","16":"tag-norway","17":"tag-nygardshaugen-il","18":"tag-sport","19":"tag-sports","20":"tag-story"},"share_on_mastodon":{"url":"https:\/\/pubeurope.com\/@no\/115718514686758373","error":""},"_links":{"self":[{"href":"https:\/\/www.europesays.com\/no\/wp-json\/wp\/v2\/posts\/113022","targetHints":{"allow":["GET"]}}],"collection":[{"href":"https:\/\/www.europesays.com\/no\/wp-json\/wp\/v2\/posts"}],"about":[{"href":"https:\/\/www.europesays.com\/no\/wp-json\/wp\/v2\/types\/post"}],"author":[{"embeddable":true,"href":"https:\/\/www.europesays.com\/no\/wp-json\/wp\/v2\/users\/2"}],"replies":[{"embeddable":true,"href":"https:\/\/www.europesays.com\/no\/wp-json\/wp\/v2\/comments?post=113022"}],"version-history":[{"count":0,"href":"https:\/\/www.europesays.com\/no\/wp-json\/wp\/v2\/posts\/113022\/revisions"}],"wp:featuredmedia":[{"embeddable":true,"href":"https:\/\/www.europesays.com\/no\/wp-json\/wp\/v2\/media\/113023"}],"wp:attachment":[{"href":"https:\/\/www.europesays.com\/no\/wp-json\/wp\/v2\/media?parent=113022"}],"wp:term":[{"taxonomy":"category","embeddable":true,"href":"https:\/\/www.europesays.com\/no\/wp-json\/wp\/v2\/categories?post=113022"},{"taxonomy":"post_tag","embeddable":true,"href":"https:\/\/www.europesays.com\/no\/wp-json\/wp\/v2\/tags?post=113022"}],"curies":[{"name":"wp","href":"https:\/\/api.w.org\/{rel}","templated":true}]}}