{"id":113024,"date":"2025-12-14T15:02:32","date_gmt":"2025-12-14T15:02:32","guid":{"rendered":"https:\/\/www.europesays.com\/no\/113024\/"},"modified":"2025-12-14T15:02:32","modified_gmt":"2025-12-14T15:02:32","slug":"prinsesse-delphine-tilgir-kong-albert-ii-etter-ar-med-farskapsskandale","status":"publish","type":"post","link":"https:\/\/www.europesays.com\/no\/113024\/","title":{"rendered":"Prinsesse Delphine tilgir kong Albert II etter \u00e5r med farskapsskandale"},"content":{"rendered":"<p>Prinsesse Delphine av Belgia, kj\u00e6rlighetsbarnet til landets tidligere konge, har omsider tilgitt ham for \u00e5 ha nektet hennes kongelige tittel i mer enn et halvt \u00e5rhundre.<\/p>\n<p>57-\u00e5ringen ble f\u00f8dt etter en aff\u00e6re Albert II (91) hadde med baronesse Sybille de Selys Longchamps.<\/p>\n<p>    <a itemprop=\"url\" href=\"https:\/\/www.seher.no\/kjendis\/nytt-kapittel-med-mannen\/83969462\" rel=\"nofollow noopener\" target=\"_blank\"><\/p>\n<p>        <img loading=\"lazy\" decoding=\"async\" src=\"https:\/\/www.europesays.com\/no\/wp-content\/uploads\/2025\/12\/1765724532_306_83772481.webp\" width=\"980\" height=\"441\" title=\"Nytt kapittel med mannen\" alt=\"\" class=\"lazyload\" style=\"--aspect-ratio-image: 2.22; \"\/><\/p>\n<p>        Nytt kapittel med mannen<\/p>\n<p>    <\/a><\/p>\n<p>Den en gang s\u00e5 fortvilte prinsessen, tidligere kjent som Delphine Bo\u00ebl, og mamma Sybille (84) hadde et greit forhold til kong Albert frem til 1984. Han tok s\u00e5 avstand fra Delphine og Sybille for \u00e5 bevare ekteskapet sitt &#8211; og ble kronet til konge i 1993.<\/p>\n<p>        <img loading=\"lazy\" decoding=\"async\" src=\"https:\/\/www.europesays.com\/no\/wp-content\/uploads\/2025\/12\/83970644.webp\" width=\"686\" height=\"536\" title=\"MOR OG DATTER: Sybille de Selys Longchamps og datteren Delphine Bo\u00ebl avbildet sammen i Belgia i 2012. Foto: AV Press \/ ABACA PRESS \/ NTB\" alt=\"\" class=\"\" style=\"--aspect-ratio-image: 1.28; \"\/><\/p>\n<p>\n        MOR OG DATTER: Sybille de Selys Longchamps og datteren Delphine Bo\u00ebl avbildet sammen i Belgia i 2012. Foto: AV Press \/ ABACA PRESS \/ NTB\n    <\/p>\n<p>Dav\u00e6rende kong Albert II nektet i \u00e5revis for at han kunne v\u00e6re faren til den 57 \u00e5r gamle kvinnen, men etter at domstolene til slutt tvang ham til \u00e5 avlegge en DNA-pr\u00f8ve, m\u00e5tte han omsider innr\u00f8mme sidespranget.<\/p>\n<p>Delphine viste seg alts\u00e5 \u00e5 v\u00e6re kong Alberts utenomekteskapelige datter, slik hun hadde hevdet. Skandalen var et faktum, og kongen stilte b\u00e5de datter, s\u00f8nn og familie i forlegenhet over sidespranget sitt.<\/p>\n<p>        <img loading=\"lazy\" decoding=\"async\" src=\"https:\/\/www.europesays.com\/no\/wp-content\/uploads\/2025\/12\/83970645.webp\" width=\"686\" height=\"494\" title=\"FL\u00d8RTEPUS: Selv om kong Albert var godt gift, hindret det ham ikke fra \u00e5 ha et \u00f8rlite sidesprang. Lite visste han at det skulle ende i en offentlig skandale - og en utenomekteskapelig datter. Foto: NTB\" alt=\"\" class=\"\" style=\"--aspect-ratio-image: 1.39; \"\/><\/p>\n<p>\n        FL\u00d8RTEPUS: Selv om kong Albert var godt gift, hindret det ham ikke fra \u00e5 ha et \u00f8rlite sidesprang. Lite visste han at det skulle ende i en offentlig skandale &#8211; og en utenomekteskapelig datter. Foto: NTB\n    <\/p>\n<p>Den pikante drakampen startet etter at Delphine<a href=\"https:\/\/www.seher.no\/kongelig\/hevder-tidligere-belgisk-konge-er-faren-hennes\/70452510\" rel=\"nofollow noopener\" target=\"_blank\">\u00a0i flere \u00e5r hadde kjempet for \u00e5 bevise at hun er et resultat av Alberts utroskap<\/a>\u00a0p\u00e5 1960-tallet.<\/p>\n<p> I 2013 valgte Delphine \u00e5 ta saken til retten, men ble da m\u00f8tt med anklager om at hun gjorde det for \u00e5 bli en av arvingene av Alberts personlige formue. <\/p>\n<p>        <img loading=\"lazy\" decoding=\"async\" src=\"https:\/\/www.europesays.com\/no\/wp-content\/uploads\/2025\/12\/83970498.webp\" width=\"686\" height=\"673\" title=\"ENDELIG: Etter \u00e5 ha kjempet i et ti\u00e5r ble det fastsl\u00e5tt at kong Albert var pappaen til Delphine i 2020. Hun jublet - han mente prosessen hadde v\u00e6rt diskutabel. Foto: Yves Herman \/ REUTERS \/ NTB\" alt=\"\" class=\"\" style=\"--aspect-ratio-image: 1.02; \"\/><\/p>\n<p>\n        ENDELIG: Etter \u00e5 ha kjempet i et ti\u00e5r ble det fastsl\u00e5tt at kong Albert var pappaen til Delphine i 2020. Hun jublet &#8211; han mente prosessen hadde v\u00e6rt diskutabel. Foto: Yves Herman \/ REUTERS \/ NTB\n    <\/p>\n<p>Delphine er halvs\u00f8steren til n\u00e5v\u00e6rende kong Philippe (65) av Belgia. Hun har kjempet en lang juridisk kamp for \u00e5 bli anerkjent som Albert IIs barn.\u00a0<\/p>\n<p class=\"font-weight-bold m-font-weight-bold\" data-lab-font_weight=\"font-weight-bold\">Hun vant frem i 2020, noe som medf\u00f8rte at hun kunne benytte seg av Saxe-Coburg til etternavn, samt at hun ble anerkjent som et medlem av den belgiske kongefamilien.<\/p>\n<p>        UVANLIG: Kong Charles, som for tiden f\u00e5r behandling for kreft, skal fredag kveld dele en videooppdatering om sin helsetilstand. If\u00f8lge Se og H\u00f8rs kongehusekspert er dette et uvanlig grep fra det britiske kongehuset. Reporter: Caroline Vagle. Video: Kine Falch<\/p>\n<p class=\"no_italic m-no_italic font-weight-light m-font-weight-light\" data-lab-italic=\"\" data-lab-font_weight=\"font-weight-light\"> &#8211; Hans majestet kong Albert II har notert seg resultatet fra DNA-testen, som han tok som f\u00f8lge av en foresp\u00f8rsel fra en domstol i Brussel. Konklusjonen er at han er den biologiske faren til Delphine, het det i en uttalelse fra Alberts advokat Alain Berenboom da resultatene var klare. <\/p>\n<p>        <img loading=\"lazy\" decoding=\"async\" src=\"https:\/\/www.europesays.com\/no\/wp-content\/uploads\/2025\/12\/83970670.webp\" width=\"686\" height=\"659\" title=\"HALVS\u00d8STER: Kong Phillipe fikk overraskende nok en voksen halvs\u00f8ster i 2020. Her avbildet sammen med kona, dronning Mathilde. Foto: NTB\" alt=\"\" class=\"\" style=\"--aspect-ratio-image: 1.04; \"\/><\/p>\n<p>\n        HALVS\u00d8STER: Kong Phillipe fikk overraskende nok en voksen halvs\u00f8ster i 2020. Her avbildet sammen med kona, dronning Mathilde. Foto: NTB\n    <\/p>\n<p class=\"font-weight-bold m-font-weight-bold\" data-lab-font_weight=\"font-weight-bold\">Men det er fortsatt litt bitterhet \u00e5 spore, skal vi tro britiske\u00a0<a href=\"https:\/\/www.dailymail.co.uk\/news\/royals\/article-15373193\/Princess-Delphine-forgives-former-King-father-denying-royal-birthright-decades.html\" class=\"\" rel=\"nofollow noopener\" target=\"_blank\">Daily Mail.<\/a><\/p>\n<p>I et fem \u00e5r gammelt intervju, som nylig har blitt offentliggjort, svarer Delphine \u00e5penhjertig p\u00e5 hvordan det iskalde forholdet har v\u00e6rt.<\/p>\n<p>    <a itemprop=\"url\" href=\"https:\/\/www.seher.no\/kongelig\/bekrefter-ryktene\/83969125\" rel=\"nofollow noopener\" target=\"_blank\"><\/p>\n<p>        <img loading=\"lazy\" decoding=\"async\" src=\"https:\/\/www.europesays.com\/no\/wp-content\/uploads\/2025\/12\/1765724542_908_83974187.webp\" width=\"147\" height=\"98\" title=\"Bekrefter ryktene\" alt=\"\" class=\"lazyload\" style=\"--aspect-ratio-image: 1.50; \"\/><\/p>\n<p>        Bekrefter ryktene<\/p>\n<p>    <\/a><\/p>\n<p>&#8211; Har s\u00e5ret forsvunnet helt? Nei. Et s\u00e5nt s\u00e5r forsvinner aldri helt &#8211; det blir til et arr. Men jo mer jeg pr\u00f8ver \u00e5 sette meg inn i hvordan mamma eller pappa hadde det &#8211; ikke fullt ut, men litt &#8211; jo bedre forst\u00e5r jeg dem. Det ble tydelig for meg hvorfor ting ble som det ble, og hvorfor veien ble s\u00e5 lang og kronglete, selv om den egentlig ikke trengte \u00e5 v\u00e6re det. N\u00e5r du forst\u00e5r det, ser du ogs\u00e5 at du ikke kan legge all skyld p\u00e5 dem, sier hun.\u00a0<\/p>\n<p>        <img loading=\"lazy\" decoding=\"async\" src=\"https:\/\/www.europesays.com\/no\/wp-content\/uploads\/2025\/12\/83970702.webp\" width=\"686\" height=\"426\" title=\"NY DATTER: I 2020 erkjente Albert II at Delphine Bo\u00ebl er hans biologiske datter. Foto: NTB Scanpix\" alt=\"\" class=\"\" style=\"--aspect-ratio-image: 1.61; \"\/><\/p>\n<p>\n        NY DATTER: I 2020 erkjente Albert II at Delphine Bo\u00ebl er hans biologiske datter. Foto: NTB Scanpix\n    <\/p>\n<p>Far og datter m\u00f8ttes s\u00e5 vidt i 2020 etter at Delphine kom seirende ut av rettssaken som bekreftet farskapet.\u00a0<\/p>\n<p>Duoen skal s\u00e5 ha gitt f\u00f8lgende uttalelse til pressen:\u00a0<\/p>\n<p class=\"font-weight-bold m-font-weight-bold\" data-lab-font_weight=\"font-weight-bold\">&#8211; Denne lange og innholdsrike diskusjonen ga oss muligheten til \u00e5 bli kjent med hverandre. Vi snakket om v\u00e5re respektive liv og omr\u00e5der av felles interesser.<\/p>\n<p>        M\u00d8TTES IGJEN: Nok en gang skal Marius Borg H\u00f8iby ha v\u00e6rt p\u00e5 byen med eks-kj\u00e6resten han har bes\u00f8ksforbud mot \u2013 denne gangen sammen med hennes familie. Reporter og klipp: Kine Falch<\/p>\n<p>I intervjuet, som nylig har blitt offentliggjort, forteller Delphine at hun slett ikke klandrer pappa Albert for problemene hun gikk gjennom.<\/p>\n<p>&#8211; Jeg tror han ville v\u00e6re en helt annen mann hvis han hadde vokst opp i et mer normalt milj\u00f8. Jeg tror rett og slett ikke han hadde gode mennesker rundt seg, sier Delphine.\u00a0<\/p>\n<p>        <img loading=\"lazy\" decoding=\"async\" src=\"https:\/\/www.europesays.com\/no\/wp-content\/uploads\/2025\/12\/83970501.webp\" width=\"980\" height=\"559\" title=\"INN I VARMEN: Prinsesse Delphine sammen med ektemannen Jim O'Hare. Her avbildet under milit\u00e6rparaden i forbindelse med nasjonaldagen i 2021. Foto: Shutterstock \/ NTB\" alt=\"\" class=\"\" style=\"--aspect-ratio-image: 1.75; \"\/><\/p>\n<p>\n        INN I VARMEN: Prinsesse Delphine sammen med ektemannen Jim O&#8217;Hare. Her avbildet under milit\u00e6rparaden i forbindelse med nasjonaldagen i 2021. Foto: Shutterstock \/ NTB\n    <\/p>\n<p>Det er ikke f\u00f8rste gang prinsessen har kommet med spydige stikk mot den belgiske kongefamilien. I et tidligere intervju med Tatler, fortalte hun at hun satte i gang rettssaken for \u00e5 st\u00e5 fast ved prinsippene sine.<\/p>\n<p class=\"no_italic m-no_italic\" data-lab-italic=\"\">I fjor kom Delphine ogs\u00e5 med nye angrep p\u00e5 det hun beskrev som \u00abden grusomme kongefamilien\u00bb, og hevdet at hun ble s\u00e5ret over \u00e5 ikke bli invitert til \u00e5 feire Kongedagen &#8211; utelukkende fordi foreldrene hennes ikke var gift da hun ble f\u00f8dt.<\/p>\n<p>    <a itemprop=\"url\" href=\"https:\/\/www.seher.no\/kongelig\/avslort-brot-etiketten\/83968986\" rel=\"nofollow noopener\" target=\"_blank\"><\/p>\n<p>        <img loading=\"lazy\" decoding=\"async\" src=\"https:\/\/www.europesays.com\/no\/wp-content\/uploads\/2025\/12\/1765724548_241_83736842.webp\" width=\"147\" height=\"98\" title=\"Avsl\u00f8rt: Br\u00f8t etiketten\" alt=\"\" class=\"lazyload\" style=\"--aspect-ratio-image: 1.50; \"\/><\/p>\n<p>        Avsl\u00f8rt: Br\u00f8t etiketten<\/p>\n<p>    <\/a><\/p>\n<p>B\u00e5de Albert II og hennes halvs\u00f8sken, prins Laurent (62) og prinsesse Astrid (63), ble avbildet ved St. Michael &amp; St. Gudula-katedralen i Brussel.<\/p>\n<p>Feiringen er for \u00e5 hedre monarken, men prinsesse Delphines \u00f8nske om \u00e5 delta i feiringen med kongefamilien ble avvist. Hun benyttet da anledningen til \u00e5 legge ut et emosjonelt innlegg p\u00e5 Instagram.<\/p>\n<p>        TILBAKE: Se og H\u00f8rs kongehusekspert, Caroline Vagle, mener at prinsesse Ingrid Alexandra er viktig for kongehuset av \u00e9n spesiell grunn. Reporter: Caroline Vagle. Video og klipp: Kine Falch.<\/p>\n<p class=\"no_italic m-no_italic font-weight-bold m-font-weight-bold\" data-lab-italic=\"\" data-lab-font_weight=\"font-weight-bold\">\u00abNylig ble igjen p\u00e5minnet &#8211; via pressen &#8211; hvorfor jeg ikke ble invitert til feiringen av kongens dag. Grunnen er at jeg, i motsetning til s\u00f8sknene mine, ikke tar imot apansje. Sannheten er at jeg ikke er velkommen fordi foreldrene mine ikke var gift da jeg ble f\u00f8dt. Jeg skriver dette igjen fordi barn ikke velger hvilke forhold de blir f\u00f8dt inn i. Samfunnet og lovene v\u00e5re burde gjenspeile verdier som \u00f8nsker alle barn velkommen &#8211; enten de er f\u00f8dt inn i et f\u00f8rste, tredje eller fjerde ekteskap, utenfor ekteskap, adoptert eller hva det m\u00e5tte v\u00e6re. Jeg h\u00e5per fortsatt at en dag vil ledere i b\u00e5de politikk, kirke og samfunn ta dette p\u00e5 alvor\u00bb.\u00a0<\/p>\n<p>Prinsesse Delphine delte innlegget sammen med et svart-hvitt bilde av seg selv som barn, if\u00f8rt en t-skjorte med navnet hennes trykket p\u00e5 forsiden.<\/p>\n<p>Dukket opp\t<\/p>\n<p class=\"font-weight-bold m-font-weight-bold\" data-lab-font_weight=\"font-weight-bold\">Prinsessen vakte ogs\u00e5 oppsikt da hun i fjor feiret nasjonaldagen sammen med \u00f8vrige medlemmer av den belgiske kongefamilien.<\/p>\n<p>Ikke bare var kong Philippe og dronning Mathilde p\u00e5 plass i forbindelse med milit\u00e6rparaden, men\u00a0 prinsesse Delphine hadde ogs\u00e5 f\u00e5tt tildelt et sete sammen med sine rojale halvs\u00f8sken.<\/p>\n<p>        <img loading=\"lazy\" decoding=\"async\" src=\"https:\/\/www.europesays.com\/no\/wp-content\/uploads\/2025\/12\/83970821.webp\" width=\"686\" height=\"501\" title=\"GODT GIFT: Tidligere kong Albert II og dronning Paola har v\u00e6rt gift siden 1959. De to er fortsatt gift, til tross for den pikante farskapssaken. Foto: NTB scanpix\" alt=\"\" class=\"\" style=\"--aspect-ratio-image: 1.37; \"\/><\/p>\n<p>\n        GODT GIFT: Tidligere kong Albert II og dronning Paola har v\u00e6rt gift siden 1959. De to er fortsatt gift, til tross for den pikante farskapssaken. Foto: NTB scanpix\n    <\/p>\n<p> Under Belgias nasjonaldagsfeiring klarte hun \u00e5 f\u00e5 fotografenes oppmerksomhet i en spesialdesignet drakt.<\/p>\n<p>\u00a0I r\u00f8dt og rosa var hun kongefamiliens fargerike p\u00e5fugl. <\/p>\n<p>        <img loading=\"lazy\" decoding=\"async\" src=\"https:\/\/www.europesays.com\/no\/wp-content\/uploads\/2025\/12\/83970888.webp\" width=\"686\" height=\"1139\" title=\"FARGERIK: Den fargerike dressen til prinsesse Delphine var sv\u00e6rt i\u00f8yefallende. Det var ogs\u00e5 skriften p\u00e5 ryggen hennes. Foto: NTB\" alt=\"\" class=\"\" style=\"--aspect-ratio-image: 0.60; \"\/><\/p>\n<p>\n        FARGERIK: Den fargerike dressen til prinsesse Delphine var sv\u00e6rt i\u00f8yefallende. Det var ogs\u00e5 skriften p\u00e5 ryggen hennes. Foto: NTB\n    <\/p>\n<p>Antrekket var tydelig 70-tallsinspirert med psykadelisk fargepalett og med sleng nederst p\u00e5 buksene. P\u00e5 ryggen sto det \u00abLove\u00bb med store bokstaver.\u00a0<\/p>\n<p class=\"font-weight-bold m-font-weight-bold\" data-lab-font_weight=\"font-weight-bold\">Var det et kryptisk hint til folket om at hun faktisk er et kj\u00e6rlighetsbarn?<\/p>\n","protected":false},"excerpt":{"rendered":"Prinsesse Delphine av Belgia, kj\u00e6rlighetsbarnet til landets tidligere konge, har omsider tilgitt ham for \u00e5 ha nektet hennes&hellip;\n","protected":false},"author":2,"featured_media":113025,"comment_status":"","ping_status":"","sticky":false,"template":"","format":"standard","meta":{"footnotes":""},"categories":[12],"tags":[13793,20,21,4104,10433,24,25,15,13794,76,22,23,13,30,28,29,14,16,13795,26,27,42,43,44,45],"class_list":{"0":"post-113024","1":"post","2":"type-post","3":"status-publish","4":"format-standard","5":"has-post-thumbnail","7":"category-verden","8":"tag-bitter","9":"tag-breaking-news","10":"tag-breakingnews","11":"tag-eksklusivt","12":"tag-farskapstest","13":"tag-featured-news","14":"tag-featurednews","15":"tag-headlines","16":"tag-kong-albert-ii","17":"tag-kongelig","18":"tag-latest-news","19":"tag-latestnews","20":"tag-news","21":"tag-no","22":"tag-norge","23":"tag-norway","24":"tag-nyheter","25":"tag-overskrifter","26":"tag-prinsesse-delphine","27":"tag-top-stories","28":"tag-topstories","29":"tag-verden","30":"tag-world","31":"tag-world-news","32":"tag-worldnews"},"share_on_mastodon":{"url":"https:\/\/pubeurope.com\/@no\/115718531225290322","error":""},"_links":{"self":[{"href":"https:\/\/www.europesays.com\/no\/wp-json\/wp\/v2\/posts\/113024","targetHints":{"allow":["GET"]}}],"collection":[{"href":"https:\/\/www.europesays.com\/no\/wp-json\/wp\/v2\/posts"}],"about":[{"href":"https:\/\/www.europesays.com\/no\/wp-json\/wp\/v2\/types\/post"}],"author":[{"embeddable":true,"href":"https:\/\/www.europesays.com\/no\/wp-json\/wp\/v2\/users\/2"}],"replies":[{"embeddable":true,"href":"https:\/\/www.europesays.com\/no\/wp-json\/wp\/v2\/comments?post=113024"}],"version-history":[{"count":0,"href":"https:\/\/www.europesays.com\/no\/wp-json\/wp\/v2\/posts\/113024\/revisions"}],"wp:featuredmedia":[{"embeddable":true,"href":"https:\/\/www.europesays.com\/no\/wp-json\/wp\/v2\/media\/113025"}],"wp:attachment":[{"href":"https:\/\/www.europesays.com\/no\/wp-json\/wp\/v2\/media?parent=113024"}],"wp:term":[{"taxonomy":"category","embeddable":true,"href":"https:\/\/www.europesays.com\/no\/wp-json\/wp\/v2\/categories?post=113024"},{"taxonomy":"post_tag","embeddable":true,"href":"https:\/\/www.europesays.com\/no\/wp-json\/wp\/v2\/tags?post=113024"}],"curies":[{"name":"wp","href":"https:\/\/api.w.org\/{rel}","templated":true}]}}