{"id":113026,"date":"2025-12-14T15:05:38","date_gmt":"2025-12-14T15:05:38","guid":{"rendered":"https:\/\/www.europesays.com\/no\/113026\/"},"modified":"2025-12-14T15:05:38","modified_gmt":"2025-12-14T15:05:38","slug":"jonas-gahr-store-nyhetsvarsel-store-norge-fordommer-terrorangrepet-i-sydney","status":"publish","type":"post","link":"https:\/\/www.europesays.com\/no\/113026\/","title":{"rendered":"Jonas Gahr St\u00f8re, Nyhetsvarsel | St\u00f8re: \u2013 Norge ford\u00f8mmer terrorangrepet i Sydney"},"content":{"rendered":"\n<p>\u2013 Norge ford\u00f8mmer terrorangrepet i Sydney. Det som har skjedd er dypt oppr\u00f8rende og skremmende. Australsk politi har opplyst at dette etterforskes som et m\u00e5lrettet angrep mot den j\u00f8diske befolkningen, p\u00e5 den f\u00f8rste dagen av den j\u00f8diske h\u00f8ytiden Hanukka. Det er helt uakseptabelt og sv\u00e6rt alvorlig, skriver Norges statsminister.<\/p>\n<p>\u2013 Den norske regjeringen st\u00e5r sammen med det j\u00f8diske milj\u00f8et i Australia og i Norge. Det skal v\u00e6re trygt \u00e5 v\u00e6re j\u00f8de. Regjeringen vil ha dialog med det j\u00f8diske milj\u00f8et i Norge i dagene som kommer, avslutter St\u00f8re.<\/p>\n<p>To personer \u00e5pnet ild ved den verdenskjente Bondi Beach i Sydney, der en j\u00f8disk feiring p\u00e5gikk. Minst tolv personer er drept, inkludert en av gjerningsmennene. Den andre er kritisk skadet.<\/p>\n<p><b>Les ogs\u00e5: <a href=\"https:\/\/www.nettavisen.no\/masseskyting\/australia\/bondi-beach\/sterke-reaksjoner-fra-israel-etter-skytingen-i-sydney\/s\/5-95-2779461\" rel=\"Follow nofollow noopener\" target=\"_blank\">Sterke reaksjoner fra Israel etter skytingen i Sydney<\/a><\/b><\/p>\n<p>I tillegg er 29 personer s\u00e5ret, opplyser politiet.<\/p>\n<p>Angrepet skjedde p\u00e5 den f\u00f8rste dagen av den j\u00f8diske h\u00f8ytiden hannuka. Flere hundre j\u00f8der var samlet p\u00e5 stranden for \u00e5 feire.<\/p>\n<p>\u2013 Det som skulle ha v\u00e6rt en kveld med fred og glede sammen med familier og st\u00f8ttespillere, har blitt knust av dette forferdelige onde angrepet, sier Chris Minns, leder i delstatsregjeringen i New South Wales.<\/p>\n<p>PST opplyser til NTB at trusselniv\u00e5et mot j\u00f8diske interesser i Norge ikke blir endret etter terrorangrepet i Australia, ettersom det allerede er skjerpet. Det blir imidlertid fortl\u00f8pende vurdert om trusselniv\u00e5et skal endres.<\/p>\n<p>    Vil du se neste video?<\/p>\n<p>    <a href=\"https:\/\/www.nettavisen.no\/nyheter\/ny-donal-trump-blemme-dumskalle\/v\/5-95-2774170\" class=\"recommend-poster\" data-adp-clicklabel=\"video-recommend\" data-adp-clickvalue=\"poster\" rel=\"nofollow noopener\" target=\"_blank\"><br \/>\n      <img decoding=\"async\" width=\"200\" height=\"200\" loading=\"lazy\" src=\"https:\/\/www.europesays.com\/no\/wp-content\/uploads\/2025\/12\/Trump+og+mobil+til+cue.jpg\" alt=\"\" class=\"brick-c-cFOWSL\" style=\"--brick-image-ratio: 200 \/ 200;\"\/><\/p>\n<p>Ny Trump-blemme: \u2013 Dumskalle0:57<\/p>\n<p>    <\/a><\/p>\n<p>        En person klarte \u00e5 overmanne en av skytterne i Sydney.<\/p>\n","protected":false},"excerpt":{"rendered":"\u2013 Norge ford\u00f8mmer terrorangrepet i Sydney. Det som har skjedd er dypt oppr\u00f8rende og skremmende. Australsk politi har&hellip;\n","protected":false},"author":2,"featured_media":113027,"comment_status":"","ping_status":"","sticky":false,"template":"","format":"standard","meta":{"footnotes":""},"categories":[5],"tags":[20,21,24,25,15,19,22,23,17,18,13,30,28,29,14,16,26,27],"class_list":{"0":"post-113026","1":"post","2":"type-post","3":"status-publish","4":"format-standard","5":"has-post-thumbnail","7":"category-overskrifter","8":"tag-breaking-news","9":"tag-breakingnews","10":"tag-featured-news","11":"tag-featurednews","12":"tag-headlines","13":"tag-hovedoppslag","14":"tag-latest-news","15":"tag-latestnews","16":"tag-main-news","17":"tag-mainnews","18":"tag-news","19":"tag-no","20":"tag-norge","21":"tag-norway","22":"tag-nyheter","23":"tag-overskrifter","24":"tag-top-stories","25":"tag-topstories"},"share_on_mastodon":{"url":"https:\/\/pubeurope.com\/@no\/115718542250154178","error":""},"_links":{"self":[{"href":"https:\/\/www.europesays.com\/no\/wp-json\/wp\/v2\/posts\/113026","targetHints":{"allow":["GET"]}}],"collection":[{"href":"https:\/\/www.europesays.com\/no\/wp-json\/wp\/v2\/posts"}],"about":[{"href":"https:\/\/www.europesays.com\/no\/wp-json\/wp\/v2\/types\/post"}],"author":[{"embeddable":true,"href":"https:\/\/www.europesays.com\/no\/wp-json\/wp\/v2\/users\/2"}],"replies":[{"embeddable":true,"href":"https:\/\/www.europesays.com\/no\/wp-json\/wp\/v2\/comments?post=113026"}],"version-history":[{"count":0,"href":"https:\/\/www.europesays.com\/no\/wp-json\/wp\/v2\/posts\/113026\/revisions"}],"wp:featuredmedia":[{"embeddable":true,"href":"https:\/\/www.europesays.com\/no\/wp-json\/wp\/v2\/media\/113027"}],"wp:attachment":[{"href":"https:\/\/www.europesays.com\/no\/wp-json\/wp\/v2\/media?parent=113026"}],"wp:term":[{"taxonomy":"category","embeddable":true,"href":"https:\/\/www.europesays.com\/no\/wp-json\/wp\/v2\/categories?post=113026"},{"taxonomy":"post_tag","embeddable":true,"href":"https:\/\/www.europesays.com\/no\/wp-json\/wp\/v2\/tags?post=113026"}],"curies":[{"name":"wp","href":"https:\/\/api.w.org\/{rel}","templated":true}]}}