{"id":113028,"date":"2025-12-14T15:06:15","date_gmt":"2025-12-14T15:06:15","guid":{"rendered":"https:\/\/www.europesays.com\/no\/113028\/"},"modified":"2025-12-14T15:06:15","modified_gmt":"2025-12-14T15:06:15","slug":"skiskyting-kirkeeide-med-enorm-sisterunde","status":"publish","type":"post","link":"https:\/\/www.europesays.com\/no\/113028\/","title":{"rendered":"Skiskyting: Kirkeeide med enorm sisterunde"},"content":{"rendered":"<p>Maren Kirkeeide var i angrepsposisjon bak Lou Jeanmonnot p\u00e5 s\u00f8ndagens jaktstart.\u00a0<\/p>\n<p>Dessverre for stryningen ble det for mye bom p\u00e5 standplass, og var aldri med i kampen om seier.\u00a0<\/p>\n<p>Men en spinnvill sisterunde s\u00f8rget for en sterk tredjeplass for Kirkeeide.<\/p>\n<p>\u2013 Vi gikk sammen en god gjeng, ogs\u00e5 fikk vi h\u00f8re at det bare var ti sekunder opp til tredjeplassen. Da skj\u00f8nte jeg at dette her kom til \u00e5 bli et ordentlig rotterace, sier Kirkeeide til TV 2.<\/p>\n<p>        <img class=\"image__img lazyload\" itemprop=\"image\" title=\"Foto: Christian Bruna \/ Reuters \/ NTB\" alt=\"IMPONERTE: Maren Kirkeeide hadde sprut i beina etter siste skyting. Foto: Christian Bruna \/ Reuters \/ NTB\" width=\"675\" height=\"379\" bad-src=\"https:\/\/www.europesays.com\/no\/wp-content\/uploads\/2025\/12\/18384165.webp\" fetchpriority=\"auto\" \/><\/p>\n<p>      IMPONERTE: Maren Kirkeeide hadde sprut i beina etter siste skyting.<br \/>\n         Foto: Christian Bruna \/ Reuters \/ NTB<\/p>\n<p class=\"bold m-bold\" data-lab-font_weight=\"bold\">\u2013 Hun kommer inn til siste st\u00e5ende som nummer 17 og krysser m\u00e5lstreken som nummer tre. Da har du noen egenskaper oppi hodet, og noen fysiske ogs\u00e5, som er enorme, utbr\u00f8t kommentator Ole Kristian Stoltenberg da 22-\u00e5ringen passerte m\u00e5lstreken.\u00a0<\/p>\n<p data-lab-font_weight=\"\">\u2013 Hun er vanvittig og iskald. Utrolig smart for \u00e5 v\u00e6re s\u00e5 ung. Maren er generelt bare imponerende, sier Karoline Knotten til TV 2.<\/p>\n<p data-lab-font_weight=\"\">\u2013 Et unikum, sier Marit \u00d8ygard om lagvenninen.<\/p>\n<p>Fulgte Northugs ekspertise<\/p>\n<p>\u2013 Jeg s\u00e5 p\u00e5 sendingen her en dag og h\u00f8rte Petter Northugs oppskrift p\u00e5 hvordan jeg skulle vinne en spurt. Da var det bare \u00e5 f\u00f8lge den, humrer Kirkeeide.<\/p>\n<p>        <img class=\"image__img lazyload\" itemprop=\"image\" title=\"Foto: Jan-Petter Dahl, TV 2 \/ TV 2 \/ NTB\" alt=\"GODE TIPS: Maren Kirkeeide fulgte spurtr\u00e5d fra TV 2-ekspert Petter Northug. Foto: Jan-Petter Dahl, TV 2 \/ TV 2 \/ NTB\" width=\"978\" height=\"551\" bad-src=\"https:\/\/www.europesays.com\/no\/wp-content\/uploads\/2025\/12\/18384209.webp\" fetchpriority=\"auto\" \/><\/p>\n<p>      GODE TIPS: Maren Kirkeeide fulgte spurtr\u00e5d fra TV 2-ekspert Petter Northug.<br \/>\n         Foto: Jan-Petter Dahl, TV 2 \/ TV 2 \/ NTB<\/p>\n<p>For etter \u00e5 ha v\u00e6rt nummer \u00e5tte ut fra siste skyting, fungerte Northug-hjelpen s\u00e5pass at det holdt til \u00e5 sikre tredjeplassen.<\/p>\n<p class=\"bold m-bold\" data-lab-font_weight=\"bold\">\u2013 Det skal egentlig v\u00e6re umulig. Men hun fant energi og et gir som vi av og til ser hos Maren, sier TV 2s skiskytingsekspert, Ole Einar Bj\u00f8rndalen.\u00a0<\/p>\n<p>I en intens duell mellom Anna Magnusson og Lisa Vitozzi var det italieneren som seiret etter \u00e5 ha kj\u00f8rt ifra p\u00e5 sisterunden.<\/p>\n<p>\u2013 Det f\u00f8les godt \u00e5 sl\u00e5 tilbake og vinne et renn. Jeg n\u00f8t det, og alt gikk etter planen. Det var en perfekt dag, sier Vitozzi til TV 2.<\/p>\n<p>        <img class=\"image__img lazyload\" itemprop=\"image\" title=\"Foto: Magnus Windelstad\/TV 2\" alt=\"PALL-TRIOEN: Anna Magnusson, Lisa Vitozzi og Maren Kirkeeide kunne smile etter jaktstarten. Foto: Magnus Windelstad\/TV 2\" width=\"978\" height=\"551\" bad-src=\"https:\/\/www.europesays.com\/no\/wp-content\/uploads\/2025\/12\/18384245.webp\" fetchpriority=\"auto\" \/><\/p>\n<p>      PALL-TRIOEN: Anna Magnusson, Lisa Vitozzi og Maren Kirkeeide kunne smile etter jaktstarten.<br \/>\n         Foto: Magnus Windelstad\/TV 2<\/p>\n<p>Tungt for de norske lagvenninnene\u00a0<\/p>\n<p>Med en Kirkeeide som nummer to ut fra start og Knotten som nummer 16 var mulighetene til stede for en norsk jubeldag.<\/p>\n<p>Men med \u00e9n bom hver p\u00e5 begge de to f\u00f8rste skytingene visnet<br \/>\nh\u00e5pet om norsk seier bort.<\/p>\n<p>\u2013 Det er et par bom for mye i dag. Et helt ok l\u00f8p, men i det selskapet her, s\u00e5 funker ikke det, mener Knotten.<\/p>\n<p>Ingrid Landmark Tandrevold, \u00d8ygard og Marthe Krogstad<br \/>\nJohansen klarte heller ikke \u00e5 utrette et lite mirakel hverken p\u00e5 standplass og i<br \/>\nsporet til \u00e5 jakte teten.<\/p>\n<p>Jeanmonnot, Vittozzi og Magnusson utgjorde<br \/>\ntrioen som allerede fra andre skyting skapte en liten luke ned til resten av konkurrentene<br \/>\ni det \u00f8sterrikske solskinnet.<\/p>\n<p>Trioen kj\u00f8rte sammen inn p\u00e5 fjerde og siste skyting. Der<br \/>\nsprakk franske Jeanmonnot og p\u00e5dro seg hele to bom, mens Magnusson og Vitozzi<br \/>\nkunne krige om seieren etter feilfri skyting. <\/p>\n<p>Der var italieneren best til slutt, men Kirkeeide hadde flyt i sporet og karret seg til en pallplass.<\/p>\n","protected":false},"excerpt":{"rendered":"Maren Kirkeeide var i angrepsposisjon bak Lou Jeanmonnot p\u00e5 s\u00f8ndagens jaktstart.\u00a0 Dessverre for stryningen ble det for mye&hellip;\n","protected":false},"author":2,"featured_media":113029,"comment_status":"","ping_status":"","sticky":false,"template":"","format":"standard","meta":{"footnotes":""},"categories":[59],"tags":[30,28,29,83,82],"class_list":{"0":"post-113028","1":"post","2":"type-post","3":"status-publish","4":"format-standard","5":"has-post-thumbnail","7":"category-sport","8":"tag-no","9":"tag-norge","10":"tag-norway","11":"tag-sport","12":"tag-sports"},"share_on_mastodon":{"url":"https:\/\/pubeurope.com\/@no\/115718545853807198","error":""},"_links":{"self":[{"href":"https:\/\/www.europesays.com\/no\/wp-json\/wp\/v2\/posts\/113028","targetHints":{"allow":["GET"]}}],"collection":[{"href":"https:\/\/www.europesays.com\/no\/wp-json\/wp\/v2\/posts"}],"about":[{"href":"https:\/\/www.europesays.com\/no\/wp-json\/wp\/v2\/types\/post"}],"author":[{"embeddable":true,"href":"https:\/\/www.europesays.com\/no\/wp-json\/wp\/v2\/users\/2"}],"replies":[{"embeddable":true,"href":"https:\/\/www.europesays.com\/no\/wp-json\/wp\/v2\/comments?post=113028"}],"version-history":[{"count":0,"href":"https:\/\/www.europesays.com\/no\/wp-json\/wp\/v2\/posts\/113028\/revisions"}],"wp:featuredmedia":[{"embeddable":true,"href":"https:\/\/www.europesays.com\/no\/wp-json\/wp\/v2\/media\/113029"}],"wp:attachment":[{"href":"https:\/\/www.europesays.com\/no\/wp-json\/wp\/v2\/media?parent=113028"}],"wp:term":[{"taxonomy":"category","embeddable":true,"href":"https:\/\/www.europesays.com\/no\/wp-json\/wp\/v2\/categories?post=113028"},{"taxonomy":"post_tag","embeddable":true,"href":"https:\/\/www.europesays.com\/no\/wp-json\/wp\/v2\/tags?post=113028"}],"curies":[{"name":"wp","href":"https:\/\/api.w.org\/{rel}","templated":true}]}}