{"id":113034,"date":"2025-12-14T15:22:11","date_gmt":"2025-12-14T15:22:11","guid":{"rendered":"https:\/\/www.europesays.com\/no\/113034\/"},"modified":"2025-12-14T15:22:11","modified_gmt":"2025-12-14T15:22:11","slug":"sport-handball-joar-gjerde-for-finalen-vet-ikke-om-jeg-var-en-reell-kandidat","status":"publish","type":"post","link":"https:\/\/www.europesays.com\/no\/113034\/","title":{"rendered":"Sport, H\u00e5ndball | Joar Gjerde f\u00f8r finalen: \u2013 Vet ikke om jeg var en reell kandidat"},"content":{"rendered":"\n<p>\u2013 Det blir noen rolige dager n\u00e5r jeg kommer hjem, s\u00e5 f\u00e5r jeg forh\u00e5pentligvis kj\u00f8pt de siste julegavene. Jeg kjenner jo p\u00e5 at jeg er borte fra kone og barn i lang tid, s\u00e5 det blir fint \u00e5 komme hjem, sier Joar Gjerde.<\/p>\n<p>  <a href=\"https:\/\/www.jbl.no\/5-103-712117\" class=\"related-teaser has-image default-story-teaser article--c-eRUmMG article--c-eRUmMG-jKCPdD-design-default\" rel=\"nofollow noopener\" target=\"_blank\"><\/p>\n<p>    <img decoding=\"async\" loading=\"lazy\"  src=\"https:\/\/www.europesays.com\/no\/wp-content\/uploads\/2025\/12\/IMG-3709.jpg\" alt=\"\" class=\"brick-c-cFOWSL\" style=\"\"\/><\/p>\n<p>\n            Les ogs\u00e5<\/p>\n<p>              Joar (32) fra Klepp er Thorir sin ukjente hjelper bak suksessen til h\u00e5ndballjentene\n        <\/p>\n<p>  <\/a><\/p>\n<p>F\u00f8r den tid skal Gjerde, som er fra Klepp akkurat som tidligere landslagstrener Thorir Hergeirsson, v\u00e6re med \u00e5 lede h\u00e5ndballjentene i VM-finalen mot Tyskland sammen med Thorirs etterf\u00f8lger, Ole Gustav Gjekstad.<\/p>\n<p>  <a href=\"https:\/\/www.jbl.no\/5-103-1063521\" class=\"related-teaser has-image default-story-teaser article--c-eRUmMG article--c-eRUmMG-jKCPdD-design-default\" rel=\"nofollow noopener\" target=\"_blank\"><\/p>\n<p>    <img decoding=\"async\" loading=\"lazy\"  src=\"https:\/\/www.europesays.com\/no\/wp-content\/uploads\/2025\/12\/ol+24+thorir+joar+gjerde.jpg\" alt=\"\" class=\"brick-c-cFOWSL\" style=\"\"\/><\/p>\n<p>\n            Les ogs\u00e5<\/p>\n<p>              Joar Gjerde ble kastet inn i OL-manesjen: \u2014 P\u00e5 sikt kan han bli landslagssjef, mener Thorir Hergeirsson\n        <\/p>\n<p>  <\/a><\/p>\n<p>Han sier at de har beholdt mye av den samme strukturen etter Thorir.<\/p>\n<p>\u2013 Jeg har egentlig denne samme rollen, men jeg har f\u00e5tt litt mer ansvar rundt selve kampen. Det synes jeg er g\u00f8y og en god utvikling for meg med tanke p\u00e5 fremtiden.<\/p>\n<p>  <a href=\"https:\/\/www.jbl.no\/5-103-1078380\" class=\"related-teaser has-image default-story-teaser article--c-eRUmMG article--c-eRUmMG-jKCPdD-design-default\" rel=\"nofollow noopener\" target=\"_blank\"><\/p>\n<p>    <img decoding=\"async\" loading=\"lazy\"  src=\"https:\/\/www.europesays.com\/no\/wp-content\/uploads\/2025\/12\/5_95_2009915+Joar+Gjerde.bin\" alt=\"\" class=\"brick-c-cFOWSL\" style=\"\"\/><\/p>\n<p>\n            Les ogs\u00e5<\/p>\n<p>              Thorirs erstatter er p\u00e5 plass og tar sannsynligvis med seg Joar Gjerde videre\n        <\/p>\n<p>  <\/a><\/p>\n<p>\u2013 Det var noen som pekte p\u00e5 deg som landslagssjef etter Thorir? <\/p>\n<p>\u2013 Jeg vet ikke om jeg var en reell kandidat eller ikke. Ole var en veldig naturlig kandidat, s\u00e5 jeg tenkte ikke noe spesielt p\u00e5 det.<\/p>\n<p>  <a href=\"https:\/\/www.jbl.no\/5-103-1072262\" class=\"related-teaser has-image default-story-teaser article--c-eRUmMG article--c-eRUmMG-jKCPdD-design-default\" rel=\"nofollow noopener\" target=\"_blank\"><\/p>\n<p>    <img decoding=\"async\" loading=\"lazy\"  src=\"https:\/\/www.europesays.com\/no\/wp-content\/uploads\/2025\/12\/NTB_LFF9xV4ZNrw.jpg\" alt=\"\" class=\"brick-c-cFOWSL\" style=\"\"\/><\/p>\n<p>\n            Les ogs\u00e5<\/p>\n<p>              Tror \u00abukjent\u00bb 35-\u00e5ring fra Klepp f\u00e5r Norge-jobben: \u2013 Mer sentral enn vi tror\n        <\/p>\n<p>  <\/a><\/p>\n<p>Han har 100 prosent jobb i h\u00e5ndballforbundet men utelukker ikke en fremtidig jobb som hovedtrener.<\/p>\n<p>Gjerde har h\u00f8ye forventninger f\u00f8r finalen mot Tyskland \u2013 en av vertsnasjonene.<\/p>\n<p>\u2013 Mange var overrasket da de slo Frankrike, men Tyskland har v\u00e6rt veldig gode dette mesterskapet og har f\u00e5tt skikkelig orden p\u00e5 forsvarsspillet. Vi m\u00e5 v\u00e6re fokuserte, sier treneren.<\/p>\n<p>Norge har dominert fullstendig i mesterskapet s\u00e5 langt og kommet seg til finalen uten problem.<\/p>\n<p>Finalen mellom Tyskland og Norge starter kl. 17:30 s\u00f8ndag kveld. TV3 viser kampen. <\/p>\n","protected":false},"excerpt":{"rendered":"\u2013 Det blir noen rolige dager n\u00e5r jeg kommer hjem, s\u00e5 f\u00e5r jeg forh\u00e5pentligvis kj\u00f8pt de siste julegavene.&hellip;\n","protected":false},"author":2,"featured_media":113035,"comment_status":"","ping_status":"","sticky":false,"template":"","format":"standard","meta":{"footnotes":""},"categories":[59],"tags":[36,105,13796,30,28,29,83,82,1510],"class_list":{"0":"post-113034","1":"post","2":"type-post","3":"status-publish","4":"format-standard","5":"has-post-thumbnail","7":"category-sport","8":"tag-art","9":"tag-handball","10":"tag-joar-gjerde","11":"tag-no","12":"tag-norge","13":"tag-norway","14":"tag-sport","15":"tag-sports","16":"tag-story"},"share_on_mastodon":{"url":"https:\/\/pubeurope.com\/@no\/115718609402519881","error":""},"_links":{"self":[{"href":"https:\/\/www.europesays.com\/no\/wp-json\/wp\/v2\/posts\/113034","targetHints":{"allow":["GET"]}}],"collection":[{"href":"https:\/\/www.europesays.com\/no\/wp-json\/wp\/v2\/posts"}],"about":[{"href":"https:\/\/www.europesays.com\/no\/wp-json\/wp\/v2\/types\/post"}],"author":[{"embeddable":true,"href":"https:\/\/www.europesays.com\/no\/wp-json\/wp\/v2\/users\/2"}],"replies":[{"embeddable":true,"href":"https:\/\/www.europesays.com\/no\/wp-json\/wp\/v2\/comments?post=113034"}],"version-history":[{"count":0,"href":"https:\/\/www.europesays.com\/no\/wp-json\/wp\/v2\/posts\/113034\/revisions"}],"wp:featuredmedia":[{"embeddable":true,"href":"https:\/\/www.europesays.com\/no\/wp-json\/wp\/v2\/media\/113035"}],"wp:attachment":[{"href":"https:\/\/www.europesays.com\/no\/wp-json\/wp\/v2\/media?parent=113034"}],"wp:term":[{"taxonomy":"category","embeddable":true,"href":"https:\/\/www.europesays.com\/no\/wp-json\/wp\/v2\/categories?post=113034"},{"taxonomy":"post_tag","embeddable":true,"href":"https:\/\/www.europesays.com\/no\/wp-json\/wp\/v2\/tags?post=113034"}],"curies":[{"name":"wp","href":"https:\/\/api.w.org\/{rel}","templated":true}]}}