{"id":113038,"date":"2025-12-14T15:36:09","date_gmt":"2025-12-14T15:36:09","guid":{"rendered":"https:\/\/www.europesays.com\/no\/113038\/"},"modified":"2025-12-14T15:36:09","modified_gmt":"2025-12-14T15:36:09","slug":"opp-mot-15-fastkjorte-biler-pa-kvaloya-broytebilen-var-innesperret-nrk-troms-og-finnmark","status":"publish","type":"post","link":"https:\/\/www.europesays.com\/no\/113038\/","title":{"rendered":"Opp mot 15 fastkj\u00f8rte biler p\u00e5 Kval\u00f8ya \u2013 br\u00f8ytebilen var innesperret \u2013 NRK Troms og Finnmark"},"content":{"rendered":"<p>Det er gult farevarsel med kraftige vindkast og sn\u00f8fokk i nord.<\/p>\n<p>\u2013 Det er vanskelige kj\u00f8reforhold. Vi anbefaler \u00e5 la bilen st\u00e5 om man ikke m\u00e5 ut og kj\u00f8re, sier operasjonsleder Eirik Kileng ved Troms politidistrikt.<\/p>\n<p>Kristel Brynlund, som var p\u00e5 vei hjem til Troms\u00f8 fra Sommar\u00f8ya, forteller om dramatisk situasjon.<\/p>\n<p>\u2013 Trafikken stod helt stille. Det var sterke vindkast og mye fokk og lange k\u00f8er begge veier. To biler stod uti gr\u00f8fta, og br\u00f8ytebilen foran oss kom seg ikke forbi, sier Brynlund.<\/p>\n<p>Det ble umiddelbart satt i gang tiltak, og folk p\u00e5 stedet hjalp hverandre.<\/p>\n<p>\u2013 Folk har sprunget til for \u00e5 hjelpe, og de er rundt her og sp\u00f8r etter tau og spade, la Brynlund til.<\/p>\n<p><img decoding=\"async\"   src=\"data:image\/gif;base64,R0lGODlhAQABAIAAAAAAAP\/\/\/yH5BAEAAAAALAAAAAABAAEAAAIBRAA7\" loading=\"eager\" alt=\"To biler p\u00e5 en sn\u00f8dekt vei, en ligger delvis utenfor veibanen. M\u00f8rkt ute med sn\u00f8dekte omgivelser. En gul vei-skilt er synlig i bakgrunnen. Bildet er tatt fra et bilvindu. (Bildebeskrivelsen er laget av en KI-tjeneste)\" title=\"Foto: Kristel Agathe Brynlund\"\/><\/p>\n<p class=\"\">Det var sterke vindkast og mye fokk og lange k\u00f8er begge veier.<\/p>\n<p>Foto: Kristel Agathe Brynlund<\/p>\n<p>Gult farevarsel og innstilte avganger<\/p>\n<p>Bakgrunnen for kaoset er det gule farevarselet som er utstedt for deler av Troms og Finnmark s\u00f8ndag. Varselet inneb\u00e6rer fare for kraftige vindkast p\u00e5 30 til 37 m\/s og risiko for sterk storm utsatte steder.<\/p>\n<p>Det er vind og sn\u00f8fokk i omr\u00e5det, og veien var stengt p\u00e5 yttersida av Kval\u00f8ya i Troms\u00f8.<\/p>\n<p>If\u00f8lge politiet dreide det seg om trolig opp mot 15 fastkj\u00f8rte biler p\u00e5 Brensholmeidet. Midt inne i k\u00f8en av fastkj\u00f8rte biler var br\u00f8ytebilen innesperret. Flere biler l\u00e5 i gr\u00f8fta, men det er ikke meldt om personskade.<\/p>\n<p>\u2013 Blant annet er to minibusser kj\u00f8rt seg fast, sa operasjonsleder Kileng.<\/p>\n<p>En entrepren\u00f8r ble sendt ut til stedet for \u00e5 bidra til \u00e5 l\u00f8se opp. En stund etter melder politiet at fortsatt \u00e9n bil er fast, if\u00f8lge folk p\u00e5 stedet.<\/p>\n<p><img decoding=\"async\"   src=\"data:image\/gif;base64,R0lGODlhAQABAIAAAAAAAP\/\/\/yH5BAEAAAAALAAAAAABAAEAAAIBRAA7\" loading=\"eager\" alt=\"Eirik Kileng operasjonsleder i Troms politidistrikt.\" title=\"Foto: Erik Waagb\u00f8\"\/><\/p>\n<p class=\"\">Eirik Kinge, operasjonsleder i Troms politidistrikt, f\u00f8lger med. <\/p>\n<p>Foto: Erik Waagb\u00f8<\/p>\n<p>Gult farevarsel<\/p>\n<p>Det er stedt ut gult farevarsel for deler av Troms og Finnmark s\u00f8ndag. Dette inneb\u00e6rer blant annet at veier kan bli stengt, og avganger innstilt.<\/p>\n<p>Det ventes lokalt kraftige vindkast p\u00e5 30 til 37 meter i sekunder fra s\u00f8r, og det kan bli sterk storm utsatte steder. Yr.no melder at man m\u00e5 forvente store variasjoner i vindstyrke i tid og rom.<\/p>\n<p>Det kan ogs\u00e5 legge seg v\u00e5t is p\u00e5 veien. If\u00f8lge Yr b\u00f8r man tilpasse farten etter forholdene.<\/p>\n<p>Holder man seg hjemme eller p\u00e5 hytta, b\u00f8r man \u00e5 sikre l\u00f8se gjenstander. De kan fort bl\u00e5se av g\u00e5rde.<\/p>\n<p>Innstilte avganger<\/p>\n<p>Ruskev\u00e6ret f\u00f8rer til at flere veier er stengt og avganger innstilt i Troms og Finnmark.<\/p>\n<p>Like i n\u00e6rheten av bilkaoset som var p\u00e5 yttersida av Kval\u00f8ya g\u00e5r ferga til Senja. Hele s\u00f8ndag er denne innstilt p\u00e5 grunn av v\u00e6ret.<\/p>\n<p>Det er ogs\u00e5 utstedt oransje farevarsel med fare for sn\u00f8skred, p\u00e5 Svalbard.<\/p>\n<p>Publisert<\/p>\n<p>14.12.2025, kl. 13.54<\/p>\n<p>Oppdatert<\/p>\n<p>14.12.2025, kl. 15.18<\/p>\n","protected":false},"excerpt":{"rendered":"Det er gult farevarsel med kraftige vindkast og sn\u00f8fokk i nord. \u2013 Det er vanskelige kj\u00f8reforhold. Vi anbefaler&hellip;\n","protected":false},"author":2,"featured_media":113039,"comment_status":"","ping_status":"","sticky":false,"template":"","format":"standard","meta":{"footnotes":""},"categories":[10],"tags":[20,21,24,25,15,22,23,13,30,28,29,14,16,26,27],"class_list":{"0":"post-113038","1":"post","2":"type-post","3":"status-publish","4":"format-standard","5":"has-post-thumbnail","7":"category-norge","8":"tag-breaking-news","9":"tag-breakingnews","10":"tag-featured-news","11":"tag-featurednews","12":"tag-headlines","13":"tag-latest-news","14":"tag-latestnews","15":"tag-news","16":"tag-no","17":"tag-norge","18":"tag-norway","19":"tag-nyheter","20":"tag-overskrifter","21":"tag-top-stories","22":"tag-topstories"},"share_on_mastodon":{"url":"https:\/\/pubeurope.com\/@no\/115718664039222976","error":""},"_links":{"self":[{"href":"https:\/\/www.europesays.com\/no\/wp-json\/wp\/v2\/posts\/113038","targetHints":{"allow":["GET"]}}],"collection":[{"href":"https:\/\/www.europesays.com\/no\/wp-json\/wp\/v2\/posts"}],"about":[{"href":"https:\/\/www.europesays.com\/no\/wp-json\/wp\/v2\/types\/post"}],"author":[{"embeddable":true,"href":"https:\/\/www.europesays.com\/no\/wp-json\/wp\/v2\/users\/2"}],"replies":[{"embeddable":true,"href":"https:\/\/www.europesays.com\/no\/wp-json\/wp\/v2\/comments?post=113038"}],"version-history":[{"count":0,"href":"https:\/\/www.europesays.com\/no\/wp-json\/wp\/v2\/posts\/113038\/revisions"}],"wp:featuredmedia":[{"embeddable":true,"href":"https:\/\/www.europesays.com\/no\/wp-json\/wp\/v2\/media\/113039"}],"wp:attachment":[{"href":"https:\/\/www.europesays.com\/no\/wp-json\/wp\/v2\/media?parent=113038"}],"wp:term":[{"taxonomy":"category","embeddable":true,"href":"https:\/\/www.europesays.com\/no\/wp-json\/wp\/v2\/categories?post=113038"},{"taxonomy":"post_tag","embeddable":true,"href":"https:\/\/www.europesays.com\/no\/wp-json\/wp\/v2\/tags?post=113038"}],"curies":[{"name":"wp","href":"https:\/\/api.w.org\/{rel}","templated":true}]}}