{"id":113040,"date":"2025-12-14T15:37:12","date_gmt":"2025-12-14T15:37:12","guid":{"rendered":"https:\/\/www.europesays.com\/no\/113040\/"},"modified":"2025-12-14T15:37:12","modified_gmt":"2025-12-14T15:37:12","slug":"frida-aasen-har-blitt-mamma","status":"publish","type":"post","link":"https:\/\/www.europesays.com\/no\/113040\/","title":{"rendered":"Frida Aasen har blitt mamma"},"content":{"rendered":"<p>Modell Frida Aasen (31) deler s\u00f8ndag med sine en million f\u00f8lgere p\u00e5 <a href=\"https:\/\/www.instagram.com\/p\/DSPr8x_iIfA\/\" target=\"_blank\" rel=\"nofollow noopener\">Instagram<\/a> at hun har f\u00f8dt.\u00a0<\/p>\n<p>\u2013 06.12.25, Mia Grace. Velkommen til verden v\u00e5rt lille mirakel, skriver hun.<\/p>\n<p>I 2022 <a href=\"https:\/\/www.tv2.no\/underholdning\/supermodell-frida-aasen-har-giftet-seg\/14938680\/\" target=\"_blank\" rel=\"nofollow noopener\">giftet <\/a>den norske modellen seg med\u00a0italienske Tommy Chiabra (39), og dette er parets f\u00f8rste barn.<\/p>\n<p>        <img class=\"image__img lazyload\" itemprop=\"image\" title=\"Foto: Terenghi\/Ipa \/ ipa-agency.net \/ Pa Photos \/ NTB\" alt=\"EKTEPAR: Frida Aasen og Tommy Chiabra. Foto: Terenghi\/Ipa \/ ipa-agency.net \/ Pa Photos \/ NTB\" width=\"675\" height=\"898\" bad-src=\"https:\/\/www.europesays.com\/no\/wp-content\/uploads\/2025\/12\/18384128.webp\" fetchpriority=\"auto\" \/><\/p>\n<p>      EKTEPAR: Frida Aasen og Tommy Chiabra.<br \/>\n         Foto: Terenghi\/Ipa \/ ipa-agency.net \/ Pa Photos \/ NTB<\/p>\n<p>I kommentarfeltet p\u00e5 hennes nyeste innlegg str\u00f8mmer gratulasjonene til.<\/p>\n<p>\u00abGratulerer\u00bb, skriver\u00a0milliard\u00e6rarving\u00a0Jenny Spetalen (23).\u00a0<\/p>\n<p>Fra hennes ektemann lyder det:<\/p>\n<p>\u00abDu gjorde livet mitt mer meningsfylt\u00bb.\u00a0<\/p>\n<p>Ogs\u00e5 modellagenten som oppdaget Aasen i en alder av 14 \u00e5r, Donna Ioanna (56), har gratulert:<\/p>\n<p>\u00abDu vet hva jeg f\u00f8ler. Et vakkert navn til en vakker jente\u00bb, skriver Ioanna innledningsvis.<\/p>\n<p class=\"bold m-bold italic m-italic\" data-lab-font_weight=\"bold\" data-lab-italic=\"italic\">TV 2 har fors\u00f8kt \u00e5 f\u00e5 en kommentar fra Frida Aasen, forel\u00f8pig uten hell.<\/p>\n<p><script async src=\"\/\/www.instagram.com\/embed.js\"><\/script><\/p>\n","protected":false},"excerpt":{"rendered":"Modell Frida Aasen (31) deler s\u00f8ndag med sine en million f\u00f8lgere p\u00e5 Instagram at hun har f\u00f8dt.\u00a0 \u2013&hellip;\n","protected":false},"author":2,"featured_media":113041,"comment_status":"","ping_status":"","sticky":false,"template":"","format":"standard","meta":{"footnotes":""},"categories":[5],"tags":[20,21,24,25,15,19,22,23,17,18,13,30,28,29,14,16,26,27],"class_list":{"0":"post-113040","1":"post","2":"type-post","3":"status-publish","4":"format-standard","5":"has-post-thumbnail","7":"category-overskrifter","8":"tag-breaking-news","9":"tag-breakingnews","10":"tag-featured-news","11":"tag-featurednews","12":"tag-headlines","13":"tag-hovedoppslag","14":"tag-latest-news","15":"tag-latestnews","16":"tag-main-news","17":"tag-mainnews","18":"tag-news","19":"tag-no","20":"tag-norge","21":"tag-norway","22":"tag-nyheter","23":"tag-overskrifter","24":"tag-top-stories","25":"tag-topstories"},"share_on_mastodon":{"url":"https:\/\/pubeurope.com\/@no\/115718667895671654","error":""},"_links":{"self":[{"href":"https:\/\/www.europesays.com\/no\/wp-json\/wp\/v2\/posts\/113040","targetHints":{"allow":["GET"]}}],"collection":[{"href":"https:\/\/www.europesays.com\/no\/wp-json\/wp\/v2\/posts"}],"about":[{"href":"https:\/\/www.europesays.com\/no\/wp-json\/wp\/v2\/types\/post"}],"author":[{"embeddable":true,"href":"https:\/\/www.europesays.com\/no\/wp-json\/wp\/v2\/users\/2"}],"replies":[{"embeddable":true,"href":"https:\/\/www.europesays.com\/no\/wp-json\/wp\/v2\/comments?post=113040"}],"version-history":[{"count":0,"href":"https:\/\/www.europesays.com\/no\/wp-json\/wp\/v2\/posts\/113040\/revisions"}],"wp:featuredmedia":[{"embeddable":true,"href":"https:\/\/www.europesays.com\/no\/wp-json\/wp\/v2\/media\/113041"}],"wp:attachment":[{"href":"https:\/\/www.europesays.com\/no\/wp-json\/wp\/v2\/media?parent=113040"}],"wp:term":[{"taxonomy":"category","embeddable":true,"href":"https:\/\/www.europesays.com\/no\/wp-json\/wp\/v2\/categories?post=113040"},{"taxonomy":"post_tag","embeddable":true,"href":"https:\/\/www.europesays.com\/no\/wp-json\/wp\/v2\/tags?post=113040"}],"curies":[{"name":"wp","href":"https:\/\/api.w.org\/{rel}","templated":true}]}}