{"id":113042,"date":"2025-12-14T15:38:09","date_gmt":"2025-12-14T15:38:09","guid":{"rendered":"https:\/\/www.europesays.com\/no\/113042\/"},"modified":"2025-12-14T15:38:09","modified_gmt":"2025-12-14T15:38:09","slug":"ski-sport-karoline-simpson-larsen-med-overraskende-seier-i-davos","status":"publish","type":"post","link":"https:\/\/www.europesays.com\/no\/113042\/","title":{"rendered":"Ski, Sport | Karoline Simpson-Larsen med overraskende seier i Davos"},"content":{"rendered":"\n<p>Det ble en norsk jubeldag i de sveitsiske alpene. Mens stjerner som Heidi Weng, Frida Karlsson og Ebba Andersson glimret med sitt frav\u00e6r, viste Simpson-Larsen styrke og vant.<\/p>\n<p>Hun har aldri tidligere v\u00e6rt p\u00e5 seierspallen i verdenscupen, s\u00e5 s\u00f8ndagens l\u00f8p er fort hennes beste i karrieren.<\/p>\n<p>\u2013 Jeg vet ikke helt om jeg klarer \u00e5 beskrive det, for jeg skj\u00f8nner ingenting, utbr\u00f8t Simpson-Larsen overfor Viaplay.<\/p>\n<p>Tett kamp<\/p>\n<p>Hun slo svenske Moa Ilar med 2,1 sekunder, mens Astrid \u00d8yre Slind var ytterligere ett tidels sekund bak. Verdenscupleder Jessie Diggins m\u00e5tte se seg sl\u00e5tt med vel ti sekunder og ta til takke med 5.-plassen.<\/p>\n<p>Det var sekundstrid underveis med Slind i tet foran Simpson-Larsen p\u00e5 alle mellomtider. Veteranen Slind tapte noe tid p\u00e5 slutten og endte med 3.-plass etter at Ilar hadde avsluttet sv\u00e6rt sterkt.<\/p>\n<p>\u2013 Jeg konsentrerte meg f\u00f8rst bare om \u00e5 g\u00e5 bra p\u00e5 ski, og s\u00e5 skj\u00f8nte jeg at jeg l\u00e5 bra an. Og jeg vet at jeg klarer \u00e5 disponere en 10 kilometer bra. Da gjaldt det bare \u00e5 ikke g\u00e5 p\u00e5 en smell, sa vinneren.<\/p>\n<p>   <img decoding=\"async\" width=\"3569\" height=\"2128\" fetchpriority=\"low\"  loading=\"lazy\"  src=\"https:\/\/www.europesays.com\/no\/wp-content\/uploads\/2025\/12\/5_8_2538638_DSC_5094.jpg\" alt=\"NM-KLAR: Karoline Simpson-Larsen g\u00e5r to konkurransar under NM p\u00e5 Beitost\u00f8len.  Korona, streptokokkar, biholebetennelse, vanleg forkj\u00f8ling og RS-virus. Vinteren har servert ei lang liste med sjukdomar for Sjur R\u00f8the. Vossingen g\u00e5r sitt fyrste skirenn i 2024 under NM laurdag.\" class=\"brick-c-cFOWSL\" style=\"--brick-image-ratio: 3569 \/ 2128;\"\/><\/p>\n<p>      Karoline Simpson-Larsen under NM p\u00e5 Beitost\u00f8len.<br \/>\n      Foto: Arne Brunes\n    <\/p>\n<p>  Kjempel\u00f8ft<\/p>\n<p>Simpson-Larsen har f\u00e5tt et solid l\u00f8ft denne sesongen, og hun har 11.-plass som svakeste resultat p\u00e5 de fem verdenscuprennene hun har g\u00e5tt.<\/p>\n<p>Seier p\u00e5 OL-distansen 10 kilometer fristil gir henne veldig gode kort p\u00e5 h\u00e5nden n\u00e5r troppen til vinterlekene i Italia skal tas ut.<\/p>\n<p>\u2013 Trening fungerer. Trening over tid og det \u00e5 ikke gi seg. Det har ikke g\u00e5tt opp for meg enn\u00e5, fortsatte hun.<\/p>\n<p>Kristin Austgulen Fosn\u00e6s gjorde ogs\u00e5 et brukbart l\u00f8p s\u00f8ndag og ble nummer sju. Det gikk noe tyngre for Julie Bjervig Drivenes (13.-plass), Anne Kjersti Kalv\u00e5 (17.-plass) og Nora Sanness (19.-plass).<\/p>\n","protected":false},"excerpt":{"rendered":"Det ble en norsk jubeldag i de sveitsiske alpene. Mens stjerner som Heidi Weng, Frida Karlsson og Ebba&hellip;\n","protected":false},"author":2,"featured_media":113043,"comment_status":"","ping_status":"","sticky":false,"template":"","format":"standard","meta":{"footnotes":""},"categories":[59],"tags":[36,30,28,29,3650,83,82,1510,1847],"class_list":{"0":"post-113042","1":"post","2":"type-post","3":"status-publish","4":"format-standard","5":"has-post-thumbnail","7":"category-sport","8":"tag-art","9":"tag-no","10":"tag-norge","11":"tag-norway","12":"tag-ski","13":"tag-sport","14":"tag-sports","15":"tag-story","16":"tag-voss"},"share_on_mastodon":{"url":"https:\/\/pubeurope.com\/@no\/115718672017260619","error":""},"_links":{"self":[{"href":"https:\/\/www.europesays.com\/no\/wp-json\/wp\/v2\/posts\/113042","targetHints":{"allow":["GET"]}}],"collection":[{"href":"https:\/\/www.europesays.com\/no\/wp-json\/wp\/v2\/posts"}],"about":[{"href":"https:\/\/www.europesays.com\/no\/wp-json\/wp\/v2\/types\/post"}],"author":[{"embeddable":true,"href":"https:\/\/www.europesays.com\/no\/wp-json\/wp\/v2\/users\/2"}],"replies":[{"embeddable":true,"href":"https:\/\/www.europesays.com\/no\/wp-json\/wp\/v2\/comments?post=113042"}],"version-history":[{"count":0,"href":"https:\/\/www.europesays.com\/no\/wp-json\/wp\/v2\/posts\/113042\/revisions"}],"wp:featuredmedia":[{"embeddable":true,"href":"https:\/\/www.europesays.com\/no\/wp-json\/wp\/v2\/media\/113043"}],"wp:attachment":[{"href":"https:\/\/www.europesays.com\/no\/wp-json\/wp\/v2\/media?parent=113042"}],"wp:term":[{"taxonomy":"category","embeddable":true,"href":"https:\/\/www.europesays.com\/no\/wp-json\/wp\/v2\/categories?post=113042"},{"taxonomy":"post_tag","embeddable":true,"href":"https:\/\/www.europesays.com\/no\/wp-json\/wp\/v2\/tags?post=113042"}],"curies":[{"name":"wp","href":"https:\/\/api.w.org\/{rel}","templated":true}]}}