{"id":113044,"date":"2025-12-14T15:44:19","date_gmt":"2025-12-14T15:44:19","guid":{"rendered":"https:\/\/www.europesays.com\/no\/113044\/"},"modified":"2025-12-14T15:44:19","modified_gmt":"2025-12-14T15:44:19","slug":"flere-veistrekninger-i-finnmark-er-stengt-pa-grunn-av-uvaer-nrk-troms-og-finnmark","status":"publish","type":"post","link":"https:\/\/www.europesays.com\/no\/113044\/","title":{"rendered":"Flere veistrekninger i Finnmark er stengt p\u00e5 grunn av uv\u00e6r \u2013 NRK Troms og Finnmark"},"content":{"rendered":"<p>Meteorologisk institutt melder at det fra s\u00f8ndag til mandag er ventet lokalt kraftige vindkast p\u00e5 30\u201337 meter i sekundet fra s\u00f8r\u00f8st-s\u00f8r, og periodevis full og kan hende sterk storm utsatte steder.<\/p>\n<p>Mange omr\u00e5der f\u00e5r ogs\u00e5 lite vind. Derfor m\u00e5 man forvente store variasjoner i vindstyrke i tid og rom.<\/p>\n<p>P\u00e5 grunn av uv\u00e6ret er flere veistrekninger i Finnmark stengt eller kolonnekj\u00f8rt.<\/p>\n<p>Flere stengte veier<\/p>\n<p>Hovedinnfarts\u00e5rene til Mager\u00f8ya var kolonnekj\u00f8rt p\u00e5 s\u00f8ndag formiddag.<\/p>\n<p>\u2013 Vi anbefaler at du vurderer alternative ruter. Driftspersonell har vurdert at det er sannsynlig at veien blir stengt, skriver Statens vegvesen om strekningen E69 mellom H\u00f8nsa og Repv\u00e5g.<\/p>\n<p>P\u00e5 Mager\u00f8ya er flere veistrekninger stengt eller kolonnekj\u00f8rt.<\/p>\n<p><img decoding=\"async\"   src=\"data:image\/gif;base64,R0lGODlhAQABAIAAAAAAAP\/\/\/yH5BAEAAAAALAAAAAABAAEAAAIBRAA7\" loading=\"eager\" alt=\"E69 Vedbotn\" title=\"Foto: Statens vegvesen\"\/><\/p>\n<p class=\"\">Det er usikkert n\u00e5r E69 mellom H\u00f8nsa og Repv\u00e5g \u00e5pner for normal trafikk p\u00e5 s\u00f8ndag.<\/p>\n<p>Foto: Statens vegvesen<\/p>\n<p>E6 Sennalandet er stengt. Det er forel\u00f8pig usikkert n\u00e5r fjellovergangen \u00e5pner.<\/p>\n<p>Fylkesvei 889 mellom Snefjord og Hav\u00f8ysund er stengt. Strekningen har v\u00e6rt stengt i ett d\u00f8gn. Det vil bli gjort en ny vurdering om strekningen kan \u00e5pne igjen klokken 20.00 p\u00e5 s\u00f8ndag.<\/p>\n<p>Fylkesvei 98 B\u00f8rselvfjellet er stengt p\u00e5 grunn av uv\u00e6r.<\/p>\n<p>Fylkesvei 888 mellom Hopseidet og Bekkarfjord er inntil videre stengt. Den f\u00f8rste kolonne klokken 06:30 utgikk, da n\u00f8detater m\u00e5tte f\u00f8lges igjennom strekningen<\/p>\n<p>Fylkesvei 98 Ifjordfjellet er stengt p\u00e5 grunn av sn\u00f8fokk.<\/p>\n<p>P\u00e5 Nordkinnhalv\u00f8ya er det fare for eller kolonnekj\u00f8ring p\u00e5 flere veistrekninger.<\/p>\n<p>Ferge innstiller<\/p>\n<p>Snelandia melder at MF \u00abAkkarfjord\u00bb innstiller ruteturer p\u00e5 s\u00f8ndag. Det p\u00e5 grunn av vanskelige v\u00e6rforhold.<\/p>\n<p>Fergesambandet g\u00e5r mellom Str\u00f8msnes fergekai og Kjerringholmen fergekai i Hammerfest kommune.<\/p>\n<p>\u00d8kt sn\u00f8skredfare<\/p>\n<p>Varsom melder at fortsatt sterk vind opprettholder skredfaren langs Finnmarkskysten.<\/p>\n<p>\u2013 Unng\u00e5 bratte omr\u00e5der der det f\u00f8yker inn sn\u00f8. Naturlig utl\u00f8ste skred kan forekomme og kan n\u00e5 infrastruktur p\u00e5 spesielt utsatte steder, skriver skredvarslerne i det oransje farevarselet som gjelder fra mandag 15. desember.<\/p>\n<p>I varselet skriver de at s\u00e6rlig utsatt er leheng med store henteomr\u00e5der for s\u00f8nnavind.<\/p>\n<p>\u2013 N\u00e5r vindstyrken \u00f8ker kan det oppst\u00e5 uvanlige p\u00e5lagringsm\u00f8nstre.<\/p>\n<p>Publisert<\/p>\n<p>14.12.2025, kl. 08.54<\/p>\n<p>Oppdatert<\/p>\n<p>14.12.2025, kl. 15.05<\/p>\n","protected":false},"excerpt":{"rendered":"Meteorologisk institutt melder at det fra s\u00f8ndag til mandag er ventet lokalt kraftige vindkast p\u00e5 30\u201337 meter i&hellip;\n","protected":false},"author":2,"featured_media":113045,"comment_status":"","ping_status":"","sticky":false,"template":"","format":"standard","meta":{"footnotes":""},"categories":[10],"tags":[20,21,24,25,15,22,23,13,30,28,29,14,16,26,27],"class_list":{"0":"post-113044","1":"post","2":"type-post","3":"status-publish","4":"format-standard","5":"has-post-thumbnail","7":"category-norge","8":"tag-breaking-news","9":"tag-breakingnews","10":"tag-featured-news","11":"tag-featurednews","12":"tag-headlines","13":"tag-latest-news","14":"tag-latestnews","15":"tag-news","16":"tag-no","17":"tag-norge","18":"tag-norway","19":"tag-nyheter","20":"tag-overskrifter","21":"tag-top-stories","22":"tag-topstories"},"share_on_mastodon":{"url":"https:\/\/pubeurope.com\/@no\/115718695564884877","error":""},"_links":{"self":[{"href":"https:\/\/www.europesays.com\/no\/wp-json\/wp\/v2\/posts\/113044","targetHints":{"allow":["GET"]}}],"collection":[{"href":"https:\/\/www.europesays.com\/no\/wp-json\/wp\/v2\/posts"}],"about":[{"href":"https:\/\/www.europesays.com\/no\/wp-json\/wp\/v2\/types\/post"}],"author":[{"embeddable":true,"href":"https:\/\/www.europesays.com\/no\/wp-json\/wp\/v2\/users\/2"}],"replies":[{"embeddable":true,"href":"https:\/\/www.europesays.com\/no\/wp-json\/wp\/v2\/comments?post=113044"}],"version-history":[{"count":0,"href":"https:\/\/www.europesays.com\/no\/wp-json\/wp\/v2\/posts\/113044\/revisions"}],"wp:featuredmedia":[{"embeddable":true,"href":"https:\/\/www.europesays.com\/no\/wp-json\/wp\/v2\/media\/113045"}],"wp:attachment":[{"href":"https:\/\/www.europesays.com\/no\/wp-json\/wp\/v2\/media?parent=113044"}],"wp:term":[{"taxonomy":"category","embeddable":true,"href":"https:\/\/www.europesays.com\/no\/wp-json\/wp\/v2\/categories?post=113044"},{"taxonomy":"post_tag","embeddable":true,"href":"https:\/\/www.europesays.com\/no\/wp-json\/wp\/v2\/tags?post=113044"}],"curies":[{"name":"wp","href":"https:\/\/api.w.org\/{rel}","templated":true}]}}