{"id":113046,"date":"2025-12-14T15:45:37","date_gmt":"2025-12-14T15:45:37","guid":{"rendered":"https:\/\/www.europesays.com\/no\/113046\/"},"modified":"2025-12-14T15:45:37","modified_gmt":"2025-12-14T15:45:37","slug":"knust-na-er-det-slutt","status":"publish","type":"post","link":"https:\/\/www.europesays.com\/no\/113046\/","title":{"rendered":"Knust: N\u00e5 er det slutt"},"content":{"rendered":"<p class=\"kicker \" style=\"\">Alix Earle:\u00a0<\/p>\n<p>  Etter m\u00e5neder med bruddrykter, bekrefter Alix Earle n\u00e5 at det er slutt mellom henne og kj\u00e6resten.\u00a0<\/p>\n<p>\n    SLUTT: Braxton Berrios og Alix Earle har gjort det slutt. Foto: Skjermdump fra Instagram \/ @alix_earle\n  <\/p>\n<p>Flere amerikanske medier meldte tidligere denne m\u00e5neden at det var slutt mellom influenseren Alix Earle (24) og NFL-stjerna Braxton Berrios (30), etter over to \u00e5r sammen.\u00a0<\/p>\n<p>    <a itemprop=\"url\" href=\"https:\/\/www.dagbladet.no\/kjendis\/hvorfor-ender-jeg-alltid-opp-naken\/80723002\" rel=\"nofollow noopener\" target=\"_blank\"><\/p>\n<p>        <img loading=\"lazy\" decoding=\"async\" src=\"https:\/\/www.europesays.com\/no\/wp-content\/uploads\/2025\/12\/1765727135_239_80722897.webp\" width=\"147\" height=\"100\" title=\"- Hvorfor ender jeg alltid opp naken?\" alt=\"\" class=\"lazyload\" style=\"--aspect-ratio-image: 1.47; filter: brightness(1.15);\"\/><\/p>\n<p>        &#8211; Hvorfor ender jeg alltid opp naken?<\/p>\n<p>    <\/a><\/p>\n<p>Men det er f\u00f8rst n\u00e5 24-\u00e5ringen bryter tausheten og bekrefter ryktene. I en sv\u00e6rt f\u00f8lelsesladet video p\u00e5 <a href=\"https:\/\/www.tiktok.com\/@alixearle\/video\/7583540947712003359?_r=1&amp;_t=ZT-92CkjCKBEsQ\" rel=\"nofollow noopener\" target=\"_blank\">Tiktok<\/a> snakker hun for f\u00f8rste gang om bruddet.\u00a0<\/p>\n<p>&#8211; Braxton og jeg er ikke sammen lenger. Vi har i praksis hatt langdistanseforhold siden juni, og vi har ikke f\u00e5tt sett hverandre s\u00e5 ofte. Det har v\u00e6rt veldig vanskelig for meg, sier hun i videoen med t\u00e5rer i \u00f8ynene.<\/p>\n<p>        \u00abGIRLS OF OSLO\u00bb: Sophie Elise \u00e5pner seg om det ferske bruddet. Video: \u00abGirls of Oslo\u00bb\/Prime Video<\/p>\n<p>Earle forklarer at hun f\u00f8lte seg \u00abveldig motivert\u00bb til \u00e5 bo i Los Angeles under sin tid i \u00abDancing With the Stars\u00bb, og at hun har vurdert \u00e5 flytte dit permanent.<\/p>\n<p class=\"font-weight-bold m-font-weight-bold\" data-lab-font_weight=\"font-weight-bold\">&#8211; Jeg tror det var skummelt for meg \u00e5 innse, fordi det betydde at vi ikke ville v\u00e6re p\u00e5 samme sted. En del av meg vil ogs\u00e5 virkelig fokusere p\u00e5 meg selv akkurat n\u00e5. Jeg f\u00f8ler bare at jeg ikke kan v\u00e6re det Braxton trenger, forklarer hun.\u00a0<\/p>\n<p>Influenseren legger ikke skjul p\u00e5 at det var en vanskelig avgj\u00f8relse, ettersom hun anser Berrios som sin \u00abbeste venn\u00bb.<\/p>\n<p>    <a itemprop=\"url\" href=\"https:\/\/www.dagbladet.no\/kjendis\/kom-som-et-stort-sjokk\/83896326\" rel=\"nofollow noopener\" target=\"_blank\"><\/p>\n<p>        <img loading=\"lazy\" decoding=\"async\" src=\"https:\/\/www.europesays.com\/no\/wp-content\/uploads\/2025\/12\/1765727136_892_83896352.webp\" width=\"147\" height=\"100\" title=\"- Kom som et stort sjokk\" alt=\"\" class=\"lazyload\" style=\"--aspect-ratio-image: 1.47; \"\/><\/p>\n<p>        &#8211; Kom som et stort sjokk<\/p>\n<p>    <\/a><\/p>\n<p>Hun understreker at bruddet ikke hadde noe \u00e5 gj\u00f8re med at Berrios gikk glipp av \u00abDancing With the Stars\u00bb-opptredenene hennes p\u00e5 grunn av NFL-sesongen.<\/p>\n<p>        <img loading=\"lazy\" decoding=\"async\" src=\"https:\/\/www.europesays.com\/no\/wp-content\/uploads\/2025\/12\/83982032.webp\" width=\"686\" height=\"803\" title=\"BRUDD: NFL-spilleren Braxton Berrios og influenseren Alix Earle har gjort det slutt etter over to \u00e5r sammen. Foto: Instagram \/ @alixearle\" alt=\"\" class=\"\" style=\"--aspect-ratio-image: 0.85; \"\/><\/p>\n<p>\n        BRUDD: NFL-spilleren Braxton Berrios og influenseren Alix Earle har gjort det slutt etter over to \u00e5r sammen. Foto: Instagram \/ @alixearle\n    <\/p>\n<p>&#8211; Jeg tror jeg til slutt bare ville stole p\u00e5 f\u00f8lelsene mine. Det er ikke drama. Det er ikke fordi han gjorde noe galt eller at jeg gjorde noe galt. Det f\u00f8ltes bare ikke som det fungerte, i \u00f8yeblikket, sier hun.<\/p>\n<p>    <a itemprop=\"url\" href=\"https:\/\/www.dagbladet.no\/kjendis\/bekrefter-brudd\/83811325\" rel=\"nofollow noopener\" target=\"_blank\"><\/p>\n<p>        <img loading=\"lazy\" decoding=\"async\" src=\"https:\/\/www.europesays.com\/no\/wp-content\/uploads\/2025\/12\/83811361.webp\" width=\"147\" height=\"98\" title=\"Bekrefter brudd\" alt=\"\" class=\"lazyload\" style=\"--aspect-ratio-image: 1.50; \"\/><\/p>\n<p>        Bekrefter brudd<\/p>\n<p>    <\/a><\/p>\n<p>Avslutningvis sier Earle at hun framover bare vil fokusere p\u00e5 trening, meditasjon, kortspill og gode samtaler med sine n\u00e6rmeste.<\/p>\n<p><script async src=\"\/\/www.tiktok.com\/embed.js\"><\/script><\/p>\n","protected":false},"excerpt":{"rendered":"Alix Earle:\u00a0 Etter m\u00e5neder med bruddrykter, bekrefter Alix Earle n\u00e5 at det er slutt mellom henne og kj\u00e6resten.\u00a0&hellip;\n","protected":false},"author":2,"featured_media":113047,"comment_status":"","ping_status":"","sticky":false,"template":"","format":"standard","meta":{"footnotes":""},"categories":[5],"tags":[20,21,24,25,105,9443,15,19,22,23,17,18,13,30,28,29,14,16,83,26,27],"class_list":{"0":"post-113046","1":"post","2":"type-post","3":"status-publish","4":"format-standard","5":"has-post-thumbnail","7":"category-overskrifter","8":"tag-breaking-news","9":"tag-breakingnews","10":"tag-featured-news","11":"tag-featurednews","12":"tag-handball","13":"tag-handball-vm","14":"tag-headlines","15":"tag-hovedoppslag","16":"tag-latest-news","17":"tag-latestnews","18":"tag-main-news","19":"tag-mainnews","20":"tag-news","21":"tag-no","22":"tag-norge","23":"tag-norway","24":"tag-nyheter","25":"tag-overskrifter","26":"tag-sport","27":"tag-top-stories","28":"tag-topstories"},"share_on_mastodon":{"url":"https:\/\/pubeurope.com\/@no\/115718699759379091","error":""},"_links":{"self":[{"href":"https:\/\/www.europesays.com\/no\/wp-json\/wp\/v2\/posts\/113046","targetHints":{"allow":["GET"]}}],"collection":[{"href":"https:\/\/www.europesays.com\/no\/wp-json\/wp\/v2\/posts"}],"about":[{"href":"https:\/\/www.europesays.com\/no\/wp-json\/wp\/v2\/types\/post"}],"author":[{"embeddable":true,"href":"https:\/\/www.europesays.com\/no\/wp-json\/wp\/v2\/users\/2"}],"replies":[{"embeddable":true,"href":"https:\/\/www.europesays.com\/no\/wp-json\/wp\/v2\/comments?post=113046"}],"version-history":[{"count":0,"href":"https:\/\/www.europesays.com\/no\/wp-json\/wp\/v2\/posts\/113046\/revisions"}],"wp:featuredmedia":[{"embeddable":true,"href":"https:\/\/www.europesays.com\/no\/wp-json\/wp\/v2\/media\/113047"}],"wp:attachment":[{"href":"https:\/\/www.europesays.com\/no\/wp-json\/wp\/v2\/media?parent=113046"}],"wp:term":[{"taxonomy":"category","embeddable":true,"href":"https:\/\/www.europesays.com\/no\/wp-json\/wp\/v2\/categories?post=113046"},{"taxonomy":"post_tag","embeddable":true,"href":"https:\/\/www.europesays.com\/no\/wp-json\/wp\/v2\/tags?post=113046"}],"curies":[{"name":"wp","href":"https:\/\/api.w.org\/{rel}","templated":true}]}}