{"id":113048,"date":"2025-12-14T15:46:13","date_gmt":"2025-12-14T15:46:13","guid":{"rendered":"https:\/\/www.europesays.com\/no\/113048\/"},"modified":"2025-12-14T15:46:13","modified_gmt":"2025-12-14T15:46:13","slug":"resultater-10-km-fri-kvinner-verdenscup-langrenn-davos-2025","status":"publish","type":"post","link":"https:\/\/www.europesays.com\/no\/113048\/","title":{"rendered":"Resultater 10 km fri kvinner | Verdenscup langrenn Davos 2025"},"content":{"rendered":"<p class=\"cat-description\">Startlister og resultater fra 10 km fri kvinner under Verdenscup langrenn Davos som arrangeres 14. desember 2025.<\/p>\n<p>Publisert 14. desember 2025 i <a href=\"https:\/\/www.sportsidioten.no\/.\/langrenn\/\" class=\"kmn-grid-model-taxlink\" rel=\"nofollow noopener\" target=\"_blank\">Langrenn<\/a><\/p>\n<p><a href=\"https:\/\/www.sportsidioten.no\/langrenn\/verdenscup-langrenn-davos-2025\/\" rel=\"nofollow noopener\" target=\"_blank\">Alle resultater verdenscup langrenn Davos 2025<\/a><\/p>\n<p>10 km fri kvinner | Verdenscup langrenn Davos 2025<br \/>\n<a href=\"https:\/\/live.fis-ski.com\/cc-2227\/results-pda.htm\" target=\"_blank\" rel=\"noopener nofollow\">Liveresultater<\/a><br \/><img loading=\"lazy\" decoding=\"async\" class=\"alignnone size-large wp-image-134179\" src=\"https:\/\/www.europesays.com\/no\/wp-content\/uploads\/2025\/12\/IMG_3920-1024x996.jpeg\" alt=\"\" width=\"1024\" height=\"996\"  \/><\/p>\n<p><img loading=\"lazy\" decoding=\"async\" class=\"alignnone size-large wp-image-134178\" src=\"https:\/\/www.europesays.com\/no\/wp-content\/uploads\/2025\/12\/IMG_3921-1024x978.jpeg\" alt=\"\" width=\"1024\" height=\"978\"  \/><\/p>\n<p><img loading=\"lazy\" decoding=\"async\" class=\"alignnone size-large wp-image-134177\" src=\"https:\/\/www.europesays.com\/no\/wp-content\/uploads\/2025\/12\/IMG_3922-1024x995.jpeg\" alt=\"\" width=\"1024\" height=\"995\"  \/><\/p>\n<p><img loading=\"lazy\" decoding=\"async\" class=\"alignnone size-large wp-image-134176\" src=\"https:\/\/www.europesays.com\/no\/wp-content\/uploads\/2025\/12\/IMG_3923-1024x321.jpeg\" alt=\"\" width=\"1024\" height=\"321\"  \/><\/p>\n<p>\u00a0<\/p>\n<p>Startlister<\/p>\n<p><img loading=\"lazy\" decoding=\"async\" class=\"alignnone size-full wp-image-133970\" src=\"https:\/\/www.europesays.com\/no\/wp-content\/uploads\/2025\/12\/1-84.png\" alt=\"\" width=\"616\" height=\"724\"  \/><\/p>\n<p><img loading=\"lazy\" decoding=\"async\" class=\"alignnone size-full wp-image-133972\" src=\"https:\/\/www.europesays.com\/no\/wp-content\/uploads\/2025\/12\/2-65.png\" alt=\"\" width=\"615\" height=\"720\"  \/><\/p>\n<p><img loading=\"lazy\" decoding=\"async\" class=\"alignnone size-full wp-image-133971\" src=\"https:\/\/www.europesays.com\/no\/wp-content\/uploads\/2025\/12\/3-57.png\" alt=\"\" width=\"616\" height=\"720\"  \/><\/p>\n<p><img loading=\"lazy\" decoding=\"async\" class=\"alignnone size-full wp-image-133969\" src=\"https:\/\/www.europesays.com\/no\/wp-content\/uploads\/2025\/12\/4-35.png\" alt=\"\" width=\"616\" height=\"144\"  \/><\/p>\n<p>Om Verdenscup langrenn Davos 2025<br \/>\nDato<\/p>\n<p>12. \u2013 14. desember<\/p>\n<p>Sted<\/p>\n<p>Davos \u2013 Sveits<\/p>\n<p>P\u00e5 TV<\/p>\n<p>Rennene sendes direkte p\u00e5 Vsport1 og Vsport+ (fredag) og TV3 (l\u00f8rdag og s\u00f8ndag). Alt streames p\u00e5 Viaplay.<\/p>\n<p><a href=\"https:\/\/www.sportsidioten.no\/langrenn\/langrenn-pa-tv\/\" rel=\"nofollow noopener\" target=\"_blank\">Langrenn p\u00e5 TV<\/a><\/p>\n<p><a href=\"https:\/\/www.sportsidioten.no\/langrenn\/uttak-verdenscup-langrenn-davos-2025\/\" rel=\"nofollow noopener\" target=\"_blank\">Norges tropp<\/a><br \/>\nProgram<br \/>\n<strong>Fredag 12. desember<\/strong><\/p>\n<ul>\n<li>Kl 15.00: Lagsprint fri teknikk prolog<\/li>\n<li>Kl 17.00: Lagsprint fri teknikk finaler<\/li>\n<\/ul>\n<p><strong>L\u00f8rdag 13. desember<\/strong><\/p>\n<ul>\n<li>Kl 13.45: Sprint fri teknikk prolog<\/li>\n<li>Kl 16.15: Sprint fri teknikk finaler<\/li>\n<\/ul>\n<p><strong>S\u00f8ndag 14. desember<\/strong><\/p>\n<ul>\n<li>Kl 09.50: 10 km intervallstart fri menn<\/li>\n<li>Kl 13.45: 10 km intervallstart fri kvinner<\/li>\n<\/ul>\n<p>V\u00e6rmelding<\/p>\n<p><img decoding=\"async\" class=\"alignnone size-full\" src=\"https:\/\/www.yr.no\/nb\/innhold\/2-2661040\/meteogram.svg\" width=\"auto\" height=\"auto\"\/><\/p>\n<p><a href=\"https:\/\/sportsidioten.no\/langrenn\/verdenscup-langrenn-2025-2026\/\" rel=\"nofollow noopener\" target=\"_blank\">Terminliste verdenscupen langrenn 2025-26<\/a><\/p>\n<p><a href=\"https:\/\/www.davosnordic.ch\/\" target=\"_blank\" rel=\"noopener nofollow\">Arrang\u00f8rens hjemmeside<\/a><\/p>\n","protected":false},"excerpt":{"rendered":"Startlister og resultater fra 10 km fri kvinner under Verdenscup langrenn Davos som arrangeres 14. desember 2025. Publisert&hellip;\n","protected":false},"author":2,"featured_media":113049,"comment_status":"","ping_status":"","sticky":false,"template":"","format":"standard","meta":{"footnotes":""},"categories":[59],"tags":[30,28,29,83,82],"class_list":{"0":"post-113048","1":"post","2":"type-post","3":"status-publish","4":"format-standard","5":"has-post-thumbnail","7":"category-sport","8":"tag-no","9":"tag-norge","10":"tag-norway","11":"tag-sport","12":"tag-sports"},"share_on_mastodon":{"url":"https:\/\/pubeurope.com\/@no\/115718703461870486","error":""},"_links":{"self":[{"href":"https:\/\/www.europesays.com\/no\/wp-json\/wp\/v2\/posts\/113048","targetHints":{"allow":["GET"]}}],"collection":[{"href":"https:\/\/www.europesays.com\/no\/wp-json\/wp\/v2\/posts"}],"about":[{"href":"https:\/\/www.europesays.com\/no\/wp-json\/wp\/v2\/types\/post"}],"author":[{"embeddable":true,"href":"https:\/\/www.europesays.com\/no\/wp-json\/wp\/v2\/users\/2"}],"replies":[{"embeddable":true,"href":"https:\/\/www.europesays.com\/no\/wp-json\/wp\/v2\/comments?post=113048"}],"version-history":[{"count":0,"href":"https:\/\/www.europesays.com\/no\/wp-json\/wp\/v2\/posts\/113048\/revisions"}],"wp:featuredmedia":[{"embeddable":true,"href":"https:\/\/www.europesays.com\/no\/wp-json\/wp\/v2\/media\/113049"}],"wp:attachment":[{"href":"https:\/\/www.europesays.com\/no\/wp-json\/wp\/v2\/media?parent=113048"}],"wp:term":[{"taxonomy":"category","embeddable":true,"href":"https:\/\/www.europesays.com\/no\/wp-json\/wp\/v2\/categories?post=113048"},{"taxonomy":"post_tag","embeddable":true,"href":"https:\/\/www.europesays.com\/no\/wp-json\/wp\/v2\/tags?post=113048"}],"curies":[{"name":"wp","href":"https:\/\/api.w.org\/{rel}","templated":true}]}}