{"id":113050,"date":"2025-12-14T15:51:08","date_gmt":"2025-12-14T15:51:08","guid":{"rendered":"https:\/\/www.europesays.com\/no\/113050\/"},"modified":"2025-12-14T15:51:08","modified_gmt":"2025-12-14T15:51:08","slug":"26-aring-domt-for-voldtekt-av-13-aring-han-motte-pa-tog","status":"publish","type":"post","link":"https:\/\/www.europesays.com\/no\/113050\/","title":{"rendered":"26-\u00e5ring d\u00f8mt for voldtekt av 13-\u00e5ring han m\u00f8tte p\u00e5 tog"},"content":{"rendered":"\n<p class=\"_lead_o9xde_2 _lead_xtcu6_50 layout-component text-serif-m layout-normal text-serif-l layout-component layout-wide layout-padded _wide_17hqh_1 layout-padded\">En 26 \u00e5r gammel mann er d\u00f8mt til fire \u00e5r og ni m\u00e5neders fengsel for voldtekt av en 13 \u00e5r gammel jente han m\u00f8tte p\u00e5 toget mellom Asker og Drammen.<\/p>\n<ul aria-hidden=\"true\" class=\"_images_ntbth_112\">\n<li><a class=\"_link_ntbth_117\" href=\"https:\/\/www.vg.no\/forfatter\/ntb\" style=\"z-index:1\" title=\"NTB\" rel=\"nofollow noopener\" target=\"_blank\"><img alt=\"Bilde av NTB\" class=\"_image_ntbth_93\" fetchpriority=\"low\" loading=\"lazy\" decoding=\"async\" itemprop=\"image\"  src=\"https:\/\/www.europesays.com\/no\/wp-content\/uploads\/2025\/12\/1765727468_706_c33980b0-5d07-4027-84a1-813f90a7c8d6\"  width=\"480\"\/><\/a><\/li>\n<\/ul>\n<p> Oppdatert s\u00f8ndag 14. desember kl. 16:04     <\/p>\n<p class=\"_paragraph_o9xde_4 _paragraph_xtcu6_10 layout-component text-serif-m layout-normal text-serif-m layout-padded\"> Det melder <a href=\"https:\/\/www.budstikka.no\/26-aringen-skal-ha-voldtatt-jente-13-som-han-motte-pa-toget\/s\/5-55-2161198\" class=\"_link_o9xde_39\" rel=\"nofollow noopener\" target=\"_blank\">Budstikka<\/a>.<\/p>\n<p class=\"_paragraph_o9xde_4 _paragraph_xtcu6_10 layout-component text-serif-m layout-normal text-serif-m layout-padded\">Jenta hadde r\u00f8mt hjemmefra og tok toget rundt i Oslo-omr\u00e5det da mannen tok kontakt med henne. If\u00f8lge dommen overtalte mannen ten\u00e5ringen til \u00e5 bli med hjem til leiligheten hans i Asker, der han forgrep seg p\u00e5 henne.<\/p>\n<p class=\"_paragraph_o9xde_4 _paragraph_xtcu6_10 layout-component text-serif-m layout-normal text-serif-m layout-padded\">Mannen nektet straffskyld under rettssaken, men Asker og B\u00e6rum tingrett fant ikke forklaringen hans troverdig.<\/p>\n<p class=\"_paragraph_o9xde_4 _paragraph_xtcu6_10 layout-component text-serif-m layout-normal text-serif-m layout-padded\">\u2013 Hennes forklaring skal legges til grunn i sin helhet. Dette er basert p\u00e5 innholdet i forklaringene, og de \u00f8vrige bevis i saken som er gjennomg\u00e5tt, og som st\u00f8tter opp om hennes forklaring, heter det i dommen.<\/p>\n<p class=\"_paragraph_o9xde_4 _paragraph_xtcu6_10 layout-component text-serif-m layout-normal text-serif-m layout-padded\">Retten peker p\u00e5 at mannen selv var usikker p\u00e5 jentas alder, og at han med sin erfaring fra restaurantbransjen burde ha evnet \u00e5 vurdere at hun var sv\u00e6rt ung.<\/p>\n<p class=\"_paragraph_o9xde_4 _paragraph_xtcu6_10 layout-component text-serif-m layout-normal text-serif-m layout-padded\">\u2013 Det var tiltalte som initierte kontakten med forn\u00e6rmede da han s\u00e5 henne p\u00e5 toget og tenkte at hun s\u00e5 trist ut. Det var han som foreslo at de skulle dra hjem til ham. Det var han som tok initiativ til den seksuelle aktiviteten, heter det.<\/p>\n<p class=\"_paragraph_o9xde_4 _paragraph_xtcu6_10 layout-component text-serif-m layout-normal text-serif-m layout-padded\">Mannen m\u00e5 ogs\u00e5 betale 320.000 kroner i oppreisning til forn\u00e6rmede.<\/p>\n","protected":false},"excerpt":{"rendered":"En 26 \u00e5r gammel mann er d\u00f8mt til fire \u00e5r og ni m\u00e5neders fengsel for voldtekt av en&hellip;\n","protected":false},"author":2,"featured_media":113051,"comment_status":"","ping_status":"","sticky":false,"template":"","format":"standard","meta":{"footnotes":""},"categories":[10],"tags":[20,21,24,25,15,22,23,13,30,28,29,14,16,26,27,2589],"class_list":{"0":"post-113050","1":"post","2":"type-post","3":"status-publish","4":"format-standard","5":"has-post-thumbnail","7":"category-norge","8":"tag-breaking-news","9":"tag-breakingnews","10":"tag-featured-news","11":"tag-featurednews","12":"tag-headlines","13":"tag-latest-news","14":"tag-latestnews","15":"tag-news","16":"tag-no","17":"tag-norge","18":"tag-norway","19":"tag-nyheter","20":"tag-overskrifter","21":"tag-top-stories","22":"tag-topstories","23":"tag-voldtekt"},"share_on_mastodon":{"url":"https:\/\/pubeurope.com\/@no\/115718723293920052","error":""},"_links":{"self":[{"href":"https:\/\/www.europesays.com\/no\/wp-json\/wp\/v2\/posts\/113050","targetHints":{"allow":["GET"]}}],"collection":[{"href":"https:\/\/www.europesays.com\/no\/wp-json\/wp\/v2\/posts"}],"about":[{"href":"https:\/\/www.europesays.com\/no\/wp-json\/wp\/v2\/types\/post"}],"author":[{"embeddable":true,"href":"https:\/\/www.europesays.com\/no\/wp-json\/wp\/v2\/users\/2"}],"replies":[{"embeddable":true,"href":"https:\/\/www.europesays.com\/no\/wp-json\/wp\/v2\/comments?post=113050"}],"version-history":[{"count":0,"href":"https:\/\/www.europesays.com\/no\/wp-json\/wp\/v2\/posts\/113050\/revisions"}],"wp:featuredmedia":[{"embeddable":true,"href":"https:\/\/www.europesays.com\/no\/wp-json\/wp\/v2\/media\/113051"}],"wp:attachment":[{"href":"https:\/\/www.europesays.com\/no\/wp-json\/wp\/v2\/media?parent=113050"}],"wp:term":[{"taxonomy":"category","embeddable":true,"href":"https:\/\/www.europesays.com\/no\/wp-json\/wp\/v2\/categories?post=113050"},{"taxonomy":"post_tag","embeddable":true,"href":"https:\/\/www.europesays.com\/no\/wp-json\/wp\/v2\/tags?post=113050"}],"curies":[{"name":"wp","href":"https:\/\/api.w.org\/{rel}","templated":true}]}}