{"id":113052,"date":"2025-12-14T15:52:20","date_gmt":"2025-12-14T15:52:20","guid":{"rendered":"https:\/\/www.europesays.com\/no\/113052\/"},"modified":"2025-12-14T15:52:20","modified_gmt":"2025-12-14T15:52:20","slug":"vaknet-i-natt-noen-ting-man-tenker-pa","status":"publish","type":"post","link":"https:\/\/www.europesays.com\/no\/113052\/","title":{"rendered":"V\u00e5knet i natt: &#8211; Noen ting man tenker p\u00e5"},"content":{"rendered":"<p>S\u00e5 langt har de v\u00e6rt ustoppelige i VM.\u00a0<\/p>\n<p>N\u00e5 gjenst\u00e5r bare ett hinder for Ole Gustav Gjekstad og Norge: S\u00f8ndagens finale mot Tyskland.\u00a0<\/p>\n<p>Der er de norske jentene soleklare favoritter, men landslagssjefen advarer mot \u00e5 tro at det blir en\u00a0\u00abwalk in the park\u00bb-opplevelse.\u00a0<\/p>\n<p data-lab-font_weight=\"\">\u2013 Det tror jeg er noe av det dummeste vi gj\u00f8r, \u00e5 forvente noe s\u00e5nt i noen kamp. Vi er veldig p\u00e5 bakken og veldig klare over at vi m\u00e5 gj\u00f8re en god jobb om vi skal sl\u00e5 Tyskland. De har v\u00e6rt veldig bra s\u00e5 langt i mesterskapet, sier Gjekstad til TV 2.\u00a0<\/p>\n<p>V\u00e5knet i natt<\/p>\n<p>I sitt f\u00f8rste mesterskap som landslagssjef har Gjekstad ledet et n\u00e6rmest feilfritt, norsk lag hele veien til finale i Rotterdam.\u00a0<\/p>\n<p>Av de \u00e5tte kampene frem mot finalen, har Norge vunnet sju av dem med ti m\u00e5l eller mer.\u00a0<\/p>\n<p>Likevel l\u00e5 landslagssjefen v\u00e5ken natten f\u00f8r det hele skal avgj\u00f8res.\u00a0<\/p>\n<p>        <img class=\"image__img lazyload\" itemprop=\"image\" title=\"Foto: Beate Oma Dahle \/ NTB\" alt=\"GRUBLER: Det er mange tanker som skal passere i hode til en landslagssjef f\u00f8r en VM-finale. Foto: Beate Oma Dahle \/ NTB\" width=\"675\" height=\"493\" bad-src=\"https:\/\/www.europesays.com\/no\/wp-content\/uploads\/2025\/12\/18383769.webp\" fetchpriority=\"auto\" \/><\/p>\n<p>      GRUBLER: Det er mange tanker som skal passere i hode til en landslagssjef f\u00f8r en VM-finale.<br \/>\n         Foto: Beate Oma Dahle \/ NTB<\/p>\n<p data-lab-font_weight=\"\">\u2013 Jeg er alltid oppe en gang eller to om natta og tenker litt. Jeg jobber litt ogs\u00e5 innimellom, men det er helt normalt, sier han.\u00a0<\/p>\n<p>\u2013 Hva tenkte du p\u00e5 da du v\u00e5knet i natt?\u00a0<\/p>\n<p>\u2013 Det er alltid noen ting man tenker p\u00e5, taktisk eller andre ting som dukker opp. Det kan v\u00e6re smart \u00e5 skrive det ned n\u00e5r man kommer p\u00e5 det, og s\u00e5 f\u00e5r man se over p\u00e5 morgenen om det er smart, svarer Gjekstad med et smil.\u00a0<\/p>\n<p>Etter nattens oppv\u00e5kninger er planen n\u00e5 stort sett klar.\u00a0<\/p>\n<p>\u2013 Det er litt det \u00e5 slippe ned skuldrene, nyte \u00f8yeblikket og spille som vanlig. S\u00e5 er det selvf\u00f8lgelig en del taktiske ting mot Tyskland, enkeltspillere vi skal passe p\u00e5 og litt av spillet. F\u00f8rst og fremst m\u00e5 vi t\u00f8rre \u00e5 spille som vi har gjort og ikke v\u00e6re for tynget av en finalestund, sier Gjekstad.\u00a0<\/p>\n<p>Selv om han har grublet gjennom natta, kjenner ikke 58-\u00e5ringen nevneverdig p\u00e5 nervene f\u00f8r kveldens finale.\u00a0<\/p>\n<p>\u2013 Jeg er litt spent, men ikke nerv\u00f8s, sier han.\u00a0<\/p>\n<p>Zumba og \u00abTore Tang\u00bb<\/p>\n<p>Kanskje forsvant de nervene som eventuelt fantes under de norske jentenes finale-prep s\u00f8ndag morgen.\u00a0<\/p>\n<p>Der var det Stine Skogrand som kj\u00f8rte showet.\u00a0<\/p>\n<p>        <img class=\"image__img lazyload\" itemprop=\"image\" title=\"Foto: Beate Oma Dahle \/ NTB\" alt=\"GOD STEMNING: Hum\u00f8ret og samholdet i det norske troppen har v\u00e6rt up\u00e5klagelig gjennom hele mesterskapet. Foto: Beate Oma Dahle \/ NTB\" width=\"675\" height=\"500\" bad-src=\"https:\/\/www.europesays.com\/no\/wp-content\/uploads\/2025\/12\/18383773.webp\" fetchpriority=\"auto\" \/><\/p>\n<p>      GOD STEMNING: Hum\u00f8ret og samholdet i det norske troppen har v\u00e6rt up\u00e5klagelig gjennom hele mesterskapet.<br \/>\n         Foto: Beate Oma Dahle \/ NTB<\/p>\n<p data-lab-font_weight=\"\">\u2013 N\u00e5 har vi v\u00e6rt p\u00e5 fysisk trening og hatt zumba med Stine Skogrand. Jeg var innom rytmen \u00e9n gang i l\u00f8pet av \u00f8kta, sier Gjekstad og ler.\u00a0<\/p>\n<p>Skogrands zumba-time p\u00e5 finaledagen er p\u00e5 mange m\u00e5ter et symbol p\u00e5 den harmoniske stemningen i den norske troppen.<\/p>\n<p>Gjekstad har f\u00e5tt mye skryt gjennom mesterskapet for sin\u00a0<a href=\"https:\/\/www.tv2.no\/sport\/dette-har-hun-aldri-kjent-for-veldig-deilig\/18373209\/\" target=\"_blank\" rel=\"nofollow noopener\">disponering av troppen.\u00a0<\/a><\/p>\n<p data-lab-font_weight=\"\">\u2013 Poenget i seg selv er egentlig ikke \u00e5 rullere, men \u00e5 gj\u00f8re det som er best for laget. Det kan bli noen bytter, men det kan ogs\u00e5 hende at vi st\u00e5r med noen spillere lengre enn det som har v\u00e6rt tilfellet s\u00e5 langt i turneringen, sier Gjekstad.\u00a0<\/p>\n<p>        <img class=\"image__img lazyload\" itemprop=\"image\" title=\"Foto: Beate Oma Dahle \/ NTB\" alt=\"\u00abHIGH FIVE\u00bb: S\u00f8ndag kveld kjemper Ole Gustav Gjekstad og et ubeseiret Norge om VM-gull i Rotterdam. Foto: Beate Oma Dahle \/ NTB\" width=\"675\" height=\"473\" bad-src=\"https:\/\/www.europesays.com\/no\/wp-content\/uploads\/2025\/12\/18383771.webp\" fetchpriority=\"auto\" \/><\/p>\n<p>      \u00abHIGH FIVE\u00bb: S\u00f8ndag kveld kjemper Ole Gustav Gjekstad og et ubeseiret Norge om VM-gull i Rotterdam.<br \/>\n         Foto: Beate Oma Dahle \/ NTB<\/p>\n<p>S\u00f8ndag kveld skal han pr\u00f8ve \u00e5 leve opp til forventningene, skapt av den enorme suksessen til hans forgjenger Thorir Hergeirsson.\u00a0<\/p>\n<p>Islendingen ga seg etter fjor\u00e5rets EM-gull \u2013 det ellevte mesterskapsgullet under hans ledelse.\u00a0<\/p>\n<p>        <img class=\"image__img lazyload\" itemprop=\"image\" title=\"Foto: Beate Oma Dahle \/ NTB\" alt=\"GULLGROSSIST: Thorir Hergeirsson ledet Norge til gull etter gull i mesterskap. N\u00e5 skal arvtakeren pr\u00f8ve \u00e5 gj\u00f8re det samme. Foto: Beate Oma Dahle \/ NTB\" width=\"675\" height=\"453\" bad-src=\"https:\/\/www.europesays.com\/no\/wp-content\/uploads\/2025\/12\/17524100.webp\" fetchpriority=\"auto\" \/><\/p>\n<p>      GULLGROSSIST: Thorir Hergeirsson ledet Norge til gull etter gull i mesterskap. N\u00e5 skal arvtakeren pr\u00f8ve \u00e5 gj\u00f8re det samme.<br \/>\n         Foto: Beate Oma Dahle \/ NTB<\/p>\n<p>Med det bakteppet er det kun gull som er godt nok. S\u00e5 vil tiden vise om Ole Gustav Gjekstad lykkes. B\u00e5de med \u00e5 ta Norge til VM-gull \u2013 og om han treffer tonene til \u00abTore Tang\u00bb p\u00e5 banketten.\u00a0<\/p>\n<p data-lab-font_weight=\"\">\u2013 Nei, man m\u00e5 ikke finne p\u00e5 det. Jeg har helt ubrukelig sangstemme, avslutter en lattermild landslagssjef.\u00a0<\/p>\n","protected":false},"excerpt":{"rendered":"S\u00e5 langt har de v\u00e6rt ustoppelige i VM.\u00a0 N\u00e5 gjenst\u00e5r bare ett hinder for Ole Gustav Gjekstad og&hellip;\n","protected":false},"author":2,"featured_media":113053,"comment_status":"","ping_status":"","sticky":false,"template":"","format":"standard","meta":{"footnotes":""},"categories":[5],"tags":[20,21,24,25,15,19,22,23,17,18,13,30,28,29,14,16,26,27],"class_list":{"0":"post-113052","1":"post","2":"type-post","3":"status-publish","4":"format-standard","5":"has-post-thumbnail","7":"category-overskrifter","8":"tag-breaking-news","9":"tag-breakingnews","10":"tag-featured-news","11":"tag-featurednews","12":"tag-headlines","13":"tag-hovedoppslag","14":"tag-latest-news","15":"tag-latestnews","16":"tag-main-news","17":"tag-mainnews","18":"tag-news","19":"tag-no","20":"tag-norge","21":"tag-norway","22":"tag-nyheter","23":"tag-overskrifter","24":"tag-top-stories","25":"tag-topstories"},"share_on_mastodon":{"url":"https:\/\/pubeurope.com\/@no\/115718726772758308","error":""},"_links":{"self":[{"href":"https:\/\/www.europesays.com\/no\/wp-json\/wp\/v2\/posts\/113052","targetHints":{"allow":["GET"]}}],"collection":[{"href":"https:\/\/www.europesays.com\/no\/wp-json\/wp\/v2\/posts"}],"about":[{"href":"https:\/\/www.europesays.com\/no\/wp-json\/wp\/v2\/types\/post"}],"author":[{"embeddable":true,"href":"https:\/\/www.europesays.com\/no\/wp-json\/wp\/v2\/users\/2"}],"replies":[{"embeddable":true,"href":"https:\/\/www.europesays.com\/no\/wp-json\/wp\/v2\/comments?post=113052"}],"version-history":[{"count":0,"href":"https:\/\/www.europesays.com\/no\/wp-json\/wp\/v2\/posts\/113052\/revisions"}],"wp:featuredmedia":[{"embeddable":true,"href":"https:\/\/www.europesays.com\/no\/wp-json\/wp\/v2\/media\/113053"}],"wp:attachment":[{"href":"https:\/\/www.europesays.com\/no\/wp-json\/wp\/v2\/media?parent=113052"}],"wp:term":[{"taxonomy":"category","embeddable":true,"href":"https:\/\/www.europesays.com\/no\/wp-json\/wp\/v2\/categories?post=113052"},{"taxonomy":"post_tag","embeddable":true,"href":"https:\/\/www.europesays.com\/no\/wp-json\/wp\/v2\/tags?post=113052"}],"curies":[{"name":"wp","href":"https:\/\/api.w.org\/{rel}","templated":true}]}}