{"id":113060,"date":"2025-12-14T16:00:14","date_gmt":"2025-12-14T16:00:14","guid":{"rendered":"https:\/\/www.europesays.com\/no\/113060\/"},"modified":"2025-12-14T16:00:14","modified_gmt":"2025-12-14T16:00:14","slug":"blant-de-storste-gjennom-tidene","status":"publish","type":"post","link":"https:\/\/www.europesays.com\/no\/113060\/","title":{"rendered":"\u2013 Blant de st\u00f8rste gjennom tidene"},"content":{"rendered":"\n<p class=\"_lead_o9xde_2 _lead_xtcu6_50 layout-component text-serif-m layout-normal text-serif-l layout-component layout-wide layout-padded _wide_17hqh_1 layout-padded\">Det kokte i Ahoy Arena. Nederland m\u00e5tte til slutt ta til takke med den sure 4.-plassen i duell mot Frankrike. De bl\u00e5 tok bronsen med 33-31 etter ekstraomganger.<\/p>\n<ul class=\"_gallery_1qa3s_23\" tabindex=\"0\">\n<li class=\"_item_1qa3s_37\" data-index=\"0\"><img fetchpriority=\"high\" decoding=\"async\" class=\"_image_foru8_23 _introGallery_foru8_43\" data-fullscreen- width=\"4295\" height=\"2861\" itemprop=\"image\" loading=\"eager\"  src=\"https:\/\/www.europesays.com\/no\/wp-content\/uploads\/2025\/12\/3b9a2552-31a5-43ea-94be-4b5e87924ea1\"  style=\"object-position:50% 50%;aspect-ratio:var(--gallery-aspect-ratio, 16 \/ 9)\"\/>Nederlands Estavana Polman under bronsefinalen i h\u00e5ndball-VM for kvinner mellom Frankrike og Nederland i Ahoy Arena.<br \/>\nFoto: Beate Oma Dahle \/ NTB<\/li>\n<li class=\"_item_1qa3s_37\" data-index=\"1\"><img decoding=\"async\" class=\"_image_foru8_23 _introGallery_foru8_43\" data-fullscreen- width=\"5616\" height=\"3744\" itemprop=\"image\" loading=\"lazy\"  src=\"https:\/\/www.europesays.com\/no\/wp-content\/uploads\/2025\/12\/0ad742ff-1cb8-4121-b2bd-52653c47ab75\"  style=\"object-position:50% 50%;aspect-ratio:var(--gallery-aspect-ratio, 16 \/ 9)\"\/>Nederlands Yara ten Holte f\u00e5r behandling etter \u00e5 ha f\u00e5tt en knallhard avslutning i ansiktet.<br \/>\nFoto: Beate Oma Dahle \/ NTB<\/li>\n<li class=\"_item_1qa3s_37\" data-index=\"2\"><img decoding=\"async\" class=\"_image_foru8_23 _introGallery_foru8_43\" data-fullscreen- width=\"7232\" height=\"4822\" itemprop=\"image\" loading=\"lazy\"  src=\"https:\/\/www.europesays.com\/no\/wp-content\/uploads\/2025\/12\/46a77ce3-d099-4f88-aad4-e2c4eee4e53c\"  style=\"object-position:50% 50%;aspect-ratio:var(--gallery-aspect-ratio, 16 \/ 9)\"\/>Frankrikes Nina Dury f\u00e5r en tominutter i bronsekampen mot Nederland.<br \/>\nFoto: Beate Oma Dahle \/ NTB<\/li>\n<\/ul>\n<p>Nederlands Estavana Polman under bronsefinalen i h\u00e5ndball-VM for kvinner mellom Frankrike og Nederland i Ahoy Arena.<br \/>\nFoto: Beate Oma Dahle \/ NTB<\/p>\n<ul aria-hidden=\"true\" class=\"_images_ntbth_112\">\n<li><a class=\"_link_ntbth_117\" href=\"https:\/\/www.vg.no\/forfatter\/ntb\" style=\"z-index:1\" title=\"NTB\" rel=\"nofollow noopener\" target=\"_blank\"><img alt=\"Bilde av NTB\" class=\"_image_ntbth_93\" fetchpriority=\"low\" loading=\"lazy\" decoding=\"async\" itemprop=\"image\"  src=\"https:\/\/www.europesays.com\/no\/wp-content\/uploads\/2025\/12\/1765728013_62_c33980b0-5d07-4027-84a1-813f90a7c8d6\"  width=\"480\"\/><\/a><\/li>\n<\/ul>\n<p> Oppdatert s\u00f8ndag 14. desember kl. 16:33     <\/p>\n<p class=\"_paragraph_o9xde_4 _paragraph_xtcu6_10 layout-component text-serif-m layout-normal text-serif-m layout-padded\">Bronsekampen mellom Nederland og Frankrike var tett og jevn hele veien. Frankrike var favoritter, men Nederland viste entusiasme p\u00e5 parketten og p\u00e5 tribunen.<\/p>\n<p class=\"_paragraph_o9xde_4 _paragraph_xtcu6_10 layout-component text-serif-m layout-normal text-serif-m layout-padded\">Igjen sto de nederlandske spillerne, flere av dem i t\u00e5rer, og m\u00e5tte se at Frankrike jublet vilt.<\/p>\n<p class=\"_paragraph_o9xde_4 _paragraph_xtcu6_10 layout-component text-serif-m layout-normal text-serif-m layout-padded\">Tre sekunder f\u00f8r slutt sendte Dione Housheer Nederland til himmels med sin utligning til 26-26. Det bet\u00f8d ekstraomganger, hvor Frankrike trakk det lengste str\u00e5et.<\/p>\n<p class=\"_paragraph_o9xde_4 _paragraph_xtcu6_10 layout-component text-serif-m layout-normal text-serif-m layout-padded\">Tidligere Vipers-spiller Lois Abbingh og Estavana Polman var i begivenhetenes sentrum i jakten p\u00e5 den siste mesterskapsmedaljen f\u00f8r de gir seg. I sluttsekundene av ordin\u00e6r tid ble Polmans ektemann, tidligere fotballstjerne Rafael van der Vaart, observert p\u00e5 tribunen. Han turte ikke \u00e5 se p\u00e5.<\/p>\n<p class=\"_paragraph_o9xde_4 _paragraph_xtcu6_10 layout-component text-serif-m layout-normal text-serif-m layout-padded\">Polman ble vraket p\u00e5 landslaget i fjor, men var tilbake med et smell. Hun ble k\u00e5ret til banens beste.<\/p>\n<p class=\"_paragraph_o9xde_4 _paragraph_xtcu6_10 layout-component text-serif-m layout-normal text-serif-m layout-padded\">\u2013 Blant de st\u00f8rste gjennom tidene for nederlandsk h\u00e5ndball. S\u00e5 gjenoppst\u00e5r hun her p\u00e5 hjemmebane, sa Viaplay-kommentator Daniel H\u00f8glund.<\/p>\n<p class=\"_paragraph_o9xde_4 _paragraph_xtcu6_10 layout-component text-serif-m layout-normal text-serif-m layout-padded\">Abbingh og Polman fikk blomster og st\u00e5ende applaus. Ogs\u00e5 de franske spillerne var med p\u00e5 hyllesten.<\/p>\n<p class=\"_paragraph_o9xde_4 _paragraph_xtcu6_10 layout-component text-serif-m layout-normal text-serif-m layout-padded\">Nederlands m\u00e5lvakt Yara ten Holte reddet seks av de \u00e5tte f\u00f8rste avslutningene fra Frankrike og skal ha en stor del av \u00e6ren for at det kun var fransk 12-11-ledelse ved pause.<\/p>\n<p class=\"_paragraph_o9xde_4 _paragraph_xtcu6_10 layout-component text-serif-m layout-normal text-serif-m layout-padded\">Etter hvilen fikk Ten Holte en avslutning rett i ansiktet og gikk i parketten. Publikum, som hadde holdt et skyh\u00f8yt niv\u00e5 hele kampen, stilnet. Odense-m\u00e5lvakten kom seg til slutt opp og smilte igjen.<\/p>\n<p class=\"_paragraph_o9xde_4 _paragraph_xtcu6_10 layout-component text-serif-m layout-normal text-serif-m layout-padded\">Nederland tapte hele 25-35 mot Norge i semifinalen. Flere spekulerte p\u00e5 at regjerende verdensmester Frankrike tapte med vilje i hovedrunden for \u00e5 unng\u00e5 Norge i semifinalen. Der r\u00f8k de uansett overraskende for Tyskland.<\/p>\n<p class=\"_paragraph_o9xde_4 _paragraph_xtcu6_10 layout-component text-serif-m layout-normal text-serif-m layout-padded\">Norges finale mot Tyskland spilles klokken 17.30.<\/p>\n","protected":false},"excerpt":{"rendered":"Det kokte i Ahoy Arena. Nederland m\u00e5tte til slutt ta til takke med den sure 4.-plassen i duell&hellip;\n","protected":false},"author":2,"featured_media":113061,"comment_status":"","ping_status":"","sticky":false,"template":"","format":"standard","meta":{"footnotes":""},"categories":[59],"tags":[30,28,29,83,82],"class_list":{"0":"post-113060","1":"post","2":"type-post","3":"status-publish","4":"format-standard","5":"has-post-thumbnail","7":"category-sport","8":"tag-no","9":"tag-norge","10":"tag-norway","11":"tag-sport","12":"tag-sports"},"share_on_mastodon":{"url":"https:\/\/pubeurope.com\/@no\/115718758483585050","error":""},"_links":{"self":[{"href":"https:\/\/www.europesays.com\/no\/wp-json\/wp\/v2\/posts\/113060","targetHints":{"allow":["GET"]}}],"collection":[{"href":"https:\/\/www.europesays.com\/no\/wp-json\/wp\/v2\/posts"}],"about":[{"href":"https:\/\/www.europesays.com\/no\/wp-json\/wp\/v2\/types\/post"}],"author":[{"embeddable":true,"href":"https:\/\/www.europesays.com\/no\/wp-json\/wp\/v2\/users\/2"}],"replies":[{"embeddable":true,"href":"https:\/\/www.europesays.com\/no\/wp-json\/wp\/v2\/comments?post=113060"}],"version-history":[{"count":0,"href":"https:\/\/www.europesays.com\/no\/wp-json\/wp\/v2\/posts\/113060\/revisions"}],"wp:featuredmedia":[{"embeddable":true,"href":"https:\/\/www.europesays.com\/no\/wp-json\/wp\/v2\/media\/113061"}],"wp:attachment":[{"href":"https:\/\/www.europesays.com\/no\/wp-json\/wp\/v2\/media?parent=113060"}],"wp:term":[{"taxonomy":"category","embeddable":true,"href":"https:\/\/www.europesays.com\/no\/wp-json\/wp\/v2\/categories?post=113060"},{"taxonomy":"post_tag","embeddable":true,"href":"https:\/\/www.europesays.com\/no\/wp-json\/wp\/v2\/tags?post=113060"}],"curies":[{"name":"wp","href":"https:\/\/api.w.org\/{rel}","templated":true}]}}