{"id":113064,"date":"2025-12-14T16:05:08","date_gmt":"2025-12-14T16:05:08","guid":{"rendered":"https:\/\/www.europesays.com\/no\/113064\/"},"modified":"2025-12-14T16:05:08","modified_gmt":"2025-12-14T16:05:08","slug":"e16-trafikk-steinsprang-stengjer-e16","status":"publish","type":"post","link":"https:\/\/www.europesays.com\/no\/113064\/","title":{"rendered":"E16, Trafikk | Steinsprang stengjer E16"},"content":{"rendered":"\n<p><b>SISTE: Oppryddingsarbeidet er i gang. Vegen blir opna for styrt trafikkavvkling i eitt felt fr\u00e5 klokka 16.00, melder Vegtrafikksentralen klokka 13.38. Men det vil<\/b><b> bli ein del ventetid. <\/b><\/p>\n<p>Det har g\u00e5tt eit steinsprang mellom Sivletunnelen og Stalheimtunnelen p\u00e5 E16 mellom Voss og Aurland, melder Statens vegvesen s\u00f8ndag morgon.<\/p>\n<p>Skredet gjekk i 10-tida og vegen er stengd som f\u00f8lgje av dette.<\/p>\n<p>\u2013 Det har kome ned nokre steinar som er om lag tre gonger s\u00e5 store som ein fotball, fortel trafikkoperat\u00f8r Andreas Herland p\u00e5 Vegtrafikksentralen.<\/p>\n<p>\u2013 Det var trafikantar som k\u00f8yrde der og s\u00e5g det som melde fr\u00e5 til oss.<\/p>\n<p>Ingen skal ha blitt trefte av steinane.<\/p>\n<p>Det er uvisst kva tid vegen kan opna att.<\/p>\n<p>\u2013 Entrepren\u00f8r er sendt til staden og me ventar p\u00e5 tilbakemelding fr\u00e5 dei.<\/p>\n<p><b>I ei oppdatering klokka 11.18 melder Vegtrafikksentralen vest at geolog er p\u00e5 veg til staden og at det blir ny vurdering klokka 14.00.<\/b><\/p>\n<p>Omk\u00f8yringsveg er via rv 13 Vikafjellet. Trafikantar som skal k\u00f8yra mellom Austlandet og Vestlandet b\u00f8r vurdera rv7 Hardangervidda eller E134.<\/p>\n<p><a href=\"https:\/\/www.sognavis.no\/e16-stalheimstunnelen-stengd-etter-steinras\/s\/5-115-1383561\" rel=\"Follow nofollow noopener\" target=\"_blank\">Tidlegare denne veka gjekk det eit steinsprang i same omr\u00e5de.<\/a><\/p>\n<p>Sogn Avis oppdaterer saka<\/p>\n","protected":false},"excerpt":{"rendered":"SISTE: Oppryddingsarbeidet er i gang. Vegen blir opna for styrt trafikkavvkling i eitt felt fr\u00e5 klokka 16.00, melder&hellip;\n","protected":false},"author":2,"featured_media":4378,"comment_status":"","ping_status":"","sticky":false,"template":"","format":"standard","meta":{"footnotes":""},"categories":[10],"tags":[36,928,20,21,295,24,25,15,22,23,13,30,28,29,14,16,5445,1510,26,27,224,1847],"class_list":{"0":"post-113064","1":"post","2":"type-post","3":"status-publish","4":"format-standard","5":"has-post-thumbnail","7":"category-norge","8":"tag-art","9":"tag-aurland","10":"tag-breaking-news","11":"tag-breakingnews","12":"tag-e16","13":"tag-featured-news","14":"tag-featurednews","15":"tag-headlines","16":"tag-latest-news","17":"tag-latestnews","18":"tag-news","19":"tag-no","20":"tag-norge","21":"tag-norway","22":"tag-nyheter","23":"tag-overskrifter","24":"tag-steinsprang","25":"tag-story","26":"tag-top-stories","27":"tag-topstories","28":"tag-trafikk","29":"tag-voss"},"share_on_mastodon":{"url":"https:\/\/pubeurope.com\/@no\/115718778086173476","error":""},"_links":{"self":[{"href":"https:\/\/www.europesays.com\/no\/wp-json\/wp\/v2\/posts\/113064","targetHints":{"allow":["GET"]}}],"collection":[{"href":"https:\/\/www.europesays.com\/no\/wp-json\/wp\/v2\/posts"}],"about":[{"href":"https:\/\/www.europesays.com\/no\/wp-json\/wp\/v2\/types\/post"}],"author":[{"embeddable":true,"href":"https:\/\/www.europesays.com\/no\/wp-json\/wp\/v2\/users\/2"}],"replies":[{"embeddable":true,"href":"https:\/\/www.europesays.com\/no\/wp-json\/wp\/v2\/comments?post=113064"}],"version-history":[{"count":0,"href":"https:\/\/www.europesays.com\/no\/wp-json\/wp\/v2\/posts\/113064\/revisions"}],"wp:featuredmedia":[{"embeddable":true,"href":"https:\/\/www.europesays.com\/no\/wp-json\/wp\/v2\/media\/4378"}],"wp:attachment":[{"href":"https:\/\/www.europesays.com\/no\/wp-json\/wp\/v2\/media?parent=113064"}],"wp:term":[{"taxonomy":"category","embeddable":true,"href":"https:\/\/www.europesays.com\/no\/wp-json\/wp\/v2\/categories?post=113064"},{"taxonomy":"post_tag","embeddable":true,"href":"https:\/\/www.europesays.com\/no\/wp-json\/wp\/v2\/tags?post=113064"}],"curies":[{"name":"wp","href":"https:\/\/api.w.org\/{rel}","templated":true}]}}