{"id":113065,"date":"2025-12-14T16:06:11","date_gmt":"2025-12-14T16:06:11","guid":{"rendered":"https:\/\/www.europesays.com\/no\/113065\/"},"modified":"2025-12-14T16:06:11","modified_gmt":"2025-12-14T16:06:11","slug":"det-finnes-bare-en-katrine","status":"publish","type":"post","link":"https:\/\/www.europesays.com\/no\/113065\/","title":{"rendered":"\u2013 Det finnes bare \u00e9n Katrine"},"content":{"rendered":"\n<p class=\"_lead_o9xde_2 _lead_xtcu6_50 layout-component text-serif-m layout-normal text-serif-l layout-component layout-wide layout-padded _wide_17hqh_1 layout-padded\">Hun har til sammen reddet 1749 skudd for Norge i VM, EM og OL. S\u00f8ndag vil Katrine Lunde (46) avslutte med et nytt VM-gull.<\/p>\n<ul class=\"_gallery_1qa3s_23\" tabindex=\"0\">\n<li class=\"_item_1qa3s_37\" data-index=\"0\"><img fetchpriority=\"high\" decoding=\"async\" class=\"_image_foru8_23 _introGallery_foru8_43\" data-fullscreen- width=\"7375\" height=\"5504\" itemprop=\"image\" loading=\"eager\"  src=\"https:\/\/www.europesays.com\/no\/wp-content\/uploads\/2025\/12\/a0495509-bd4d-4fb9-a6f4-0caac7573862\"  style=\"object-position:50% 50%;aspect-ratio:var(--gallery-aspect-ratio, 16 \/ 9)\"\/>Foto: Bj\u00f8rn S. Delebekk \/ VG<\/li>\n<li class=\"_item_1qa3s_37\" data-index=\"1\"><img decoding=\"async\" class=\"_image_foru8_23 _introGallery_foru8_43\" data-fullscreen- width=\"5949\" height=\"4249\" itemprop=\"image\" loading=\"lazy\"  src=\"https:\/\/www.europesays.com\/no\/wp-content\/uploads\/2025\/12\/d8cdc808-d1b1-4dfc-898d-04dfe8d91e1c\"  style=\"object-position:50% 50%;aspect-ratio:var(--gallery-aspect-ratio, 16 \/ 9)\"\/>Foto: Bj\u00f8rn S. Delebekk \/ VG<\/li>\n<li class=\"_item_1qa3s_37\" data-index=\"2\"><img decoding=\"async\" class=\"_image_foru8_23 _introGallery_foru8_43\" data-fullscreen- width=\"7061\" height=\"5086\" itemprop=\"image\" loading=\"lazy\"  src=\"https:\/\/www.europesays.com\/no\/wp-content\/uploads\/2025\/12\/22422d46-c312-458e-ab75-2f1e66896a22\"  style=\"object-position:50% 50%;aspect-ratio:var(--gallery-aspect-ratio, 16 \/ 9)\"\/>Foto: Bj\u00f8rn S. Delebekk \/ VG<\/li>\n<\/ul>\n<p>Foto: Bj\u00f8rn S. Delebekk \/ VG<\/p>\n<p>Rapporterer fra Rotterdam Oppdatert s\u00f8ndag 14. desember kl. 16:12    <\/p>\n<ul class=\"_list_o9xde_3 _list_64s2r_85 _unordered_o9xde_106 text-sans-m\">\n<li class=\"_item_o9xde_30\">Katrine Lunde (46) avslutter landslagskarrieren i mesterskap med en VM-finale mot Tyskland s\u00f8ndag.<\/li>\n<li class=\"_item_o9xde_30\">Hun har reddet 1749 skudd p\u00e5 4220 fors\u00f8k i VM, EM og OL siden 2003, med en redningsprosent p\u00e5 41,4.<\/li>\n<li class=\"_item_o9xde_30\">Keepertrener Mats Olsson kaller henne unik og en legende i h\u00e5ndballverdenen.<\/li>\n<\/ul>\n<p>Vis mer <\/p>\n<p class=\"_paragraph_o9xde_4 _paragraph_xtcu6_10 layout-component text-serif-m layout-normal text-serif-m layout-padded\">\u2013 Det finnes bare \u00e9n Katrine. I Norge skal vi v\u00e6re stolte og glade for \u00e5 ha f\u00e5tt lov til \u00e5 ha henne. Hun har skrevet en idrettshistorie som bare er blitt st\u00f8rre og st\u00f8rre, beskriver Nora M\u00f8rk (34) som har spilt lengst med Lunde p\u00e5 landslaget.<\/p>\n<p class=\"_paragraph_o9xde_4 _paragraph_xtcu6_10 layout-component text-serif-m layout-normal text-serif-m layout-padded\">M\u00f8rk l\u00f8fter legenden sammen med Veronica Kristiansen (35), Stine Skogrand (32), Maren Aardahl (30) og Henny Reistad (26). VM-finalen mot Tyskland blir hennes farvel med mesterskap.<\/p>\n<p class=\"_paragraph_o9xde_4 _paragraph_xtcu6_10 layout-component text-serif-m layout-normal text-serif-m layout-padded\">\u2013 Vi skal v\u00e6re ekstremt takknemlige. Dette er ikke noe som har kommet bare fordi Katrine har et kjempetalent. Hun har lagt ned et veldig stort arbeid, beskriver M\u00f8rk til VG.<\/p>\n<ul class=\"_list_o9xde_3 _list_xtcu6_9 _unordered_o9xde_106 layout-component text-serif-m layout-normal text-serif-m layout-padded\">\n<li class=\"_item_o9xde_30\">VM-finalen spilles s\u00f8ndag kl. 17.30 og sendes p\u00e5 TV3 \/Viaplay.<\/li>\n<\/ul>\n<p><img alt=\"Lunde byttes ut med Cecilie Leganger i mesterskapsdebuten i 2003.  Foto: Terje Bringedal \/ VG\" class=\"_image_qp4xg_65 layout-component layout-normal\" data-fullscreen- data-track-element-type=\"Article image fullscreen\" data-track-name=\"ImageFullscreen\" decoding=\"async\" loading=\"lazy\" height=\"1238\" itemprop=\"image\"  src=\"https:\/\/www.europesays.com\/no\/wp-content\/uploads\/2025\/12\/e104963e-224f-46bb-bfe5-e3893f38b42a\"  style=\"object-position:0% 0%\" width=\"1272\"\/>Lunde byttes ut med Cecilie Leganger i mesterskapsdebuten i 2003.  Foto: Terje Bringedal \/ VG<\/p>\n<p class=\"_paragraph_o9xde_4 _paragraph_xtcu6_10 layout-component text-serif-m layout-normal text-serif-m layout-padded\"><strong class=\"_strong_o9xde_25\">VG sitter p\u00e5 hennes totale statistikk p\u00e5 redninger i mesterskap siden Lunde VM-debuterte med tap for Ukraina 2. desember 2003.<\/strong><\/p>\n<ul class=\"_list_o9xde_3 _list_xtcu6_9 _unordered_o9xde_106 layout-component text-serif-m layout-normal text-serif-m layout-padded\">\n<li class=\"_item_o9xde_30\"><strong class=\"_strong_o9xde_25\">1749 redninger p\u00e5 4220 skudd<\/strong> som har truffet innenfor de norske m\u00e5lstengene.<\/li>\n<li class=\"_item_o9xde_30\"><strong class=\"_strong_o9xde_25\">Redningsprosenten er 41,4 <\/strong>gjennom 22 \u00e5r og de 231 kampene hun har kommet p\u00e5 banen i l\u00f8pet av 24 mesterskap (Lunde var i EM-troppen 2002 uten \u00e5 f\u00e5 spilletid).<\/li>\n<\/ul>\n<p class=\"_paragraph_o9xde_4 _paragraph_xtcu6_10 layout-component text-serif-m layout-normal text-serif-m layout-padded\">\u2013 Du har i snitt reddet fire av 10 skudd gjennom alle disse \u00e5rene?<\/p>\n<p class=\"_paragraph_o9xde_4 _paragraph_xtcu6_10 layout-component text-serif-m layout-normal text-serif-m layout-padded\">\u2013 Det h\u00f8res kanskje ikke s\u00e5 bra ut. Men det er jo det. Man vil jo gjerne redde alle, ler hun.<\/p>\n<p class=\"_paragraph_o9xde_4 _paragraph_xtcu6_10 layout-component text-serif-m layout-normal text-serif-m layout-padded\">Se siste nytt f\u00f8r VM-finalen:<\/p>\n<p class=\"_paragraph_o9xde_4 _paragraph_xtcu6_10 layout-component text-serif-m layout-normal text-serif-m layout-padded\">\u2013 Stabiliteten har v\u00e6rt fantastisk?<\/p>\n<p class=\"_paragraph_o9xde_4 _paragraph_xtcu6_10 layout-component text-serif-m layout-normal text-serif-m layout-padded\">\u2013 Ja, den har jo v\u00e6rt det.<\/p>\n<p class=\"_paragraph_o9xde_4 _paragraph_xtcu6_10 layout-component text-serif-m layout-normal text-serif-m layout-padded\"><strong class=\"_strong_o9xde_25\">Hun klarer ikke \u00e5 peke ut \u00e9n spesiell av sine 1749 redninger.<\/strong><\/p>\n<p class=\"_paragraph_o9xde_4 _paragraph_xtcu6_10 layout-component text-serif-m layout-normal text-serif-m layout-padded\">\u2013 Men jeg er glad i de jeg f\u00f8ler jeg har helt kontroll p\u00e5. Noen av kantskuddene sitter bra, forklarer hun og elsker mestringsf\u00f8lelsen hun snart skal forlate p\u00e5 landslagsniv\u00e5. <\/p>\n<p><img alt=\"Foto: Bj\u00f8rn S. Delebekk \/ VG\" class=\"_image_qp4xg_65 layout-component layout-normal\" data-fullscreen- data-track-element-type=\"Article image fullscreen\" data-track-name=\"ImageFullscreen\" decoding=\"async\" loading=\"lazy\" height=\"4061\" itemprop=\"image\"  src=\"https:\/\/www.europesays.com\/no\/wp-content\/uploads\/2025\/12\/a943cd0f-0d44-468c-8b4a-0122d44f1f94\"  style=\"object-position:0% 0%\" width=\"5792\"\/>Foto: Bj\u00f8rn S. Delebekk \/ VG<\/p>\n<p class=\"_paragraph_o9xde_4 _paragraph_xtcu6_10 layout-component text-serif-m layout-normal text-serif-m layout-padded\"><strong class=\"_strong_o9xde_25\">Keepertrener Mats Olsson \u2013 selv med VM-gull som aktiv \u2013 har jobbet tett med Katrine Lunde i 20 \u00e5r.<\/strong><\/p>\n<p class=\"_paragraph_o9xde_4 _paragraph_xtcu6_10 layout-component text-serif-m layout-normal text-serif-m layout-padded\">\u2013 Det finnes ikke noen m\u00e5lvakt som har gjort noe s\u00e5nt over s\u00e5 lang tid. Helt umulig. Hun er unik, sier Olsson til VG.<\/p>\n<p class=\"_paragraph_o9xde_4 _paragraph_xtcu6_10 layout-component text-serif-m layout-normal text-serif-m layout-padded\">Den lugne svensken fortsetter.<\/p>\n<p class=\"_paragraph_o9xde_4 _paragraph_xtcu6_10 layout-component text-serif-m layout-normal text-serif-m layout-padded\">\u2013 En redningsprosent p\u00e5 41,4 over 22 \u00e5r? Fantastisk. 40 prosent er jo noe bare \u00abtop of the tops\u00bb kan gj\u00f8re i enkelte kamper. Men \u00e5 gj\u00f8re det over s\u00e5 lang tid? Det finnes m\u00e5lvakter p\u00e5 ulike niv\u00e5er, og s\u00e5 finnes det en \u00abKatrine Lunde-klasse\u00bb.<\/p>\n<p class=\"_paragraph_o9xde_4 _paragraph_xtcu6_10 layout-component text-serif-m layout-normal text-serif-m layout-padded\">\u2013 Er det vemodig for deg \u00e5 avslutte samarbeidet med henne?<\/p>\n<p class=\"_paragraph_o9xde_4 _paragraph_xtcu6_10 layout-component text-serif-m layout-normal text-serif-m layout-padded\">\u2013 Det blir ingen kake p\u00e5 sengen f\u00f8r VM-finalen. Vi jobber p\u00e5 som vanlig. S\u00e5 f\u00e5r f\u00f8lelsene komme etterp\u00e5, lover Olsson.<\/p>\n<p class=\"_paragraph_o9xde_4 _paragraph_xtcu6_10 layout-component text-serif-m layout-normal text-serif-m layout-padded\">Henny Reistad er ogs\u00e5 veldig opptatt av at vemodet, f\u00f8lelsene, hyllesten og t\u00e5rene ikke skal komme f\u00f8r Norge har innfridd favorittstempelet i Rotterdam.<\/p>\n<p class=\"_paragraph_o9xde_4 _paragraph_xtcu6_10 layout-component text-serif-m layout-normal text-serif-m layout-padded\">\u2013 Jeg pr\u00f8ver ikke \u00e5 ha fokus p\u00e5 det. Vi tar kampen f\u00f8rst. Det kommer til \u00e5 v\u00e6re veldig mange f\u00f8lelser rundt det. Ingen tvil, sier landslagskapteinen.<\/p>\n<p>Her er tallene<\/p>\n<p class=\"_paragraph_o9xde_4 _paragraph_xtcu6_10 _paragraph_16v91_10 layout-component text-serif-m layout-normal text-sans-m layout-padded\">VGs statistikk over Katrine Lundes kamper i VM, OL og EM. Basert p\u00e5 offisiell statistikk og egen f\u00f8ring av redninger\/skudd i alle hennes 25 mesterskap. <\/p>\n<p class=\"_paragraph_o9xde_4 _paragraph_xtcu6_10 _paragraph_16v91_10 layout-component text-serif-m layout-normal text-sans-m layout-padded\">Prosent = redningsprosent.<\/p>\n<p class=\"_paragraph_o9xde_4 _paragraph_xtcu6_10 _paragraph_16v91_10 layout-component text-serif-m layout-normal text-sans-m layout-padded\">VM 2025: 72\/144 \u2013 50 prosent<\/p>\n<p class=\"_paragraph_o9xde_4 _paragraph_xtcu6_10 _paragraph_16v91_10 layout-component text-serif-m layout-normal text-sans-m layout-padded\">EM 2024: 36\/102 \u2013 35 prosent<\/p>\n<p class=\"_paragraph_o9xde_4 _paragraph_xtcu6_10 _paragraph_16v91_10 layout-component text-serif-m layout-normal text-sans-m layout-padded\">OL 2024: 79\/188 \u2013 42 prosent<\/p>\n<p class=\"_paragraph_o9xde_4 _paragraph_xtcu6_10 _paragraph_16v91_10 layout-component text-serif-m layout-normal text-sans-m layout-padded\">VM 2023: 46\/134 \u2013 34 prosent<\/p>\n<p class=\"_paragraph_o9xde_4 _paragraph_xtcu6_10 _paragraph_16v91_10 layout-component text-serif-m layout-normal text-sans-m layout-padded\">EM 2022: 46\/136 \u2013 34 prosent<\/p>\n<p class=\"_paragraph_o9xde_4 _paragraph_xtcu6_10 _paragraph_16v91_10 layout-component text-serif-m layout-normal text-sans-m layout-padded\">VM 2021: 51\/135 \u2013 38 prosent<\/p>\n<p class=\"_paragraph_o9xde_4 _paragraph_xtcu6_10 _paragraph_16v91_10 layout-component text-serif-m layout-normal text-sans-m layout-padded\">OL 2021: 44\/119 \u2013 37 prosent<\/p>\n<p class=\"_paragraph_o9xde_4 _paragraph_xtcu6_10 _paragraph_16v91_10 layout-component text-serif-m layout-normal text-sans-m layout-padded\">EM 2020: 47\/121 \u2013 39 prosent<\/p>\n<p class=\"_paragraph_o9xde_4 _paragraph_xtcu6_10 _paragraph_16v91_10 layout-component text-serif-m layout-normal text-sans-m layout-padded\">EM 2018: 71\/178 \u2013 40 prosent<\/p>\n<p class=\"_paragraph_o9xde_4 _paragraph_xtcu6_10 _paragraph_16v91_10 layout-component text-serif-m layout-normal text-sans-m layout-padded\">VM 2017: 101\/226 \u2013 45 prosent<\/p>\n<p class=\"_paragraph_o9xde_4 _paragraph_xtcu6_10 _paragraph_16v91_10 layout-component text-serif-m layout-normal text-sans-m layout-padded\">OL 2016: 24\/90 \u2013 27 prosent<\/p>\n<p class=\"_paragraph_o9xde_4 _paragraph_xtcu6_10 _paragraph_16v91_10 layout-component text-serif-m layout-normal text-sans-m layout-padded\">VM 2013: 67\/152 \u2013 44 prosent<\/p>\n<p class=\"_paragraph_o9xde_4 _paragraph_xtcu6_10 _paragraph_16v91_10 layout-component text-serif-m layout-normal text-sans-m layout-padded\">EM 2012: 101\/248 \u2013 41 prosent<\/p>\n<p class=\"_paragraph_o9xde_4 _paragraph_xtcu6_10 _paragraph_16v91_10 layout-component text-serif-m layout-normal text-sans-m layout-padded\">OL 2012: 48\/140 \u2013 34 prosent<\/p>\n<p class=\"_paragraph_o9xde_4 _paragraph_xtcu6_10 _paragraph_16v91_10 layout-component text-serif-m layout-normal text-sans-m layout-padded\">VM 2011: 128\/299 \u2013 43 prosent<\/p>\n<p class=\"_paragraph_o9xde_4 _paragraph_xtcu6_10 _paragraph_16v91_10 layout-component text-serif-m layout-normal text-sans-m layout-padded\">EM 2010: 102\/210 \u2013 49 prosent<\/p>\n<p class=\"_paragraph_o9xde_4 _paragraph_xtcu6_10 _paragraph_16v91_10 layout-component text-serif-m layout-normal text-sans-m layout-padded\">VM 2009: 108\/263 \u2013 41 prosent<\/p>\n<p class=\"_paragraph_o9xde_4 _paragraph_xtcu6_10 _paragraph_16v91_10 layout-component text-serif-m layout-normal text-sans-m layout-padded\">EM 2008: 84\/180 \u2013 47 prosent<\/p>\n<p class=\"_paragraph_o9xde_4 _paragraph_xtcu6_10 _paragraph_16v91_10 layout-component text-serif-m layout-normal text-sans-m layout-padded\">OL 2008: 123\/290 \u2013 42 prosent<\/p>\n<p class=\"_paragraph_o9xde_4 _paragraph_xtcu6_10 _paragraph_16v91_10 layout-component text-serif-m layout-normal text-sans-m layout-padded\">VM 2007: 114\/272 \u2013 42 prosent<\/p>\n<p class=\"_paragraph_o9xde_4 _paragraph_xtcu6_10 _paragraph_16v91_10 layout-component text-serif-m layout-normal text-sans-m layout-padded\">EM 2006: 101\/227 \u2013 44 prosent<\/p>\n<p class=\"_paragraph_o9xde_4 _paragraph_xtcu6_10 _paragraph_16v91_10 layout-component text-serif-m layout-normal text-sans-m layout-padded\">VM 2005: 78\/180 \u2013 43 prosent<\/p>\n<p class=\"_paragraph_o9xde_4 _paragraph_xtcu6_10 _paragraph_16v91_10 layout-component text-serif-m layout-normal text-sans-m layout-padded\">EM 2004: 64\/153 \u2013 42 prosent<\/p>\n<p class=\"_paragraph_o9xde_4 _paragraph_xtcu6_10 _paragraph_16v91_10 layout-component text-serif-m layout-normal text-sans-m layout-padded\">VM 2003: 14\/33 \u2013 42 prosent<\/p>\n<p>Vis mer<\/p>\n<p class=\"_paragraph_o9xde_4 _paragraph_xtcu6_10 layout-component text-serif-m layout-normal text-serif-m layout-padded\"><strong class=\"_strong_o9xde_25\">Hvis Katrine Lunde avslutter p\u00e5 sitt mest fantastiske kan hun slette sin personlige rekord.<\/strong><\/p>\n<ul class=\"_list_o9xde_3 _list_xtcu6_9 _unordered_o9xde_106 layout-component text-serif-m layout-normal text-serif-m layout-padded\">\n<li class=\"_item_o9xde_30\">Hun reddet 49 prosent av ballene da Norge vant EM-gull i 2010.<\/li>\n<li class=\"_item_o9xde_30\">I \u00e5rets VM st\u00e5r Lunde notert med redningsprosent p\u00e5 50 (72 redninger\/144 skudd).<\/li>\n<\/ul>\n<p class=\"_paragraph_o9xde_4 _paragraph_xtcu6_10 layout-component text-serif-m layout-normal text-serif-m layout-padded\">\u2013 Du kan sl\u00e5 rekorden din?<\/p>\n<p class=\"_paragraph_o9xde_4 _paragraph_xtcu6_10 layout-component text-serif-m layout-normal text-serif-m layout-padded\">\u2013 Ja, det er jo bra. Normalt i mesterskap s\u00e5 er 38 prosent veldig bra, smiler Lunde.<\/p>\n<p><img alt=\"Katrine Lunde p\u00e5 sitt med fantastiske i EM 2010.  Foto: Bj\u00f8rn S. Delebekk \/ VG\" class=\"_image_qp4xg_65 layout-component layout-normal\" data-fullscreen- data-track-element-type=\"Article image fullscreen\" data-track-name=\"ImageFullscreen\" decoding=\"async\" loading=\"lazy\" height=\"1689\" itemprop=\"image\"  src=\"https:\/\/www.europesays.com\/no\/wp-content\/uploads\/2025\/12\/c6b4d2b1-a1db-4dfb-abb3-319ba8cf18b0\"  style=\"object-position:0% 0%\" width=\"2559\"\/>Katrine Lunde p\u00e5 sitt med fantastiske i EM 2010.  Foto: Bj\u00f8rn S. Delebekk \/ VG<\/p>\n<p class=\"_paragraph_o9xde_4 _paragraph_xtcu6_10 layout-component text-serif-m layout-normal text-serif-m layout-padded\">\u2013 Hun sl\u00e5r rekorden om vi ikke bruker henne i finalen, fleiper Ole Gustav Gjekstad. Den l\u00f8sningen er uaktuell.<\/p>\n<p class=\"_paragraph_o9xde_4 _paragraph_xtcu6_10 layout-component text-serif-m layout-normal text-serif-m layout-padded\">Katrine Lunde st\u00e5r selvsagt fra start i VM-finalen.<\/p>\n<p class=\"_paragraph_o9xde_4 _paragraph_xtcu6_10 layout-component text-serif-m layout-normal text-serif-m layout-padded\"><strong class=\"_strong_o9xde_25\">Keeperlegenden kan vinne sitt tredje VM-gull, gull nummer 13 og medalje nummer 21 for Norge.<\/strong><\/p>\n<p class=\"_paragraph_o9xde_4 _paragraph_xtcu6_10 layout-component text-serif-m layout-normal text-serif-m layout-padded\">Det skjer p\u00e5 historisk grunn for h\u00e5ndballjentene.<\/p>\n<p class=\"_paragraph_o9xde_4 _paragraph_xtcu6_10 layout-component text-serif-m layout-normal text-serif-m layout-padded\">Katrine Lunde var seks \u00e5r og fulgte etter eget utsagn ikke med p\u00e5 h\u00e5ndball da Norge slo gjennom med den f\u00f8rste medaljen, VM-bronse, her i Rotterdam.<\/p>\n<p class=\"_paragraph_o9xde_4 _paragraph_xtcu6_10 layout-component text-serif-m layout-normal text-serif-m layout-padded\"><strong class=\"_strong_o9xde_25\">Det skjedde 14. desember 1986 \u2013 p\u00e5 dagen 39 \u00e5r f\u00f8r dagens VM-finale.<\/strong><\/p>\n<ul class=\"_list_o9xde_3 _list_xtcu6_9 _unordered_o9xde_106 layout-component text-serif-m layout-normal text-serif-m layout-padded\">\n<li class=\"_item_o9xde_30\">Bronsefinalen mot DDR i 1986 ble spilt i en annen arena i det store hallkomplekset Ahoy. To av tre i VGs VM-team var p\u00e5 jobb ogs\u00e5 den gang. Den tredje var ikke f\u00f8dt.<\/li>\n<\/ul>\n","protected":false},"excerpt":{"rendered":"Hun har til sammen reddet 1749 skudd for Norge i VM, EM og OL. S\u00f8ndag vil Katrine Lunde&hellip;\n","protected":false},"author":2,"featured_media":113066,"comment_status":"","ping_status":"","sticky":false,"template":"","format":"standard","meta":{"footnotes":""},"categories":[5],"tags":[20,21,24,25,105,9443,15,8985,19,1526,1528,22,23,17,18,13,30,1529,28,29,14,1527,16,26,27],"class_list":{"0":"post-113065","1":"post","2":"type-post","3":"status-publish","4":"format-standard","5":"has-post-thumbnail","7":"category-overskrifter","8":"tag-breaking-news","9":"tag-breakingnews","10":"tag-featured-news","11":"tag-featurednews","12":"tag-handball","13":"tag-handball-vm","14":"tag-headlines","15":"tag-henny-reistad","16":"tag-hovedoppslag","17":"tag-katrine-lunde","18":"tag-kvinnelandslaget-handball","19":"tag-latest-news","20":"tag-latestnews","21":"tag-main-news","22":"tag-mainnews","23":"tag-news","24":"tag-no","25":"tag-nora-mork","26":"tag-norge","27":"tag-norway","28":"tag-nyheter","29":"tag-ole-gustav-gjekstad","30":"tag-overskrifter","31":"tag-top-stories","32":"tag-topstories"},"share_on_mastodon":{"url":"https:\/\/pubeurope.com\/@no\/115718782131329059","error":""},"_links":{"self":[{"href":"https:\/\/www.europesays.com\/no\/wp-json\/wp\/v2\/posts\/113065","targetHints":{"allow":["GET"]}}],"collection":[{"href":"https:\/\/www.europesays.com\/no\/wp-json\/wp\/v2\/posts"}],"about":[{"href":"https:\/\/www.europesays.com\/no\/wp-json\/wp\/v2\/types\/post"}],"author":[{"embeddable":true,"href":"https:\/\/www.europesays.com\/no\/wp-json\/wp\/v2\/users\/2"}],"replies":[{"embeddable":true,"href":"https:\/\/www.europesays.com\/no\/wp-json\/wp\/v2\/comments?post=113065"}],"version-history":[{"count":0,"href":"https:\/\/www.europesays.com\/no\/wp-json\/wp\/v2\/posts\/113065\/revisions"}],"wp:featuredmedia":[{"embeddable":true,"href":"https:\/\/www.europesays.com\/no\/wp-json\/wp\/v2\/media\/113066"}],"wp:attachment":[{"href":"https:\/\/www.europesays.com\/no\/wp-json\/wp\/v2\/media?parent=113065"}],"wp:term":[{"taxonomy":"category","embeddable":true,"href":"https:\/\/www.europesays.com\/no\/wp-json\/wp\/v2\/categories?post=113065"},{"taxonomy":"post_tag","embeddable":true,"href":"https:\/\/www.europesays.com\/no\/wp-json\/wp\/v2\/tags?post=113065"}],"curies":[{"name":"wp","href":"https:\/\/api.w.org\/{rel}","templated":true}]}}