{"id":113070,"date":"2025-12-14T16:13:47","date_gmt":"2025-12-14T16:13:47","guid":{"rendered":"https:\/\/www.europesays.com\/no\/113070\/"},"modified":"2025-12-14T16:13:47","modified_gmt":"2025-12-14T16:13:47","slug":"hvordan-norsk-klimapolitikk-odelegger-naturen-i-livets-navn","status":"publish","type":"post","link":"https:\/\/www.europesays.com\/no\/113070\/","title":{"rendered":"Hvordan norsk klimapolitikk \u00f8delegger naturen i livets navn"},"content":{"rendered":"<p>            <img loading=\"lazy\" decoding=\"async\" width=\"696\" height=\"402\" class=\"entry-thumb\" src=\"https:\/\/www.europesays.com\/no\/wp-content\/uploads\/2025\/12\/hattfjelldal-vindkraft.jpg\"   alt=\"\" title=\"hattfjelldal vindkraft\"\/>Kart over eksisterende og planlagte vindkraftverk. Kilde: Motvind Norge.<\/p>\n<p>Vindkraft er ikke gr\u00f8nn politikk. Det er natur\u00f8deleggelse legitimert av en l\u00f8gn om CO\u2082, klima og karbonets rolle i livet.<\/p>\n<p><img loading=\"lazy\" data-recalc-dims=\"1\" decoding=\"async\" width=\"220\" height=\"220\" src=\"https:\/\/www.europesays.com\/no\/wp-content\/uploads\/2025\/12\/1765728827_486_arnt-remy.png\" alt=\"\" class=\"wp-image-149932\"  \/>Av Arnt Remy \u00c5vik-Langstrand.<\/p>\n<p>Hele vindkraftregimet hviler p\u00e5 \u00e9n grunnleggende p\u00e5stand: At CO\u2082 er et problem som m\u00e5 bekjempes, reduseres og fjernes \u2013 ogs\u00e5 n\u00e5r dette krever irreversible inngrep i naturen. Denne p\u00e5standen er ikke bare politisk omstridt. Den er biologisk og \u00f8kologisk absurd.<\/p>\n<p>CO\u2082 er ikke forurensning.<\/p>\n<p>CO\u2082 er livets gass.<\/p>\n<p>Karbon er ikke en trussel mot naturen \u2013 karbon er selve byggesteinen i alt levende.<\/p>\n<p>Uten CO\u2082 finnes ingen fotosyntese.<\/p>\n<p>Uten fotosyntese finnes ingen planter.<\/p>\n<p>Uten planter finnes ingen dyr, ingen mennesker, ingen \u00f8kosystemer.<\/p>\n<p>\u00c5 demonisere CO\u2082 er derfor ikke milj\u00f8vern. Det er \u00e5 demonisere naturens egen motor.<\/p>\n<p>Klimapolitikkens moralske snuoperasjon<\/p>\n<p>Likevel er det nettopp denne demoniseringen som brukes politisk for \u00e5 rettferdiggj\u00f8re omfattende naturinngrep. Klimapolitikken har gjort karbon til syndebukk og natur\u00f8deleggelse til dyd. Vi blir ikke bare feilinformert \u2013 vi blir systematisk villedet om karbonets rolle, klimaets kompleksitet og naturens selvregulerende karbonkretsl\u00f8p.<\/p>\n<p>Jordens historie viser tydelig at perioder med h\u00f8yere CO\u2082-niv\u00e5 ofte har sammenfalt med frodig plantevekst, h\u00f8y biologisk produktivitet og en gr\u00f8nnere planet. \u00d8kt CO\u2082 stimulerer plantevekst, forbedrer vannbrukseffektivitet og styrker naturens egen karbonbinding. Dette er grunnleggende biologi. Det er ikke kontroversielt i naturvitenskapelig forstand.<\/p>\n<p>Det ignoreres likevel konsekvent \u2013 ikke fordi det er feil, men fordi det kolliderer med den politiske fortellingen.<\/p>\n<p>Klimapolitikken har dermed forlatt naturen og flyttet inn i regnearkene.<\/p>\n<p>Hattfjelldal: fra enkeltsak til m\u00f8nster<\/p>\n<p>Sterke f\u00f8lelser i vindkraftsaken er derfor ikke irrasjonelle. De er et rasjonelt forsvar mot en politikk som har snudd virkeligheten p\u00e5 hodet.<\/p>\n<p>I Hattfjelldal er dette ikke teori. Det er levd erfaring.<\/p>\n<p>R\u00f8svatnoppdemningen etterlot seg varige senskader \u2013 p\u00e5 landskap, helse og tillit. Senere fulgte statlige rovviltvedtak som truet hele utmarksbeitegrunnlaget. Det samme m\u00f8nsteret har man sett i Lierne, der dyra forsvant da motstanden uteble. N\u00e5 kommer vindkraften, igjen legitimert med \u00abh\u00f8yere hensyn\u00bb.<\/p>\n<p>M\u00f8nsteret er konstant: <\/p>\n<ul class=\"wp-block-list\">\n<li>\u2013 Samme statlige logikk.<\/li>\n<li>\u2013 Samme moralske overbygning.<\/li>\n<li>\u2013 Samme konsekvens: Lokalsamfunn ofres, natur tappes, ansvar pulveriseres.<\/li>\n<\/ul>\n<p>Dette er ikke anekdoter. Det er systematisk praksis.<\/p>\n<p>Hattfjelldal er ikke et avvik. Det er en modell for ofringskommuner i norsk klimapolitikk.<\/p>\n<p>Myten om \u00abCO\u2082-fri\u00bb vindkraft<\/p>\n<p>Vindkraft fremstilles som \u00abCO\u2082-fri\u00bb og dermed moralsk overlegen. Det er en bevisst fordreining.<\/p>\n<p>Selv om man \u2013 for argumentets skyld \u2013 skulle akseptere p\u00e5standen om at CO\u2082 er \u00abfarlig\u00bb, starter hver vindm\u00f8lle og hver vindpark med en betydelig CO\u2082-gjeld. Denne gjelden kommer fra st\u00e5l, betong, gruvedrift, sprenging, transport, veibygging og anleggsarbeid.<\/p>\n<p>F\u00f8r \u00e9n eneste kilowattime kan kalles \u00abgr\u00f8nn\u00bb, m\u00e5 denne gjelden f\u00f8rst betales ned gjennom drift.<\/p>\n<p>Vindkraft er derfor ikke gr\u00f8nn n\u00e5r den bygges. Den er en karbon- og naturgjeld som m\u00e5 \u00abtjenes inn\u00bb over tid. Selv p\u00e5 de beste lokasjonene tar det m\u00e5neder \u2013 ofte n\u00e6r et \u00e5r \u2013 f\u00f8r energien brukt i produksjon og bygging er tilbakebetalt. Og dette er beste-case-scenarioer.<\/p>\n<p>N\u00e5r klimaregnskapet blir en karbonbombe<\/p>\n<p>Problemet blir politisk eksplosivt n\u00e5r vindkraft bygges i karbonrike omr\u00e5der som myr og torvmark.<\/p>\n<p>Myr er blant naturens mest stabile og effektive karbonlager. N\u00e5r den graves opp, frigj\u00f8res karbon som har v\u00e6rt bundet i tusenvis av \u00e5r, samtidig som \u00f8kosystemets evne til videre karbonbinding fjernes permanent.<\/p>\n<p>Da starter vindkraftprosjektet ikke bare med CO\u2082-gjeld \u2013 men med en karbonbombe.<\/p>\n<p>I slike tilfeller kan det ta mange \u00e5r f\u00f8r prosjektet i det hele tatt g\u00e5r i \u00abpluss\u00bb, selv i vindindustriens egne regnestykker. Noen prosjekter n\u00e5r aldri balanse i l\u00f8pet av levetiden.<\/p>\n<p>\u00c5 kalle dette klimahandling er spr\u00e5klig svindel.<\/p>\n<p>Levende karbon ofres for d\u00f8de modeller<\/p>\n<p>Det groteske paradokset er at man hevder \u00e5 \u00abredde klimaet\u00bb ved \u00e5 \u00f8delegge naturens egne karbonmaskiner.<\/p>\n<p>Skog, myr, jord, beiteland og levende \u00f8kosystemer \u2013 det som faktisk binder karbon og skaper liv \u2013 fjernes. Tilbake st\u00e5r symbolske tiltak som ser gr\u00f8nne ut i regneark, men som forringer naturens reelle funksjon.<\/p>\n<p>Klimapolitikken har blitt en ideologi der levende karbonkretsl\u00f8p taper og teknologiske symbolprosjekter vinner. Naturens kompleksitet ofres for modellens enkelhet.<\/p>\n<p>CO\u2082 som moralsk klubbe<\/p>\n<p>CO\u2082-retorikken brukes deretter til \u00e5 kneble kritikk. Motstand fremstilles som uansvarlig, bakstreversk eller \u00abklimafiendtlig\u00bb, selv n\u00e5r den i realiteten er dypt naturvennlig og biologisk forankret.<\/p>\n<p>Norge fremstilles som moralsk forpliktet til \u00e5 bygge vindkraft, til tross for at: <\/p>\n<ul class=\"wp-block-list\">\n<li>\u2013 v\u00e5re utslipp er globale marginale,<\/li>\n<li>\u2013 vi allerede har kraftoverskudd,<\/li>\n<li>\u2013 ny kraft i hovedsak eksporteres og<\/li>\n<li>\u2013 prisene \u00f8ker for husholdninger og n\u00e6ringsliv.<\/li>\n<\/ul>\n<p>Lokalsamfunn sitter igjen med \u00f8delagt natur, tap av reindrift, beite, jakt og friluftsliv \u2013 mens profitten havner hos kraftselskaper og internasjonale fond.<\/p>\n<p>Dette er ikke klimaansvar.<\/p>\n<p>Det er ressurskolonialisme forkledd som gr\u00f8nn moral.<\/p>\n<p>N\u00e5r rettsstaten m\u00e5 vike for klimaideologi<\/p>\n<p>Statsminister Jonas Gahr St\u00f8re lover \u00e5 bevare norsk natur og f\u00f8re ansvarlig klima- og milj\u00f8politikk. Disse l\u00f8ftene kollapser i m\u00f8te med praksis.<\/p>\n<p>Den samme staten som lover vern overkj\u00f8rer lokale vedtak, ignorerer faglige advarsler og presser gjennom vindkraft i s\u00e5rbar natur.<\/p>\n<p>Fosen-dommen avdekket dette i full \u00e5penhet. H\u00f8yesterett slo fast at vindkraft krenket samiske rettigheter. Staten beklaget \u2013 men lot turbinene st\u00e5.<\/p>\n<p>N\u00e5r CO\u2082-ideologien f\u00f8rst er etablert, underordnes b\u00e5de natur, rettsstat og menneskerettigheter.<\/p>\n<p>Klassejustis som klimamoral<\/p>\n<p>Den moralske forvirringen blir total n\u00e5r dette holdes opp mot straffesystemet.<\/p>\n<p>Kj\u00f8ring med sn\u00f8skuter p\u00e5 sn\u00f8 som uansett forsvinner, kan gi b\u00f8ter og fengsel i \u00abnaturens\u00bb navn. Sm\u00e5, midlertidige spor kriminaliseres.<\/p>\n<p>Men sprenger du fjell, \u00f8delegger myr, fjerner karbonrike \u00f8kosystemer og industrialiserer landskap for generasjoner \u2013 da skjer ingenting. Ingen straff. Ingen ansvar. Ingen reell tilbakef\u00f8ring.<\/p>\n<p>Natur\u00f8deleggelse i industriell skala er ikke kriminalitet. Det er statsautorisert politikk.<\/p>\n<p>Dette er klassejustis kamuflert som klimamoral.<\/p>\n<p>Det systematiske frav\u00e6ret av atomkraft<\/p>\n<p>Vindkraftens p\u00e5st\u00e5tte klimanytte kollapser ogs\u00e5 teknisk. Vind er ustabil energi som krever backup. Store vindparker krever enorme arealer og p\u00e5virker lokalklima.<\/p>\n<p>N\u00e5r man samtidig ser hva som systematisk holdes utenfor debatten, blir bildet komplett: atomkraft.<\/p>\n<p>Moderne kjernekraft kunne levert stabil, p\u00e5litelig energi med minimale naturinngrep. Ett anlegg kan erstatte hundrevis av vindturbiner. Ingen myr\u00f8deleggelse. Ingen fjellindustri. Ingen ideologisk krig mot CO\u2082.<\/p>\n<p>At atomkraft ignoreres, handler ikke om milj\u00f8. Det handler om ideologi, makt og \u00f8konomiske interesser knyttet til vindkraftregimet.<\/p>\n<p>Det egentlige nei-et<\/p>\n<p>N\u00e5r folk i Hattfjelldal og andre distrikter sier nei, sier de ikke nei til framtid.<\/p>\n<p>De sier ja til naturens egne karbonkretsl\u00f8p, til levende landskap og til biologisk realitet.<\/p>\n<p>De sier nei til en politisk l\u00f8gn som gj\u00f8r livets gass til fiende, natur\u00f8deleggelse til dyd og CO\u2082-gjeld til \u00abgr\u00f8nn energi\u00bb.<\/p>\n<p>Og det avgj\u00f8rende sp\u00f8rsm\u00e5let st\u00e5r fortsatt ubesvart:<\/p>\n<p>Hvis dette virkelig handler om fellesskapets beste \u2013 hvem andre er villige til \u00e5 gi fra seg g\u00e5rd, beiteland, reindrift og livsgrunnlag i samme pott?<\/p>\n<p>S\u00e5 lenge svaret er \u00abingen\u00bb, er vindkraft ikke klimapolitikk.<\/p>\n<p>Det er maktmisbruk, bygget p\u00e5 en l\u00f8gn om CO\u2082, karbon \u2013 og livet selv.<\/p>\n","protected":false},"excerpt":{"rendered":"Kart over eksisterende og planlagte vindkraftverk. Kilde: Motvind Norge. Vindkraft er ikke gr\u00f8nn politikk. Det er natur\u00f8deleggelse legitimert&hellip;\n","protected":false},"author":2,"featured_media":113071,"comment_status":"","ping_status":"","sticky":false,"template":"","format":"standard","meta":{"footnotes":""},"categories":[10],"tags":[20,21,24,25,15,22,23,13,30,28,29,14,16,26,27],"class_list":{"0":"post-113070","1":"post","2":"type-post","3":"status-publish","4":"format-standard","5":"has-post-thumbnail","7":"category-norge","8":"tag-breaking-news","9":"tag-breakingnews","10":"tag-featured-news","11":"tag-featurednews","12":"tag-headlines","13":"tag-latest-news","14":"tag-latestnews","15":"tag-news","16":"tag-no","17":"tag-norge","18":"tag-norway","19":"tag-nyheter","20":"tag-overskrifter","21":"tag-top-stories","22":"tag-topstories"},"share_on_mastodon":{"url":"https:\/\/pubeurope.com\/@no\/115718813684937122","error":""},"_links":{"self":[{"href":"https:\/\/www.europesays.com\/no\/wp-json\/wp\/v2\/posts\/113070","targetHints":{"allow":["GET"]}}],"collection":[{"href":"https:\/\/www.europesays.com\/no\/wp-json\/wp\/v2\/posts"}],"about":[{"href":"https:\/\/www.europesays.com\/no\/wp-json\/wp\/v2\/types\/post"}],"author":[{"embeddable":true,"href":"https:\/\/www.europesays.com\/no\/wp-json\/wp\/v2\/users\/2"}],"replies":[{"embeddable":true,"href":"https:\/\/www.europesays.com\/no\/wp-json\/wp\/v2\/comments?post=113070"}],"version-history":[{"count":0,"href":"https:\/\/www.europesays.com\/no\/wp-json\/wp\/v2\/posts\/113070\/revisions"}],"wp:featuredmedia":[{"embeddable":true,"href":"https:\/\/www.europesays.com\/no\/wp-json\/wp\/v2\/media\/113071"}],"wp:attachment":[{"href":"https:\/\/www.europesays.com\/no\/wp-json\/wp\/v2\/media?parent=113070"}],"wp:term":[{"taxonomy":"category","embeddable":true,"href":"https:\/\/www.europesays.com\/no\/wp-json\/wp\/v2\/categories?post=113070"},{"taxonomy":"post_tag","embeddable":true,"href":"https:\/\/www.europesays.com\/no\/wp-json\/wp\/v2\/tags?post=113070"}],"curies":[{"name":"wp","href":"https:\/\/api.w.org\/{rel}","templated":true}]}}