{"id":113072,"date":"2025-12-14T16:14:26","date_gmt":"2025-12-14T16:14:26","guid":{"rendered":"https:\/\/www.europesays.com\/no\/113072\/"},"modified":"2025-12-14T16:14:26","modified_gmt":"2025-12-14T16:14:26","slug":"linea-oppdatering-alle-pa-nett-igjen-rana-no","status":"publish","type":"post","link":"https:\/\/www.europesays.com\/no\/113072\/","title":{"rendered":"Linea-oppdatering: Alle p\u00e5 nett igjen &#8211; Rana No"},"content":{"rendered":"<ol>\n<li><a href=\"https:\/\/news.google.com\/rss\/articles\/CBMifEFVX3lxTE1uOTRjbUtGYXZzSkp1c0QzQTZMYTgtVUM0cTdOZFVveF8yTUU3bGNBTUhkY1JwQUQzbGZzTnQ1TDE2dFMtNG9US04xd2MydVZxc2FRYzRMU3lQYndUVmprTFFEUDFKRnpXeGtPMVZLUmthTm5lMkNzUHFYV2E?oc=5\" target=\"_blank\" rel=\"nofollow noopener\">Linea-oppdatering: Alle p\u00e5 nett igjen<\/a>&nbsp;&nbsp;Rana No<\/li>\n<li><a href=\"https:\/\/news.google.com\/rss\/articles\/CBMi1wFBVV95cUxQc1NFVFBncV8xNHMxdHF6MTlwQ20zV21JU1NfODJ6M21uR1NySkxUc3FuWm9ITk5kMTJvVURsN20xTTJJRnQ0OTZVZUg1amltbWV5VWpOWmJnN3VMSEk3MUVSNkJFbVZqVlFpRlFKdHVIMFd2amNaZUNZVW5nNmV2MnYyREs2RkU5S2VVd0dxZnFHdFN4U1FVSzZaMGtSSzE5TlE3WFBNS1h4dHMzTTFXNUFKTG5qUWhIRTc0cTV6VEZEN2t0MFg3VkJMcEc0eHhzaEl5eWhRYw?oc=5\" target=\"_blank\" rel=\"nofollow noopener\">Borettslag i Mo i Rana har v\u00e6rt uten str\u00f8m siden fredag ettermiddag. \u2013 Feils\u00f8kte til klokken 0100 i natt<\/a>&nbsp;&nbsp;Rana Blad<\/li>\n<li><a href=\"https:\/\/news.google.com\/rss\/articles\/CBMinAFBVV95cUxOQTZvU0djY3EyREtYX1pfT2ZIRmh6Yks1cDg0X25LUUdxc0JSTnhrbE9zcGhfM1VIaW1CdzZTMFY0bjRKRndvTGQzeHRjTndLQzMySVBIUms0dTFnWmhISGoyekdHNVliYzJfNzhyOFkwZXFtSm0yWGZ2dWdZX1A0M3lXeldaenJmbkNhdnZrNW1QQ1dFT2JudDhwNUE?oc=5\" target=\"_blank\" rel=\"nofollow noopener\">Str\u00f8mmen tilbake for de fleste i Mo i Rana<\/a>&nbsp;&nbsp;TV2.no<\/li>\n<li><a href=\"https:\/\/news.google.com\/rss\/articles\/CBMigwFBVV95cUxNdWdGS2RSNUhJR191bEk0Q0gxMjhBU201MDRWMnVGTkd5ajRSRnRqc1hkcFM3WjdyOTRMZGl1cV9hYlVPME14Uk9jZHQ5X1JleFM5cndqcFJVMzhwWGlGSG5tZEg4VGJOTjBoaHd5RnpOQUV4LS1USHNpQXFnQUhlaGhJZw?oc=5\" target=\"_blank\" rel=\"nofollow noopener\">Str\u00f8mbrudd, Rana | N\u00e6rmere 3.000 var uten str\u00f8m i Mo i Rana fredag ettermiddag<\/a>&nbsp;&nbsp;Rana Blad<\/li>\n<li><a href=\"https:\/\/news.google.com\/rss\/articles\/CBMi9AFBVV95cUxPTWY2QjBaREI1Y3llVTFjUjctcDExNWExdk45UkYxZjlaMkR5djktZFR2b3FiYmlUT1F4ZVNfdkpJMUFNMUZzVldxQU5VbWtXS0JmZDQxa1BZaF9TbHpRSUxKUW1xY1NMbDAxSXM1cHJGMzBkalFrVGtuV2duOGpER3Z6LTF6NnpmQmhvbXI5U0tMV2ZsaU5JczlQUHY1SDRSbmZWQU1GWUNVc3dCNHVQZklIdThVeURfUmRTZkNLTGZaZENwZmZFZ3NUT3k0dV9FWGJXRlRvWHMwNDR4emZFS0xtdUFZVTRsQkF6R05rYWlibm5K?oc=5\" target=\"_blank\" rel=\"nofollow noopener\">Meldte selv inn at det var de som for\u00e5rsaket str\u00f8mbruddet fredag &#8211; men der tok de feil. \u2013 De holdt p\u00e5 \u00e5 p\u00e6le, og s\u00e5 ble det m\u00f8rkt<\/a>&nbsp;&nbsp;Rana Blad<\/li>\n<\/ol>\n","protected":false},"excerpt":{"rendered":"Linea-oppdatering: Alle p\u00e5 nett igjen&nbsp;&nbsp;Rana No Borettslag i Mo i Rana har v\u00e6rt uten str\u00f8m siden fredag ettermiddag.&hellip;\n","protected":false},"author":2,"featured_media":111697,"comment_status":"","ping_status":"","sticky":false,"template":"","format":"standard","meta":{"footnotes":""},"categories":[5],"tags":[20,21,24,25,15,19,22,23,17,18,13,30,28,29,14,16,26,27],"class_list":{"0":"post-113072","1":"post","2":"type-post","3":"status-publish","4":"format-standard","5":"has-post-thumbnail","7":"category-overskrifter","8":"tag-breaking-news","9":"tag-breakingnews","10":"tag-featured-news","11":"tag-featurednews","12":"tag-headlines","13":"tag-hovedoppslag","14":"tag-latest-news","15":"tag-latestnews","16":"tag-main-news","17":"tag-mainnews","18":"tag-news","19":"tag-no","20":"tag-norge","21":"tag-norway","22":"tag-nyheter","23":"tag-overskrifter","24":"tag-top-stories","25":"tag-topstories"},"share_on_mastodon":{"url":"https:\/\/pubeurope.com\/@no\/115718813741125369","error":""},"_links":{"self":[{"href":"https:\/\/www.europesays.com\/no\/wp-json\/wp\/v2\/posts\/113072","targetHints":{"allow":["GET"]}}],"collection":[{"href":"https:\/\/www.europesays.com\/no\/wp-json\/wp\/v2\/posts"}],"about":[{"href":"https:\/\/www.europesays.com\/no\/wp-json\/wp\/v2\/types\/post"}],"author":[{"embeddable":true,"href":"https:\/\/www.europesays.com\/no\/wp-json\/wp\/v2\/users\/2"}],"replies":[{"embeddable":true,"href":"https:\/\/www.europesays.com\/no\/wp-json\/wp\/v2\/comments?post=113072"}],"version-history":[{"count":0,"href":"https:\/\/www.europesays.com\/no\/wp-json\/wp\/v2\/posts\/113072\/revisions"}],"wp:featuredmedia":[{"embeddable":true,"href":"https:\/\/www.europesays.com\/no\/wp-json\/wp\/v2\/media\/111697"}],"wp:attachment":[{"href":"https:\/\/www.europesays.com\/no\/wp-json\/wp\/v2\/media?parent=113072"}],"wp:term":[{"taxonomy":"category","embeddable":true,"href":"https:\/\/www.europesays.com\/no\/wp-json\/wp\/v2\/categories?post=113072"},{"taxonomy":"post_tag","embeddable":true,"href":"https:\/\/www.europesays.com\/no\/wp-json\/wp\/v2\/tags?post=113072"}],"curies":[{"name":"wp","href":"https:\/\/api.w.org\/{rel}","templated":true}]}}