{"id":113075,"date":"2025-12-14T16:24:12","date_gmt":"2025-12-14T16:24:12","guid":{"rendered":"https:\/\/www.europesays.com\/no\/113075\/"},"modified":"2025-12-14T16:24:12","modified_gmt":"2025-12-14T16:24:12","slug":"helse-more-og-romsdal-snr","status":"publish","type":"post","link":"https:\/\/www.europesays.com\/no\/113075\/","title":{"rendered":"Helse M\u00f8re og Romsdal, SNR"},"content":{"rendered":"\n<p>Jeg kunne personlig ikke brydd meg mindre om Molde-kreftene som n\u00e5 blir overkj\u00f8rt. Etter \u00e5 ha sett dem herse og herje med fagfolk og pasienttilbud p\u00e5 Nordm\u00f8re siden helseforetaksmodellens morgen, vil det ikke bli gr\u00e5tt krokodillet\u00e5rer p\u00e5 deres vegne. Man h\u00f8ster som man s\u00e5r.<\/p>\n<p>De menneskene vi derimot b\u00f8r bry oss om, er de SNR-ansatte som vil m\u00f8te oss som pasienter. Mange av dem er n\u00e5 i ferd med \u00e5 slite s\u00e5lene ned til l\u00e6ret. Sykefrav\u00e6ret var i november p\u00e5 n\u00e6r 10 prosent, og overbelegget av pasienter synes kronisk. Svaret p\u00e5 utfordringene er i stedet forverrende. Kutt i pleiefaktoren m\u00e5tte til for \u00e5 komme i m\u00e5l med budsjettet, leser vi i saksutredningen.<\/p>\n<p>  <a href=\"https:\/\/www.tk.no\/5-51-1786775\" class=\"related-teaser has-image default-story-teaser article--c-eRUmMG article--c-eRUmMG-jKCPdD-design-default\" rel=\"nofollow noopener\" target=\"_blank\"><\/p>\n<p>    <img decoding=\"async\" loading=\"lazy\"  src=\"https:\/\/www.europesays.com\/no\/wp-content\/uploads\/2025\/12\/5_51_1458191+20231115_094217.jpg\" alt=\"\" class=\"brick-c-cFOWSL\" style=\"\"\/><\/p>\n<p>\n            Les ogs\u00e5<\/p>\n<p>              Planlegger massive l\u00f8nnskutt. Sterke reaksjoner p\u00e5 HMRs 2026-budsjett\n        <\/p>\n<p>  <\/a><\/p>\n<p><b>Hva er det<\/b> vi holder p\u00e5 med i Norge?<\/p>\n<p>17.000-19.000 yrkesutdannede sykepleiere jobber i dag utenfor helsetjenesten. Sp\u00f8rreunders\u00f8kelser viser at to av ti vil forlate yrket. Det er det stikk motsatte av det vi trenger for \u00e5 m\u00f8te de enorme demografiske endringene med dobling av antall eldre over 80 \u00e5r. Likevel fortsetter rovdriften p\u00e5 folket p\u00e5 gulvet, fordi \u00f8konomene hver eneste gang lander p\u00e5 at det bare er her den prosentvise effektiviseringen monner nok til \u00e5 komme i m\u00e5l med liksom-budsjettene.<\/p>\n<p><b>Er det noe<\/b> de ikke forst\u00e5r, eller vil de rett og slett ikke forst\u00e5 konsekvensene?<\/p>\n<p>Vi som er kontorrotter kan finne igjen arbeidet v\u00e5rt ugjort n\u00e5r vi er tilbake fra sykdom eller ferie. De av oss som jobber under frister, m\u00e5 da ta i litt ekstra for \u00e5 rekke dem, men det er ogs\u00e5 det vi m\u00e5 t\u00e5le. Andre oppgaver blir utsatt til vi har ledig tid til \u00e5 utf\u00f8re dem. Og noe av det vi skulle gjort, blir kanskje prioritert bort \u2013 uten at det er dypt savnet av noen.<\/p>\n<p>S\u00e5nn er det ikke i sykehushverdagen. Man kan ikke si til pasienten at nei, fru Hansen, den dyv\u00e5te bleien f\u00e5r vente til i morgen, og det kateteret f\u00e5r vi t\u00f8mme n\u00e5r hjelpepleier Olsen er tilbake feberfri p\u00e5 mandag. Faktum er at noen andre m\u00e5 gj\u00f8re det i stedet, p\u00e5 toppen av alt annet. Innleie er fy fy, s\u00e5 l\u00f8sningen blir ofte overtid til dobbel l\u00f8nn. Til slutt ryker b\u00e5de strikken hos den ansatte og budsjettet til klinikken. Og n\u00e5r det f\u00f8rst ryker, ryker det MYE.<\/p>\n<p>Om ti \u00e5r er disse menneskenes kompetanse og omsorg kritisk mangelvare. N\u00e5r skal man begynne \u00e5 ta vare p\u00e5 dem, i stedet for \u00e5 mishandle dem ved \u00e5 konkludere med at det er mulig \u00e5 skvise enda mer blod, svette og t\u00e5rer ut av dem?<\/p>\n<p><b>If\u00f8lge kommentarfeltene b\u00f8r <\/b>l\u00f8sningen heller v\u00e6re at toppsjef Olav L\u00f8demel &amp; Co g\u00e5r ned i l\u00f8nn. Det monner sv\u00e6rt lite i et helseforetak som er i ferd med \u00e5 g\u00e5 over en milliard i underskudd p\u00e5 to \u00e5r, men det b\u00f8r samtidig v\u00e6re p\u00e5 sin plass \u00e5 sette de folkelige kravene inn i et st\u00f8rre bilde.<\/p>\n<p>Ap-regjeringen messer advarsler om hvor ille det vil g\u00e5 hvis vi ikke lykkes med \u00e5 styre mer av arbeidskraften v\u00e5r over mot pleieyrkene, men er selv en marginal p\u00e5driver til omstillingen. Hele foretaksgruppen Helse Midt-Norge er i statsbudsjettet p\u00e5lagt \u00e5 kutte byr\u00e5kratiet sitt med 27,5 millioner kroner. Av dette skulle det bare mangle at det regionale helseforetaket i Stj\u00f8rdal tok 11 millioner. Dermed er kravet til byr\u00e5krati-kutt i helseforetakene skarve 16,5 millioner kroner \u2013 av et totalbudsjett p\u00e5 28.443 millioner (0,6 prosent). Det er en vits av en framdrift, der man kan sp\u00f8rre seg om det viktigste er \u00e5 ikke risikere \u00e5 terge p\u00e5 seg talef\u00f8re fagforbund.<\/p>\n<p>Helse M\u00f8re og Romsdals administrasjon i \u00c5lesund har i 2025 et l\u00f8nnsbudsjett p\u00e5 584 millioner kroner. 584.257.140 kroner! Av dette skal det i krise\u00e5ret 2026 kuttes ni millioner eller 1,5 prosent. En vits etterf\u00f8lges gjerne av en ny vits.<\/p>\n<p><b>Her er det<\/b> ogs\u00e5 noe som skurrer. N\u00e5r privat n\u00e6ringsliv nedbemanner, henter de inn konsulentselskaper som til dels brutalt saumfarer organisasjonen p\u00e5 jakt etter fett. Mye av det finner de ofte p\u00e5 ledelsesniv\u00e5ene, mens de tvert imot er opptatt av \u00e5 skjerme de produserende delene av kjernevirksomheten, s\u00e5 man ikke risikerer \u00e5 miste n\u00f8kkelpersonell.<\/p>\n<p>Trenger den mellomlederen egentlig en r\u00e5dgiver? Trengs det s\u00e5 mange direkt\u00f8rer, og m\u00e5 den direkt\u00f8ren ha en sekret\u00e6r? Hvorfor fortsetter dere \u00e5 bruke like mye ressurser i fagavdelingen, som for en stor del belaster klinikkene med ymse arbeidsoppgaver, n\u00e5r hovedutfordringen er nok likviditet til \u00e5 betale ut l\u00f8nn?<\/p>\n<p>HMR har hyret inn konsulentselskapet Deloitte i prosessen. Jeg nekter \u00e5 tro at de har vraket den tradisjonelle fettjakten. \u00abNoen\u00bb har nok gitt dem et annet mandat, der det i stedet skal fokuseres p\u00e5 at det finnes helseforetak som produserer mer effektivt enn Helse M\u00f8re og Romsdal. Foretaksledelsen retter kravene nedover i organisasjonen, mer enn til seg selv.<\/p>\n<p><b>En meget direkte<\/b> arbeidsgiver jeg en gang m\u00f8tte i en l\u00f8nnsforhandling, dundret neven i bordet og slo fast at \u00abhvis alle skal ha landsgjennomsnittet, s\u00e5 kommer landsgjennomsnittet til \u00e5 g\u00e5 til helsike!\u00bb. Sant nok rent matematisk, men den betraktningsm\u00e5ten kan ogs\u00e5 snus p\u00e5 hodet: Man kan ikke kreve at alle leverer best practice. Hvis det alltid skal v\u00e6re kravet, vil fotfolk bare fortsette \u00e5 forlate helsesektoren, og det blir bare dyrere og dyrere \u00e5 holde den g\u00e5ende.<\/p>\n<p>Man kan avvise angrepene fra grasrota som primitive, men det er signaleffekten av dette kuttregimet man finner igjen i kommentarfeltene. Det ligger ogs\u00e5 en signaleffekt i at de tre ansattrepresentantene bak lukkede styred\u00f8rer nylig stemte mot toppsjefens l\u00f8nns\u00f8kning p\u00e5 n\u00e6rmere 95.000 kroner. Det signaliserer en forventning om at noen burde g\u00e5 foran, men som ikke gj\u00f8r det.<\/p>\n<p><b>I stedet registrerer <\/b>vi at man ufortr\u00f8dent fortsetter med \u00e5 rasere ogs\u00e5 siste rest av spesialisthelsetilbudet p\u00e5 Nordm\u00f8re. Trolig er det bare et tidssp\u00f8rsm\u00e5l f\u00f8r DPS Kristiansund vs. DPS Molde blir et tema, og at driften av SNR Kristiansund blir redusert til ti m\u00e5neder av \u00e5ret, er nok bare begynnelsen p\u00e5 stadig nye kapasitetskutt. Det er lite hjelp i en sm\u00f8rbr\u00f8dliste av vedtatte pasienttilbud p\u00e5 papiret, hvis de ikke skal holdes \u00e5pne.<\/p>\n<p>En prosess med omstillingskrav som er s\u00e5 d\u00e5rlig balansert, b\u00e5de geografisk og mellom kontor og pasientgulv, har h\u00f8y risiko for \u00e5 spore av. Her trengs det et voksent styre som t\u00f8r \u00e5 ta tak.<\/p>\n","protected":false},"excerpt":{"rendered":"Jeg kunne personlig ikke brydd meg mindre om Molde-kreftene som n\u00e5 blir overkj\u00f8rt. Etter \u00e5 ha sett dem&hellip;\n","protected":false},"author":2,"featured_media":113076,"comment_status":"","ping_status":"","sticky":false,"template":"","format":"standard","meta":{"footnotes":""},"categories":[10],"tags":[36,20,21,24,25,15,2106,266,22,23,156,13,30,28,29,14,1533,16,13799,26,27],"class_list":{"0":"post-113075","1":"post","2":"type-post","3":"status-publish","4":"format-standard","5":"has-post-thumbnail","7":"category-norge","8":"tag-art","9":"tag-breaking-news","10":"tag-breakingnews","11":"tag-featured-news","12":"tag-featurednews","13":"tag-headlines","14":"tag-helse-more-og-romsdal","15":"tag-kommentar","16":"tag-latest-news","17":"tag-latestnews","18":"tag-meninger","19":"tag-news","20":"tag-no","21":"tag-norge","22":"tag-norway","23":"tag-nyheter","24":"tag-opinion","25":"tag-overskrifter","26":"tag-snr","27":"tag-top-stories","28":"tag-topstories"},"share_on_mastodon":{"url":"https:\/\/pubeurope.com\/@no\/115718852749496113","error":""},"_links":{"self":[{"href":"https:\/\/www.europesays.com\/no\/wp-json\/wp\/v2\/posts\/113075","targetHints":{"allow":["GET"]}}],"collection":[{"href":"https:\/\/www.europesays.com\/no\/wp-json\/wp\/v2\/posts"}],"about":[{"href":"https:\/\/www.europesays.com\/no\/wp-json\/wp\/v2\/types\/post"}],"author":[{"embeddable":true,"href":"https:\/\/www.europesays.com\/no\/wp-json\/wp\/v2\/users\/2"}],"replies":[{"embeddable":true,"href":"https:\/\/www.europesays.com\/no\/wp-json\/wp\/v2\/comments?post=113075"}],"version-history":[{"count":0,"href":"https:\/\/www.europesays.com\/no\/wp-json\/wp\/v2\/posts\/113075\/revisions"}],"wp:featuredmedia":[{"embeddable":true,"href":"https:\/\/www.europesays.com\/no\/wp-json\/wp\/v2\/media\/113076"}],"wp:attachment":[{"href":"https:\/\/www.europesays.com\/no\/wp-json\/wp\/v2\/media?parent=113075"}],"wp:term":[{"taxonomy":"category","embeddable":true,"href":"https:\/\/www.europesays.com\/no\/wp-json\/wp\/v2\/categories?post=113075"},{"taxonomy":"post_tag","embeddable":true,"href":"https:\/\/www.europesays.com\/no\/wp-json\/wp\/v2\/tags?post=113075"}],"curies":[{"name":"wp","href":"https:\/\/api.w.org\/{rel}","templated":true}]}}