{"id":113077,"date":"2025-12-14T16:26:33","date_gmt":"2025-12-14T16:26:33","guid":{"rendered":"https:\/\/www.europesays.com\/no\/113077\/"},"modified":"2025-12-14T16:26:33","modified_gmt":"2025-12-14T16:26:33","slug":"pal-nakken-hos-tusten-i-molde-ma-trolig-stenge-nrk-more-og-romsdal-lokale-nyheter-tv-og-radio","status":"publish","type":"post","link":"https:\/\/www.europesays.com\/no\/113077\/","title":{"rendered":"P\u00e5l Nakken hos Tusten i Molde m\u00e5 trolig stenge \u2013 NRK M\u00f8re og Romsdal \u2013 Lokale nyheter, TV og radio"},"content":{"rendered":"<p><strong>\u2013 Det er ekstremt vanskelig \u00e5 drive alpinanlegg, sier driftsleder for Tusten skiheiser i Molde, P\u00e5l Nakken. <\/strong><\/p>\n<p>Mangel p\u00e5 kuldegrader og natursn\u00f8 gj\u00f8r det vanskelig \u00e5 holde alpinanlegget \u00e5pent. Nakken sier at de har holdt \u00e5pent i helga, men at det trolig ikke blir lenge til de m\u00e5 stengte.<\/p>\n<p><strong>\u2013 Det ser ut til \u00e5 v\u00e6re slutten for n\u00e5, for det minker med sn\u00f8, sier han. <\/strong><\/p>\n<p>V\u00e6rmeldingen fremover ser heller ikke lovende ut for anlegget.<\/p>\n<p>\u2013 Jeg hadde et h\u00e5p om at det skulle snu til jula, men det ser ikke s\u00e5nn ut n\u00e5.<\/p>\n<p><img decoding=\"async\"   src=\"data:image\/gif;base64,R0lGODlhAQABAIAAAAAAAP\/\/\/yH5BAEAAAAALAAAAAABAAEAAAIBRAA7\" loading=\"eager\" alt=\"Bilde viser bunnen av en alpinbakke. Det er sn\u00f8 p\u00e5 bakken og mennesker som kj\u00f8rer p\u00e5 ski. \" title=\"Foto: Skjermbilde fra webkamera \/ Tusten skiheiser\"\/><\/p>\n<p class=\"\">Flere tok turen til Tusten i Molde s\u00f8ndag. <\/p>\n<p>Foto: Skjermbilde fra webkamera \/ Tusten skiheiser<\/p>\n<p>Flere sliter<\/p>\n<p>Nakken er ikke den eneste som fortviler over mangelen p\u00e5 kuldegrader. De milde temperaturene skaper utfordringer for flere anlegg rundt om i landet.<\/p>\n<p>\u2013 De som sliter aller mest n\u00e5 er selvf\u00f8lgelig de i lavtliggende str\u00f8k, og s\u00e6rlig p\u00e5 \u00d8stlandet.<\/p>\n<p>Det sier generalsekret\u00e6r i Norske alpinanlegg og fjelldestinasjoner, Camilla Sylling Clausen.<\/p>\n<p><img decoding=\"async\"   src=\"data:image\/gif;base64,R0lGODlhAQABAIAAAAAAAP\/\/\/yH5BAEAAAAALAAAAAABAAEAAAIBRAA7\" loading=\"eager\" alt=\"Camilla Sylling Clausen i Alpinanleggenes Landsforening\" title=\"Foto: Ola Matsson\"\/><\/p>\n<p class=\"\">Camilla Sylling Clausen. <\/p>\n<p>Foto: Ola Matsson<\/p>\n<p>Men hun forteller at det er fullt mulig \u00e5 opps\u00f8ke sn\u00f8 p\u00e5 destinasjoner som ligger i litt h\u00f8yere terreng.<\/p>\n<p>\u2013 Hvis folk vil feire jul p\u00e5 fjellet med sn\u00f8 og ski, s\u00e5 er det gode muligheter for det, sier hun.<\/p>\n<p>Du kan sjekke hvilke anlegg som holder \u00e5pent <a href=\"https:\/\/fnugg.no\/anleggstype\/her-er-det-apent-na\/\" ec-id=\"https:\/\/fnugg.no\/anleggstype\/her-er-det-apent-na\/\" ec-name=\"her.\" rel=\"nofollow noopener\" target=\"_blank\">her. <\/a><\/p>\n<p>M\u00e5tte stenge<\/p>\n<p>Hos Sunndal Alpinsenter holder de stengt. Driftsleder Vegard Innerdal forteller at det ikke er nok sn\u00f8 til \u00e5 holde \u00e5pent.<\/p>\n<p>\u2013 Vi hadde faktisk sesong\u00e5pning 30. november, men det har blitt for d\u00e5rlig med sn\u00f8.<\/p>\n<p>\u2013 Hvordan er det \u00e5 m\u00e5tte holde stengt? <\/p>\n<p>\u2013 Det er jo ikke artig. Vi skulle \u00f8nske det var hvit jul og alpinsesong, sier han.<\/p>\n<p>Strandafjellet klarer holde \u00e5pent<\/p>\n<p>P\u00e5 Strandafjellet skisenter skaper ogs\u00e5 mildv\u00e6ret utfordringer, men markedssjef Mari Riksheim forteller at de fortsatt kan holde \u00e5pent.<\/p>\n<p>\u2013 Vi er glade for at vi faktisk kan ha \u00e5pent, men det er Furseth-siden som er \u00e5pen n\u00e5, sier hun.<\/p>\n<p><img decoding=\"async\"   src=\"data:image\/gif;base64,R0lGODlhAQABAIAAAAAAAP\/\/\/yH5BAEAAAAALAAAAAABAAEAAAIBRAA7\" loading=\"eager\" alt=\"en person som st\u00e5r ved siden av en sn\u00f8scooter\" title=\"Foto: Hans-Olav Landsverk \/ NRK\"\/><\/p>\n<p class=\"\">Markedssjef hos Strandafjellet skisenter, Mari Riksheim, tror de skal klare \u00e5 holde anlegget \u00e5pent utover. <\/p>\n<p>Foto: Hans-Olav Landsverk \/ NRK<\/p>\n<p>Men hun innr\u00f8mmer at langtidsvarselet ikke ser lovende ut for Strandafjellet heller. Likevel h\u00e5per hun at de skal kunne klare \u00e5 ha deler av anlegget \u00e5pent utover.<\/p>\n<p><strong>\u2013 Det er ikke positivt s\u00e5nn som v\u00e6rmeldingen er n\u00e5, men n\u00e5r vi f\u00f8rst har f\u00e5tt \u00e5pnet s\u00e5 har vi jo litt s\u00e5le s\u00e5nn at vi kan holde \u00e5pent, sier hun. <\/strong><\/p>\n<p><img decoding=\"async\"   src=\"data:image\/gif;base64,R0lGODlhAQABAIAAAAAAAP\/\/\/yH5BAEAAAAALAAAAAABAAEAAAIBRAA7\" loading=\"eager\" alt=\"en skiheis som g\u00e5r opp et sn\u00f8dekt fjell\" title=\"Foto: Hans-Olav Landsverk \/ NRK\"\/><\/p>\n<p class=\"\">Bildet er tatt p\u00e5 Strandafjellet i en annen anledning. <\/p>\n<p>Foto: Hans-Olav Landsverk \/ NRK<\/p>\n<p>P\u00e5l Nakken hos Tusten i Molde har fortsatt tro p\u00e5 at det kan bli en god sesong.<\/p>\n<p><strong>\u2013 Det kan fortsatt bli tidenes sesong. Det er fortsatt mye igjen av sesongen etter nytt\u00e5r, men vi skulle \u00f8nske vi fikk med jula, for det er litt viktig.<\/strong><\/p>\n<p>Publisert<\/p>\n<p>14.12.2025, kl. 14.18<\/p>\n","protected":false},"excerpt":{"rendered":"\u2013 Det er ekstremt vanskelig \u00e5 drive alpinanlegg, sier driftsleder for Tusten skiheiser i Molde, P\u00e5l Nakken. Mangel&hellip;\n","protected":false},"author":2,"featured_media":113078,"comment_status":"","ping_status":"","sticky":false,"template":"","format":"standard","meta":{"footnotes":""},"categories":[5],"tags":[20,21,24,25,15,19,22,23,17,18,13,30,28,29,14,16,26,27],"class_list":{"0":"post-113077","1":"post","2":"type-post","3":"status-publish","4":"format-standard","5":"has-post-thumbnail","7":"category-overskrifter","8":"tag-breaking-news","9":"tag-breakingnews","10":"tag-featured-news","11":"tag-featurednews","12":"tag-headlines","13":"tag-hovedoppslag","14":"tag-latest-news","15":"tag-latestnews","16":"tag-main-news","17":"tag-mainnews","18":"tag-news","19":"tag-no","20":"tag-norge","21":"tag-norway","22":"tag-nyheter","23":"tag-overskrifter","24":"tag-top-stories","25":"tag-topstories"},"share_on_mastodon":{"url":"https:\/\/pubeurope.com\/@no\/115718860488326777","error":""},"_links":{"self":[{"href":"https:\/\/www.europesays.com\/no\/wp-json\/wp\/v2\/posts\/113077","targetHints":{"allow":["GET"]}}],"collection":[{"href":"https:\/\/www.europesays.com\/no\/wp-json\/wp\/v2\/posts"}],"about":[{"href":"https:\/\/www.europesays.com\/no\/wp-json\/wp\/v2\/types\/post"}],"author":[{"embeddable":true,"href":"https:\/\/www.europesays.com\/no\/wp-json\/wp\/v2\/users\/2"}],"replies":[{"embeddable":true,"href":"https:\/\/www.europesays.com\/no\/wp-json\/wp\/v2\/comments?post=113077"}],"version-history":[{"count":0,"href":"https:\/\/www.europesays.com\/no\/wp-json\/wp\/v2\/posts\/113077\/revisions"}],"wp:featuredmedia":[{"embeddable":true,"href":"https:\/\/www.europesays.com\/no\/wp-json\/wp\/v2\/media\/113078"}],"wp:attachment":[{"href":"https:\/\/www.europesays.com\/no\/wp-json\/wp\/v2\/media?parent=113077"}],"wp:term":[{"taxonomy":"category","embeddable":true,"href":"https:\/\/www.europesays.com\/no\/wp-json\/wp\/v2\/categories?post=113077"},{"taxonomy":"post_tag","embeddable":true,"href":"https:\/\/www.europesays.com\/no\/wp-json\/wp\/v2\/tags?post=113077"}],"curies":[{"name":"wp","href":"https:\/\/api.w.org\/{rel}","templated":true}]}}