{"id":113079,"date":"2025-12-14T16:35:10","date_gmt":"2025-12-14T16:35:10","guid":{"rendered":"https:\/\/www.europesays.com\/no\/113079\/"},"modified":"2025-12-14T16:35:10","modified_gmt":"2025-12-14T16:35:10","slug":"zelenskyj-villig-til-a-ofre-nato-hap-for-sikkerhetsgarantier","status":"publish","type":"post","link":"https:\/\/www.europesays.com\/no\/113079\/","title":{"rendered":"Zelenskyj villig til \u00e5 ofre Nato-h\u00e5p for sikkerhetsgarantier"},"content":{"rendered":"\n<p class=\"_lead_o9xde_2 _lead_xtcu6_50 layout-component text-serif-m layout-normal text-serif-l layout-component layout-wide layout-padded _wide_17hqh_1 layout-padded\">Ukrainas president Volodymyr Zelenskyj m\u00f8ter i dag amerikanske representanter i Berlin til nye fredssamtaler og kommer med nye forslag til kompromisser.<\/p>\n<p><img alt=\"Ukrainas president Volodymyr Zelenskyj skal s\u00f8ndag til Berlin for \u00e5 diskutere mulige l\u00f8sninger framover med USA.  Foto: Den ukrainske presidentens pressekontor \/ AP \/ NTB\" class=\"_image_qp4xg_65 layout-component layout-wide\" data-fullscreen- data-track-element-type=\"Article image fullscreen\" data-track-name=\"ImageFullscreen\" fetchpriority=\"high\" decoding=\"sync\" loading=\"eager\" height=\"1696\" itemprop=\"image\"  src=\"https:\/\/www.europesays.com\/no\/wp-content\/uploads\/2025\/12\/8a1774c6-5d53-41ed-a58f-ffc37529f648\"  style=\"object-position:0% 0%\" width=\"3012\"\/>Ukrainas president Volodymyr Zelenskyj skal s\u00f8ndag til Berlin for \u00e5 diskutere mulige l\u00f8sninger framover med USA.  Foto: Den ukrainske presidentens pressekontor \/ AP \/ NTB<\/p>\n<ul aria-hidden=\"true\" class=\"_images_ntbth_112\">\n<li><a class=\"_link_ntbth_117\" href=\"https:\/\/www.vg.no\/forfatter\/ntb\" style=\"z-index:1\" title=\"NTB\" rel=\"nofollow noopener\" target=\"_blank\"><img alt=\"Bilde av NTB\" class=\"_image_ntbth_93\" fetchpriority=\"low\" loading=\"lazy\" decoding=\"async\" itemprop=\"image\"  src=\"https:\/\/www.europesays.com\/no\/wp-content\/uploads\/2025\/12\/1765730109_990_c33980b0-5d07-4027-84a1-813f90a7c8d6\"  width=\"480\"\/><\/a><\/li>\n<\/ul>\n<p> Oppdatert s\u00f8ndag 14. desember kl. 15:48     <\/p>\n<p class=\"_paragraph_o9xde_4 _paragraph_xtcu6_10 layout-component text-serif-m layout-normal text-serif-m layout-padded\">I forkant av samtalene sier Zelenskyj at det er et kompromiss fra Ukrainas side \u00e5 ofre h\u00e5pet om Nato-medlemskap for sikkerhetsgarantier fra USA og EU.<\/p>\n<p class=\"_paragraph_o9xde_4 _paragraph_xtcu6_10 layout-component text-serif-m layout-normal text-serif-m layout-padded\">\u2013 Helt fra start har Ukrainas \u00f8nske v\u00e6rt \u00e5 bli med i Nato. Det er en ekte sikkerhetsgaranti. Enkelte partnere fra USA og Europa har ikke st\u00f8ttet oss i den retningen, sa Zelenskyj til journalister s\u00f8ndag.<\/p>\n<p><img alt=\"Tysklands kansler Friedrich Merz (h\u00f8yre) hilser p\u00e5 Ukrainas president Volodymyr Zelenskyj f\u00f8r et m\u00f8te i kanslerkontoret i Berlin, 14. desember 2025.  Foto: RALF HIRSCHBERGER \/ AFP \/ NTB\" class=\"_image_qp4xg_65 layout-component layout-normal\" data-fullscreen- data-track-element-type=\"Article image fullscreen\" data-track-name=\"ImageFullscreen\" decoding=\"async\" loading=\"lazy\" height=\"803\" itemprop=\"image\"  src=\"https:\/\/www.europesays.com\/no\/wp-content\/uploads\/2025\/12\/937ade18-67a9-4035-becf-6cc0cbf150c2\"  style=\"object-position:0% 0%\" width=\"1131\"\/>Tysklands kansler Friedrich Merz (h\u00f8yre) hilser p\u00e5 Ukrainas president Volodymyr Zelenskyj f\u00f8r et m\u00f8te i kanslerkontoret i Berlin, 14. desember 2025.  Foto: RALF HIRSCHBERGER \/ AFP \/ NTB<\/p>\n<p class=\"_paragraph_o9xde_4 _paragraph_xtcu6_10 layout-component text-serif-m layout-normal text-serif-m layout-padded\">Han sier artikkel 5-lignende sikkerhetsgarantier fra USA, europeiske land, og andre land som Canada og Japan, er en mulighet for \u00e5 hindre enda en russisk invasjon.<\/p>\n<p class=\"_paragraph_o9xde_4 _paragraph_xtcu6_10 layout-component text-serif-m layout-normal text-serif-m layout-padded\">\u2013 Og det er allerede et kompromiss fra v\u00e5r side, sa han og la til at sikkerhetsgarantiene burde v\u00e6re juridisk bindende.<\/p>\n<p class=\"_paragraph_o9xde_4 _paragraph_xtcu6_10 layout-component text-serif-m layout-normal text-serif-m layout-padded\">USAs spesialutsending Steve Witkoff har s\u00f8ndag ankommet Berlin sammen med president Donald Trumps svigers\u00f8nn Jared Kushner til samtalene i den tyske hovedstaden. <\/p>\n<p class=\"_paragraph_o9xde_4 _paragraph_xtcu6_10 layout-component text-serif-m layout-normal text-serif-m layout-padded\">Zelenskyj har s\u00f8ndag ogs\u00e5 sagt at en v\u00e5penhvile med utgangspunkt i dagens frontlinje kan v\u00e6re en mulig l\u00f8sning.<\/p>\n","protected":false},"excerpt":{"rendered":"Ukrainas president Volodymyr Zelenskyj m\u00f8ter i dag amerikanske representanter i Berlin til nye fredssamtaler og kommer med nye&hellip;\n","protected":false},"author":2,"featured_media":113080,"comment_status":"","ping_status":"","sticky":false,"template":"","format":"standard","meta":{"footnotes":""},"categories":[12],"tags":[20,21,24,25,15,179,22,23,13,30,28,29,14,16,26,27,175,489,412,42,488,43,44,45],"class_list":{"0":"post-113079","1":"post","2":"type-post","3":"status-publish","4":"format-standard","5":"has-post-thumbnail","7":"category-verden","8":"tag-breaking-news","9":"tag-breakingnews","10":"tag-featured-news","11":"tag-featurednews","12":"tag-headlines","13":"tag-krigen-i-ukraina","14":"tag-latest-news","15":"tag-latestnews","16":"tag-news","17":"tag-no","18":"tag-norge","19":"tag-norway","20":"tag-nyheter","21":"tag-overskrifter","22":"tag-top-stories","23":"tag-topstories","24":"tag-tyskland","25":"tag-ukraina","26":"tag-utenriks","27":"tag-verden","28":"tag-volodymyr-zelenskyj","29":"tag-world","30":"tag-world-news","31":"tag-worldnews"},"share_on_mastodon":{"url":"https:\/\/pubeurope.com\/@no\/115718896169843104","error":""},"_links":{"self":[{"href":"https:\/\/www.europesays.com\/no\/wp-json\/wp\/v2\/posts\/113079","targetHints":{"allow":["GET"]}}],"collection":[{"href":"https:\/\/www.europesays.com\/no\/wp-json\/wp\/v2\/posts"}],"about":[{"href":"https:\/\/www.europesays.com\/no\/wp-json\/wp\/v2\/types\/post"}],"author":[{"embeddable":true,"href":"https:\/\/www.europesays.com\/no\/wp-json\/wp\/v2\/users\/2"}],"replies":[{"embeddable":true,"href":"https:\/\/www.europesays.com\/no\/wp-json\/wp\/v2\/comments?post=113079"}],"version-history":[{"count":0,"href":"https:\/\/www.europesays.com\/no\/wp-json\/wp\/v2\/posts\/113079\/revisions"}],"wp:featuredmedia":[{"embeddable":true,"href":"https:\/\/www.europesays.com\/no\/wp-json\/wp\/v2\/media\/113080"}],"wp:attachment":[{"href":"https:\/\/www.europesays.com\/no\/wp-json\/wp\/v2\/media?parent=113079"}],"wp:term":[{"taxonomy":"category","embeddable":true,"href":"https:\/\/www.europesays.com\/no\/wp-json\/wp\/v2\/categories?post=113079"},{"taxonomy":"post_tag","embeddable":true,"href":"https:\/\/www.europesays.com\/no\/wp-json\/wp\/v2\/tags?post=113079"}],"curies":[{"name":"wp","href":"https:\/\/api.w.org\/{rel}","templated":true}]}}