{"id":113081,"date":"2025-12-14T16:36:23","date_gmt":"2025-12-14T16:36:23","guid":{"rendered":"https:\/\/www.europesays.com\/no\/113081\/"},"modified":"2025-12-14T16:36:23","modified_gmt":"2025-12-14T16:36:23","slug":"forskere-har-sett-pa-sammenhengen-mellom-overgangsalder-og-miljogifter-funnene-overrasker-dem-ikke","status":"publish","type":"post","link":"https:\/\/www.europesays.com\/no\/113081\/","title":{"rendered":"Forskere har sett p\u00e5 sammenhengen mellom overgangsalder og milj\u00f8gifter. Funnene overrasker dem ikke."},"content":{"rendered":"<p><img decoding=\"async\" class=\"image-asset hyperion-css-n6kkq1\" data-test-tag=\"image-asset\" src=\"https:\/\/www.europesays.com\/no\/wp-content\/uploads\/2025\/12\/302d7596-a8b1-4b64-a151-dad9d62f142b\"  alt=\"\"  fetchpriority=\"auto\" style=\"aspect-ratio:1900 \/ 1266\"\/><img decoding=\"async\" class=\"image-asset hyperion-css-n6kkq1\" data-test-tag=\"image-asset\" src=\"https:\/\/www.europesays.com\/no\/wp-content\/uploads\/2025\/12\/732508c3-5bd3-4718-932f-1c61c4349711\"  alt=\"\"  fetchpriority=\"auto\" style=\"aspect-ratio:1900 \/ 1266\"\/><\/p>\n<p>Laila Lovise Bj\u00f8lgerud hadde v\u00e6rt gjennom fem spontanaborter.<\/p>\n<p>N\u00e5 skulle hun endelig bli mamma.<\/p>\n<p>Men Viljar d\u00f8de i magen hennes.<\/p>\n<p>F\u00f8rst flere \u00e5r senere forsto hun \u00e5rsaken til alle problemene og plagene: Hun var i overgangsalderen, bare 38 \u00e5r gammel.<\/p>\n<p class=\"extendedContent hyperion-css-1d7p9lm\" data-test-tag=\"lead-text\">\u2013 Funnene indikerer at fertiliteten v\u00e5r er s\u00e5rbar for milj\u00f8et, sier lege og forsker.<\/p>\n<p>Publisert: Publisert: <\/p>\n<p>For mindre enn 2 timer siden<\/p>\n<p class=\"hyperion-css-1qm9e9t\">Les hele saken med abonnement<\/p>\n<p>Allerede abonnent? Logg inn<\/p>\n","protected":false},"excerpt":{"rendered":"Laila Lovise Bj\u00f8lgerud hadde v\u00e6rt gjennom fem spontanaborter. N\u00e5 skulle hun endelig bli mamma. Men Viljar d\u00f8de i&hellip;\n","protected":false},"author":2,"featured_media":113082,"comment_status":"","ping_status":"","sticky":false,"template":"","format":"standard","meta":{"footnotes":""},"categories":[10],"tags":[20,21,24,25,15,22,23,13,30,28,29,14,16,26,27],"class_list":{"0":"post-113081","1":"post","2":"type-post","3":"status-publish","4":"format-standard","5":"has-post-thumbnail","7":"category-norge","8":"tag-breaking-news","9":"tag-breakingnews","10":"tag-featured-news","11":"tag-featurednews","12":"tag-headlines","13":"tag-latest-news","14":"tag-latestnews","15":"tag-news","16":"tag-no","17":"tag-norge","18":"tag-norway","19":"tag-nyheter","20":"tag-overskrifter","21":"tag-top-stories","22":"tag-topstories"},"share_on_mastodon":{"url":"https:\/\/pubeurope.com\/@no\/115718900022563621","error":""},"_links":{"self":[{"href":"https:\/\/www.europesays.com\/no\/wp-json\/wp\/v2\/posts\/113081","targetHints":{"allow":["GET"]}}],"collection":[{"href":"https:\/\/www.europesays.com\/no\/wp-json\/wp\/v2\/posts"}],"about":[{"href":"https:\/\/www.europesays.com\/no\/wp-json\/wp\/v2\/types\/post"}],"author":[{"embeddable":true,"href":"https:\/\/www.europesays.com\/no\/wp-json\/wp\/v2\/users\/2"}],"replies":[{"embeddable":true,"href":"https:\/\/www.europesays.com\/no\/wp-json\/wp\/v2\/comments?post=113081"}],"version-history":[{"count":0,"href":"https:\/\/www.europesays.com\/no\/wp-json\/wp\/v2\/posts\/113081\/revisions"}],"wp:featuredmedia":[{"embeddable":true,"href":"https:\/\/www.europesays.com\/no\/wp-json\/wp\/v2\/media\/113082"}],"wp:attachment":[{"href":"https:\/\/www.europesays.com\/no\/wp-json\/wp\/v2\/media?parent=113081"}],"wp:term":[{"taxonomy":"category","embeddable":true,"href":"https:\/\/www.europesays.com\/no\/wp-json\/wp\/v2\/categories?post=113081"},{"taxonomy":"post_tag","embeddable":true,"href":"https:\/\/www.europesays.com\/no\/wp-json\/wp\/v2\/tags?post=113081"}],"curies":[{"name":"wp","href":"https:\/\/api.w.org\/{rel}","templated":true}]}}