{"id":113087,"date":"2025-12-14T16:42:18","date_gmt":"2025-12-14T16:42:18","guid":{"rendered":"https:\/\/www.europesays.com\/no\/113087\/"},"modified":"2025-12-14T16:42:18","modified_gmt":"2025-12-14T16:42:18","slug":"fra-snowboardulykke-til-bryllup-pa-egne-ben","status":"publish","type":"post","link":"https:\/\/www.europesays.com\/no\/113087\/","title":{"rendered":"Fra snowboardulykke til bryllup p\u00e5 egne ben"},"content":{"rendered":"<p class=\"kicker \" style=\"\">Lexie m\u00e5tte amputere begge bena<\/p>\n<p>  En innsamling blant venner og fremmede gjorde at Lexie fikk proteser som hun klarte \u00e5 g\u00e5 p\u00e5 uten smerter.<\/p>\n<p>\n    LYKKELIGE: Lexie og Zach p\u00e5 bryllupsdagen sin. Hun fikk st\u00f8tte til nye proteser \u2013 som gjorde at hun sto p\u00e5 egne ben da hun ble gift! Foto: NTB\n  <\/p>\n<p>Da Lexie Bader (29) skulle gifte seg med Zach Heyne (27), var hun fast bestemt p\u00e5 \u00e9n ting: Hun skulle g\u00e5 ned kirkegulvet p\u00e5 egne ben. <\/p>\n<p>    <a itemprop=\"url\" href=\"https:\/\/www.seher.no\/sterke-historier\/satser-pa-at-legene-oppdager-en-kur\/83695711\" rel=\"nofollow noopener\" target=\"_blank\"><\/p>\n<p>        <img loading=\"lazy\" decoding=\"async\" src=\"https:\/\/www.europesays.com\/no\/wp-content\/uploads\/2025\/12\/83695723.webp\" width=\"147\" height=\"98\" title=\"- Satser p\u00e5 at legene oppdager en kur\" alt=\"\" class=\"lazyload\" style=\"--aspect-ratio-image: 1.50; \"\/><\/p>\n<p>        &#8211; Satser p\u00e5 at legene oppdager en kur<\/p>\n<p>    <\/a><\/p>\n<p class=\"font-weight-bold m-font-weight-bold\" data-lab-font_weight=\"font-weight-bold\">To uker f\u00f8r bryllupet fikk hun nye proteser.<\/p>\n<p>&#8211; Jeg ville st\u00e5 ved siden av mannen min, danse og g\u00e5 ned midtgangen. Jeg hadde ikke lyst til \u00e5 rulle opp til ham i rullestol, forteller hun til nyhetsbyr\u00e5et SWNS.<\/p>\n<p>        <img loading=\"lazy\" decoding=\"async\" src=\"https:\/\/www.europesays.com\/no\/wp-content\/uploads\/2025\/12\/83937837.webp\" width=\"686\" height=\"892\" title=\"I RULLESTOL: Sterke nervesmerter gjorde at Lexie m\u00e5tte amputere bena. Protesene hun fikk gjorde s\u00e5 vondt at hun ikke orket \u00e5 bruke dem. Foto: NTB\" alt=\"\" class=\"\" style=\"--aspect-ratio-image: 0.77; \"\/><\/p>\n<p>\n        I RULLESTOL: Sterke nervesmerter gjorde at Lexie m\u00e5tte amputere bena. Protesene hun fikk gjorde s\u00e5 vondt at hun ikke orket \u00e5 bruke dem. Foto: NTB\n    <\/p>\n<p>Mange operasjoner\t<\/p>\n<p>Lexie er fra Colorado i USA, og det var en snowboardulykke i 2012 som var starten p\u00e5 alt vondt.<\/p>\n<p>Lexie traff et tre i Eldora i Colorado, og knuste venstre fot. Etter det fulgte nesten et ti\u00e5r med operasjoner og behandlinger.<\/p>\n<p>    <a itemprop=\"url\" href=\"https:\/\/www.seher.no\/sterke-historier\/var-dod-i-31-minutter\/83696402\" rel=\"nofollow noopener\" target=\"_blank\"><\/p>\n<p>        <img loading=\"lazy\" decoding=\"async\" src=\"https:\/\/www.europesays.com\/no\/wp-content\/uploads\/2025\/12\/1765730532_202_83696410.webp\" width=\"147\" height=\"98\" title=\"Var d\u00f8d i 31 minutter\" alt=\"\" class=\"lazyload\" style=\"--aspect-ratio-image: 1.50; \"\/><\/p>\n<p>        Var d\u00f8d i 31 minutter<\/p>\n<p>    <\/a><\/p>\n<p class=\"font-weight-bold m-font-weight-bold\" data-lab-font_weight=\"font-weight-bold\">&#8211; Jeg m\u00e5tte gjennomg\u00e5 mer enn 30 store operasjoner \u00e5 pr\u00f8ve \u00e5 fikse det, forteller hun.<\/p>\n<p>        T\u00c5RER: Danby Chor r\u00f8k ut av \u00abSkal vi danse\u00bb. Dansepartner Norunn Ringvoll tok til t\u00e5rene etter sjokkexiten. Video: Karolina Grace Rusov-Hansen \/ Sanne Holt.<\/p>\n<p>Samtidig utviklet hun CRPS &#8211; kompleks regionalt smertesyndrom &#8211; en sjelden nervelidelse uten kjent kur. CRPS gjorde at hun hadde en intens, brennende smerte i benet. Uansett hva hun fors\u00f8kte, gikk den ikke over.<\/p>\n<p>        DATER: Martine Lunde har begynt \u00e5 ta dating livet seri\u00f8st, noe som satt langt inne for henne. Video: Nora Skavhaug \/ R\u00f8d L\u00f8per <\/p>\n<p>I 2019 tok hun en dramatisk avgj\u00f8relse.<\/p>\n<p class=\"font-weight-bold m-font-weight-bold\" data-lab-font_weight=\"font-weight-bold\">&#8211; Jeg ba legene om \u00e5 amputere benet mitt for at jeg skulle kunne f\u00e5 et bedre liv, sier hun til SWNS.<\/p>\n<p>    <a itemprop=\"url\" href=\"https:\/\/www.seher.no\/sterke-historier\/hjemme-etter-230-dager-pa-sykehus\/83817443\" rel=\"nofollow noopener\" target=\"_blank\"><\/p>\n<p>        <img loading=\"lazy\" decoding=\"async\" src=\"https:\/\/www.europesays.com\/no\/wp-content\/uploads\/2025\/12\/83817463.webp\" width=\"147\" height=\"98\" title=\"Hjemme etter 230 dager p\u00e5 sykehus\" alt=\"\" class=\"lazyload\" style=\"--aspect-ratio-image: 1.50; \"\/><\/p>\n<p>        Hjemme etter 230 dager p\u00e5 sykehus<\/p>\n<p>    <\/a><\/p>\n<p>Men det var ikke nok\t<\/p>\n<p>Sykdommen spredte seg til det andre benet. I januar 2021 ble det ogs\u00e5 amputert. P\u00e5 denne tiden tok Lexie kontakt med Zach.\u00a0<\/p>\n<p>De hadde m\u00f8ttes p\u00e5 datingappen Bumble fire \u00e5r tidligere, og hadde en felles kj\u00e6rlighet til friluftsliv.<\/p>\n<p>        BUNNPUNKT: Semifinalist Tiril Eckhoff avsl\u00f8rer t\u00e5rev\u00e5tt sammenbrudd, og hva som fikk henne til \u00e5 kjefte p\u00e5 dansepartneren Santino Mirenna. Reporter: Sanne Holt. Video: \u00abSkal vi danse\u00bb\/ TV 2\/ Sanne Holt\/ R\u00f8d L\u00f8per<\/p>\n<p>&#8211; Han drev med terrengsykling, snowboard, camping, fisking og rafting. Vi var interessert i akkurat de samme tingene, sier Lexie til SWNS.<\/p>\n<p>Derfor inviterte hun ham p\u00e5 date. De m\u00f8ttes p\u00e5 restauranten Buffalo Wild Wings, og Lexie satt i rullestol. Det brydde Zach seg ikke noe om.<\/p>\n<p class=\"font-weight-bold m-font-weight-bold\" data-lab-font_weight=\"font-weight-bold\">Forholdet ble raskt seri\u00f8st, og i fjor fridde Zach til Lexie mens de var p\u00e5 ferie p\u00e5 Sandals Resort p\u00e5 Jamaica.<\/p>\n<p>    <a itemprop=\"url\" href=\"https:\/\/www.seher.no\/sterke-historier\/giftet-seg-etter-60-ar\/83831465\" rel=\"nofollow noopener\" target=\"_blank\"><\/p>\n<p>        <img loading=\"lazy\" decoding=\"async\" src=\"https:\/\/www.europesays.com\/no\/wp-content\/uploads\/2025\/12\/83831470.webp\" width=\"980\" height=\"441\" title=\"Giftet seg etter 60 \u00e5r\" alt=\"\" class=\"lazyload\" style=\"--aspect-ratio-image: 2.22; \"\/><\/p>\n<p>        Giftet seg etter 60 \u00e5r<\/p>\n<p>    <\/a><\/p>\n<p>Hun sa selvsagt ja. <\/p>\n<p>Lexie hadde f\u00e5tt et par proteser dekket av helseforsikringen sin, men de var ikke behagelige \u00e5 g\u00e5 med. Etter hvert begynte de \u00e5 gj\u00f8re vondt for hvert et skritt hun gikk. I tillegg gikk de stadig i stykker, og hun m\u00e5tte teipe dem sammen med gaffateip. Forsikringen dekket ikke et nytt par. <\/p>\n<p>        DEBATT: Kongehusekspert Caroline Vagle mener det ville v\u00e6rt et positivt trekk for kongehuset om prins Sverre Magnus ble fulltidsprins. Reporter: Caroline Vagle. Video: Kine Falch<\/p>\n<p>\u00a0Lexie begynte \u00e5 sitte i rullestolen igjen, men ble r\u00f8rt da venner og familie satte igang en innsamling for henne. <\/p>\n<p>Nye proteser kostet rundt 400 000 kroner. Vennene fikk inn 50 000, og resten ville foreningen Limbs for Life Foundation stille opp med. <\/p>\n<p>Lexie trodde ikke sine egne \u00f8rer.<\/p>\n<p>    <a itemprop=\"url\" href=\"https:\/\/www.seher.no\/sterke-historier\/med-hap-om-en-fremtid\/83903169\" rel=\"nofollow noopener\" target=\"_blank\"><\/p>\n<p>        <img loading=\"lazy\" decoding=\"async\" src=\"https:\/\/www.europesays.com\/no\/wp-content\/uploads\/2025\/12\/83903187.webp\" width=\"980\" height=\"441\" title=\"Med h\u00e5p om en fremtid\" alt=\"\" class=\"lazyload\" style=\"--aspect-ratio-image: 2.22; \"\/><\/p>\n<p>        Med h\u00e5p om en fremtid<\/p>\n<p>    <\/a><\/p>\n<p>&#8211; Jeg trodde at det var noen som ville lure meg, forteller hun.<\/p>\n<p>To uker f\u00f8r vielsen fikk hun de nye protesene. Og p\u00e5 selve dagen kom den store pr\u00f8ven: \u00e5 g\u00e5 ned midtgangen.<\/p>\n<p>        <img loading=\"lazy\" decoding=\"async\" src=\"https:\/\/www.europesays.com\/no\/wp-content\/uploads\/2025\/12\/83937841.webp\" width=\"686\" height=\"824\" title=\"VENNENE HEIET: Lexie og Zach n\u00e6rmest danset seg ned midtgangen etter \u00e5 ha sagt ja til hverandre. \u2013 Tenk at jeg kunne g\u00e5 der uten \u00e5 ha vondt! Det var et mirakel, sier Lexie. Foto: NTB\" alt=\"\" class=\"\" style=\"--aspect-ratio-image: 0.83; \"\/><\/p>\n<p>\n        VENNENE HEIET: Lexie og Zach n\u00e6rmest danset seg ned midtgangen etter \u00e5 ha sagt ja til hverandre. \u2013 Tenk at jeg kunne g\u00e5 der uten \u00e5 ha vondt! Det var et mirakel, sier Lexie. Foto: NTB\n    <\/p>\n<p>&#8211; Jeg var helt overveldet fordi jeg ikke fikk s\u00e5r, og jeg haltet ikke, sier hun til SWNS.<\/p>\n<p>        TABBE: Det gikk ikke helt som planlagt for dommer Merete Lingj\u00e6rde da hun skulle si navnet p\u00e5 en av danserne under kveldens \u00abSkal vi danse\u00bb. Dette sier hun etter glippen. Video: Karolina Grace Rusov-Hansen. Video: Sanne Holt.<\/p>\n<p>Bruden n\u00e6rmest danset seg opp og ned midtgangen. <\/p>\n<p>    <a itemprop=\"url\" href=\"https:\/\/www.seher.no\/sterke-historier\/la-tre-ar-i-sykesenga\/83689022\" rel=\"nofollow noopener\" target=\"_blank\"><\/p>\n<p>        <img loading=\"lazy\" decoding=\"async\" src=\"https:\/\/www.europesays.com\/no\/wp-content\/uploads\/2025\/12\/83689058.webp\" width=\"147\" height=\"98\" title=\"L\u00e5 tre \u00e5r i sykesenga\" alt=\"\" class=\"lazyload\" style=\"--aspect-ratio-image: 1.50; \"\/><\/p>\n<p>        L\u00e5 tre \u00e5r i sykesenga<\/p>\n<p>    <\/a><\/p>\n<p>N\u00e5 dr\u00f8mmer de om \u00e5 stifte familie, og vil fortsette \u00e5 nyte livet. Og med protesene som ikke gj\u00f8r vondt, kan Lexie oppn\u00e5 like mye n\u00e5 som f\u00f8r ulykken.<\/p>\n","protected":false},"excerpt":{"rendered":"Lexie m\u00e5tte amputere begge bena En innsamling blant venner og fremmede gjorde at Lexie fikk proteser som hun&hellip;\n","protected":false},"author":2,"featured_media":113088,"comment_status":"","ping_status":"","sticky":false,"template":"","format":"standard","meta":{"footnotes":""},"categories":[12],"tags":[20,21,4104,24,25,15,22,23,13,30,28,29,14,16,4291,26,27,42,43,44,45],"class_list":{"0":"post-113087","1":"post","2":"type-post","3":"status-publish","4":"format-standard","5":"has-post-thumbnail","7":"category-verden","8":"tag-breaking-news","9":"tag-breakingnews","10":"tag-eksklusivt","11":"tag-featured-news","12":"tag-featurednews","13":"tag-headlines","14":"tag-latest-news","15":"tag-latestnews","16":"tag-news","17":"tag-no","18":"tag-norge","19":"tag-norway","20":"tag-nyheter","21":"tag-overskrifter","22":"tag-sterke-historier","23":"tag-top-stories","24":"tag-topstories","25":"tag-verden","26":"tag-world","27":"tag-world-news","28":"tag-worldnews"},"share_on_mastodon":{"url":"https:\/\/pubeurope.com\/@no\/115718923739791973","error":""},"_links":{"self":[{"href":"https:\/\/www.europesays.com\/no\/wp-json\/wp\/v2\/posts\/113087","targetHints":{"allow":["GET"]}}],"collection":[{"href":"https:\/\/www.europesays.com\/no\/wp-json\/wp\/v2\/posts"}],"about":[{"href":"https:\/\/www.europesays.com\/no\/wp-json\/wp\/v2\/types\/post"}],"author":[{"embeddable":true,"href":"https:\/\/www.europesays.com\/no\/wp-json\/wp\/v2\/users\/2"}],"replies":[{"embeddable":true,"href":"https:\/\/www.europesays.com\/no\/wp-json\/wp\/v2\/comments?post=113087"}],"version-history":[{"count":0,"href":"https:\/\/www.europesays.com\/no\/wp-json\/wp\/v2\/posts\/113087\/revisions"}],"wp:featuredmedia":[{"embeddable":true,"href":"https:\/\/www.europesays.com\/no\/wp-json\/wp\/v2\/media\/113088"}],"wp:attachment":[{"href":"https:\/\/www.europesays.com\/no\/wp-json\/wp\/v2\/media?parent=113087"}],"wp:term":[{"taxonomy":"category","embeddable":true,"href":"https:\/\/www.europesays.com\/no\/wp-json\/wp\/v2\/categories?post=113087"},{"taxonomy":"post_tag","embeddable":true,"href":"https:\/\/www.europesays.com\/no\/wp-json\/wp\/v2\/tags?post=113087"}],"curies":[{"name":"wp","href":"https:\/\/api.w.org\/{rel}","templated":true}]}}