{"id":113089,"date":"2025-12-14T16:43:11","date_gmt":"2025-12-14T16:43:11","guid":{"rendered":"https:\/\/www.europesays.com\/no\/113089\/"},"modified":"2025-12-14T16:43:11","modified_gmt":"2025-12-14T16:43:11","slug":"nyhet-brann-brann-i-sentrumsleilighet","status":"publish","type":"post","link":"https:\/\/www.europesays.com\/no\/113089\/","title":{"rendered":"Nyhet, Brann | Brann i sentrumsleilighet"},"content":{"rendered":"\n<p>Framme p\u00e5 stedet kunne brannvesenet konstatere at det brant.<\/p>\n<p>Ingen personer har kommet til skade etter brannen.<\/p>\n<p>\u2013 Det var r\u00f8ykutvikling inne i en leilighet p\u00e5 stedet der. Vi fikk slukket, men er der fortsatt, forteller Marcus Aakre Julshamn hos \u00d8st 110-sentral til Sarpsborg Arbeiderblad.<\/p>\n<p>If\u00f8lge politiet skal brannen ha startet p\u00e5 et bord inne i en leilighet.<\/p>\n<p>Huset har totalt seks boenheter, og det er registrert seks personer bosatt i huset, f\u00e5r SA opplyst.<\/p>\n<p>   <img decoding=\"async\" width=\"5712\" height=\"4284\" fetchpriority=\"low\"  loading=\"lazy\"  src=\"https:\/\/www.europesays.com\/no\/wp-content\/uploads\/2025\/12\/1765730591_864_photo.jpg\" alt=\"Brann, Oscars gate, Pellygata, leilighet, brannbil, 14.12.2025\" class=\"brick-c-cFOWSL\" style=\"--brick-image-ratio: 5712 \/ 4284;\"\/><\/p>\n<p>      Politiet rykket ut til brannstedet etter \u00e5 ha blitt varslet om brannen via \u00d8st 110-sentral.<br \/>\n      Foto: Vetle Granath Magelssen\n    <\/p>\n<p>\u2013 Brannvesenet kom seg inn og har f\u00e5tt fjernet det som brant. Jeg vet ikke akkurat hva det er, men det skal ha v\u00e6rt gjenglemt noe p\u00e5 et bord som har antent. Brannen fikk ikke spredt seg videre til noe av bygningsmassen, forteller operasjonsleder H\u00e5kon Nilsen i \u00d8st politidistrikt.<\/p>\n<p>Leiligheten framst\u00e5r ubeboelig p\u00e5 grunn av r\u00f8yken, og politiet har varslet kommunen.<\/p>\n<p>\u2013 Det er ikke meldt om noen skadde som f\u00f8lge av brannen, legger Nilsen til.<\/p>\n<p>Brannvesenet er fortsatt p\u00e5 stedet ved 17-tiden for \u00e5 lufte ut.<\/p>\n<p>\u2013 Det opprettes en anmeldelse etter brannen, bekrefter Nilsen.<\/p>\n","protected":false},"excerpt":{"rendered":"Framme p\u00e5 stedet kunne brannvesenet konstatere at det brant. Ingen personer har kommet til skade etter brannen. \u2013&hellip;\n","protected":false},"author":2,"featured_media":113090,"comment_status":"","ping_status":"","sticky":false,"template":"","format":"standard","meta":{"footnotes":""},"categories":[10],"tags":[36,367,20,21,24,25,15,22,23,13,30,28,29,447,14,16,7106,1510,26,27],"class_list":{"0":"post-113089","1":"post","2":"type-post","3":"status-publish","4":"format-standard","5":"has-post-thumbnail","7":"category-norge","8":"tag-art","9":"tag-brann","10":"tag-breaking-news","11":"tag-breakingnews","12":"tag-featured-news","13":"tag-featurednews","14":"tag-headlines","15":"tag-latest-news","16":"tag-latestnews","17":"tag-news","18":"tag-no","19":"tag-norge","20":"tag-norway","21":"tag-nyhet","22":"tag-nyheter","23":"tag-overskrifter","24":"tag-sarpsborg-sentrum","25":"tag-story","26":"tag-top-stories","27":"tag-topstories"},"share_on_mastodon":{"url":"https:\/\/pubeurope.com\/@no\/115718927630615075","error":""},"_links":{"self":[{"href":"https:\/\/www.europesays.com\/no\/wp-json\/wp\/v2\/posts\/113089","targetHints":{"allow":["GET"]}}],"collection":[{"href":"https:\/\/www.europesays.com\/no\/wp-json\/wp\/v2\/posts"}],"about":[{"href":"https:\/\/www.europesays.com\/no\/wp-json\/wp\/v2\/types\/post"}],"author":[{"embeddable":true,"href":"https:\/\/www.europesays.com\/no\/wp-json\/wp\/v2\/users\/2"}],"replies":[{"embeddable":true,"href":"https:\/\/www.europesays.com\/no\/wp-json\/wp\/v2\/comments?post=113089"}],"version-history":[{"count":0,"href":"https:\/\/www.europesays.com\/no\/wp-json\/wp\/v2\/posts\/113089\/revisions"}],"wp:featuredmedia":[{"embeddable":true,"href":"https:\/\/www.europesays.com\/no\/wp-json\/wp\/v2\/media\/113090"}],"wp:attachment":[{"href":"https:\/\/www.europesays.com\/no\/wp-json\/wp\/v2\/media?parent=113089"}],"wp:term":[{"taxonomy":"category","embeddable":true,"href":"https:\/\/www.europesays.com\/no\/wp-json\/wp\/v2\/categories?post=113089"},{"taxonomy":"post_tag","embeddable":true,"href":"https:\/\/www.europesays.com\/no\/wp-json\/wp\/v2\/tags?post=113089"}],"curies":[{"name":"wp","href":"https:\/\/api.w.org\/{rel}","templated":true}]}}