{"id":113093,"date":"2025-12-14T16:45:17","date_gmt":"2025-12-14T16:45:17","guid":{"rendered":"https:\/\/www.europesays.com\/no\/113093\/"},"modified":"2025-12-14T16:45:17","modified_gmt":"2025-12-14T16:45:17","slug":"stjernekjaeresten-krever-ol-plass-etter-sensasjonsseieren","status":"publish","type":"post","link":"https:\/\/www.europesays.com\/no\/113093\/","title":{"rendered":"Stjernekj\u00e6resten krever OL-plass etter sensasjonsseieren"},"content":{"rendered":"<p>Den norske sensasjonen Karoline Simpson-Larsen slo resten av feltet og tok en knallsterk seier p\u00e5 ti kilometer fristil.<\/p>\n<p class=\"bold m-bold\" data-lab-font_weight=\"bold\">\u2013\u00a0Jeg vet ikke om jeg klarer \u00e5 beskrive det. Jeg skj\u00f8nner ingenting, sier hun til Viaplay.<\/p>\n<p>28-\u00e5ringen har aldri v\u00e6rt p\u00e5 pallen i verdenscupen f\u00f8r, og gikk like s\u00e5 godt helt til topps da hun f\u00f8rst for alvor viste seg i det \u00f8verste selskap.<\/p>\n<p>\u2013\u00a0Jeg er s\u00e5 imponert over Karoline Simpson Larsen, som har jobbet knallhardt i mange, mange \u00e5r. En snakker ofte om fortjente seiere i idretten, men denne er i hvert fall av det fortjente slaget, applauderer TV 2s langrennsekspert Petter Soleng Skinstad.<\/p>\n<p class=\"bold m-bold\" data-lab-font_weight=\"bold\">\u2013\u00a0N\u00e5 b\u00f8r hun f\u00e5 klarsignal til denne \u00f8velsen i OL allerede i morgen, fortsetter han.<\/p>\n<p>Hun vant to sekunder foran svenske Moa Ilar.\u00a0<\/p>\n<p>Tredjeplassen tok Astrid \u00d8yre Slind \u00e9n tidel bak svensken.<\/p>\n<p>        <img class=\"image__img lazyload\" itemprop=\"image\" title=\"Foto: Maxim Thore \/ BILDBYR\u00c5N\" alt=\"IMPONERENDE: Simpson-Larsen overrasket \u00aballe\u00bb i l\u00f8ypen. Foto: Maxim Thore \/ BILDBYR\u00c5N\" width=\"675\" height=\"379\" bad-src=\"https:\/\/www.europesays.com\/no\/wp-content\/uploads\/2025\/12\/18384057.webp\" fetchpriority=\"auto\" \/><\/p>\n<p>      IMPONERENDE: Simpson-Larsen overrasket \u00aballe\u00bb i l\u00f8ypen.<br \/>\n         Foto: Maxim Thore \/ BILDBYR\u00c5N<\/p>\n<p>Samboeren krever OL-plass<\/p>\n<p class=\"bold m-bold\" data-lab-font_weight=\"bold\">\u2013 Det er tullete. Det g\u00e5r over all forventning n\u00e5, sier samboeren Johan-Olav Botn.<\/p>\n<p>Han fikk med seg sensasjonsl\u00f8pet etter \u00e5 ha selv v\u00e6rt med p\u00e5 <a href=\"https:\/\/www.tv2.no\/sport\/rasterk-norsk-stafett-seier-i-hochfilzen\/18383653\/\" rel=\"nofollow noopener\" target=\"_blank\">stafettseier <\/a>for Norge i Hochfilzen.<\/p>\n<p>\u2013 Jeg synes det er ekstremt morsomt at begge f\u00e5r det til samtidig.<\/p>\n<p>Simpson-Larsen ringte samboeren med en gang hun kom i m\u00e5l.<\/p>\n<p>\u2013 Jeg sa ikke s\u00e5 veldig mye som ga mening. Jeg sa hun var flink og at jeg var stolt av henne.<\/p>\n<p class=\"italic m-italic\" data-lab-font_weight=\"\" data-lab-italic=\"italic\">\u2013 Hva tenker du om hennes OL-kandidatur n\u00e5?<\/p>\n<p>\u2013 Det er klink at hun skal g\u00e5 OL. Det er ikke tvil. Hvis ikke Sjur Ole (Svarstad, landslagstrener) tar henne ut skal jeg ringe ham i morgen og snakke til ham &#8211; nordfjording til nordfjording. <\/p>\n","protected":false},"excerpt":{"rendered":"Den norske sensasjonen Karoline Simpson-Larsen slo resten av feltet og tok en knallsterk seier p\u00e5 ti kilometer fristil.&hellip;\n","protected":false},"author":2,"featured_media":113094,"comment_status":"","ping_status":"","sticky":false,"template":"","format":"standard","meta":{"footnotes":""},"categories":[59],"tags":[30,28,29,83,82],"class_list":{"0":"post-113093","1":"post","2":"type-post","3":"status-publish","4":"format-standard","5":"has-post-thumbnail","7":"category-sport","8":"tag-no","9":"tag-norge","10":"tag-norway","11":"tag-sport","12":"tag-sports"},"share_on_mastodon":{"url":"https:\/\/pubeurope.com\/@no\/115718935407902530","error":""},"_links":{"self":[{"href":"https:\/\/www.europesays.com\/no\/wp-json\/wp\/v2\/posts\/113093","targetHints":{"allow":["GET"]}}],"collection":[{"href":"https:\/\/www.europesays.com\/no\/wp-json\/wp\/v2\/posts"}],"about":[{"href":"https:\/\/www.europesays.com\/no\/wp-json\/wp\/v2\/types\/post"}],"author":[{"embeddable":true,"href":"https:\/\/www.europesays.com\/no\/wp-json\/wp\/v2\/users\/2"}],"replies":[{"embeddable":true,"href":"https:\/\/www.europesays.com\/no\/wp-json\/wp\/v2\/comments?post=113093"}],"version-history":[{"count":0,"href":"https:\/\/www.europesays.com\/no\/wp-json\/wp\/v2\/posts\/113093\/revisions"}],"wp:featuredmedia":[{"embeddable":true,"href":"https:\/\/www.europesays.com\/no\/wp-json\/wp\/v2\/media\/113094"}],"wp:attachment":[{"href":"https:\/\/www.europesays.com\/no\/wp-json\/wp\/v2\/media?parent=113093"}],"wp:term":[{"taxonomy":"category","embeddable":true,"href":"https:\/\/www.europesays.com\/no\/wp-json\/wp\/v2\/categories?post=113093"},{"taxonomy":"post_tag","embeddable":true,"href":"https:\/\/www.europesays.com\/no\/wp-json\/wp\/v2\/tags?post=113093"}],"curies":[{"name":"wp","href":"https:\/\/api.w.org\/{rel}","templated":true}]}}