{"id":113099,"date":"2025-12-14T16:50:13","date_gmt":"2025-12-14T16:50:13","guid":{"rendered":"https:\/\/www.europesays.com\/no\/113099\/"},"modified":"2025-12-14T16:50:13","modified_gmt":"2025-12-14T16:50:13","slug":"kvinne-funnet-dod-i-telemark","status":"publish","type":"post","link":"https:\/\/www.europesays.com\/no\/113099\/","title":{"rendered":"Kvinne funnet d\u00f8d i Telemark"},"content":{"rendered":"\n<p class=\"_lead_o9xde_2 _lead_xtcu6_50 layout-component text-serif-m layout-normal text-serif-l layout-component layout-wide layout-padded _wide_17hqh_1 layout-padded\">S\u00f8r-\u00d8st politidistrikt bekrefter til VG at kvinnen som er funnet har v\u00e6rt savnet siden november. <\/p>\n<p><img alt=\"OMFATTENDE LETEAKSJON: Politiet ser funnet i sammenheng med s\u00f8ket som p\u00e5gikk i omr\u00e5det.  Foto: Naina Hel\u00e9n J\u00e5ma \/ VG\" class=\"_image_qp4xg_65 layout-component layout-wide\" data-fullscreen- data-track-element-type=\"Article image fullscreen\" data-track-name=\"ImageFullscreen\" fetchpriority=\"high\" decoding=\"sync\" loading=\"eager\" height=\"5504\" itemprop=\"image\"  src=\"https:\/\/www.europesays.com\/no\/wp-content\/uploads\/2025\/12\/53bbc60f-5309-46b3-8e4b-8e3ddc0540a1\"  style=\"object-position:0% 0%\" width=\"8256\"\/>OMFATTENDE LETEAKSJON: Politiet ser funnet i sammenheng med s\u00f8ket som p\u00e5gikk i omr\u00e5det.  Foto: Naina Hel\u00e9n J\u00e5ma \/ VG<\/p>\n<ul aria-hidden=\"true\" class=\"_images_ntbth_112\">\n<li><a class=\"_link_ntbth_117\" href=\"https:\/\/www.vg.no\/forfatter\/signe-rosenlund-hauglid\" style=\"z-index:1\" title=\"Signe Rosenlund-Hauglid\" rel=\"nofollow noopener\" target=\"_blank\"><img alt=\"Bilde av Signe Rosenlund-Hauglid\" class=\"_image_ntbth_93\" fetchpriority=\"low\" loading=\"lazy\" decoding=\"async\" itemprop=\"image\"  src=\"https:\/\/www.europesays.com\/no\/wp-content\/uploads\/2025\/12\/1765731010_66_65e9df60-b046-4add-b7dd-10f1cf4fbd21\"  width=\"480\"\/><\/a><\/li>\n<\/ul>\n<p> Oppdatert s\u00f8ndag 14. desember kl. 17:48     <\/p>\n<p class=\"_paragraph_o9xde_4 _paragraph_xtcu6_10 layout-component text-serif-m layout-normal text-serif-m layout-padded\">Kvinnen er funnet i Dalen i Telemark. Hun har v\u00e6rt savnet etter at hun ikke kom hjem fra en treningstur l\u00f8rdag 29. november. Bilen hennes <a href=\"https:\/\/www.vg.no\/nyheter\/i\/d453PB\/fant-bilen-her-hvis-noen-skal-klare-seg-ute-er-det-henne\" data-track-element-type=\"Link\" data-track-id=\"link:d453PB\" class=\"_link_o9xde_39\" rel=\"nofollow noopener\" target=\"_blank\">ble senere funnet i n\u00e6rheten av omr\u00e5det<\/a>. <\/p>\n<p class=\"_paragraph_o9xde_4 _paragraph_xtcu6_10 layout-component text-serif-m layout-normal text-serif-m layout-padded\">\u2013 Funnstedet ligger i et sv\u00e6rt krevende terreng og det planlegges \u00e5 hente ut personen ved bruk av luftressurser, skriver operasjonsleder Lise Bj\u00f8rnsund i politiloggen. <\/p>\n<p class=\"_paragraph_o9xde_4 _paragraph_xtcu6_10 layout-component text-serif-m layout-normal text-serif-m layout-padded\">Kvinnen ble oppdaget av et politihelikopter som fl\u00f8y over omr\u00e5det s\u00f8ndag. <\/p>\n<p class=\"_paragraph_o9xde_4 _paragraph_xtcu6_10 layout-component text-serif-m layout-normal text-serif-m layout-padded\">\u2013 Vi har hatt flere flyvninger over omr\u00e5det med helikopter og drone de siste dagene, sier Bj\u00f8rnsund til VG. <\/p>\n<p class=\"_paragraph_o9xde_4 _paragraph_xtcu6_10 layout-component text-serif-m layout-normal text-serif-m layout-padded\">Det har v\u00e6rt iverksatt store s\u00f8k etter kvinnen, som er i 40-\u00e5rene. V\u00e6r og terreng <a href=\"https:\/\/www.vg.no\/nyheter\/i\/e7Wn6R\/kvinne-i-40-aarene-savnet-kom-ikke-hjem-etter-treningstur\" data-track-element-type=\"Link\" data-track-id=\"link:e7Wn6R\" class=\"_link_o9xde_39\" rel=\"nofollow noopener\" target=\"_blank\">har skapt utfordringer<\/a> for letemannskapene, og <a href=\"https:\/\/www.vg.no\/nyheter\/i\/rrpoVA\/avslutter-soeket-etter-savnet-kvinne\" data-track-element-type=\"Link\" data-track-id=\"link:rrpoVA\" class=\"_link_o9xde_39\" rel=\"nofollow noopener\" target=\"_blank\">s\u00f8ket ble meldt avsluttet<\/a> i begynnelsen av desember. <\/p>\n<p class=\"_paragraph_o9xde_4 _paragraph_xtcu6_10 layout-component text-serif-m layout-normal text-serif-m layout-padded\"><strong class=\"_strong_o9xde_25\">Les ogs\u00e5: <\/strong><a href=\"https:\/\/www.vg.no\/nyheter\/i\/XMlxwo\/leteaksjonen-i-telemark-veldig-vanskelig-aa-gi-opp\" data-track-element-type=\"Link\" data-track-id=\"link:XMlxwo\" class=\"_link_o9xde_39\" rel=\"nofollow noopener\" target=\"_blank\">\u2013 Veldig vanskelig \u00e5 gi opp <\/a><\/p>\n<p><img alt=\"Foto: Naina Hel\u00e9n J\u00e5ma \/ VG\" class=\"_image_qp4xg_65 layout-component layout-normal\" data-fullscreen- data-track-element-type=\"Article image fullscreen\" data-track-name=\"ImageFullscreen\" decoding=\"async\" loading=\"lazy\" height=\"5504\" itemprop=\"image\"  src=\"https:\/\/www.europesays.com\/no\/wp-content\/uploads\/2025\/12\/e3f9b67b-8a27-4e4e-b92b-afbbbd52d6ad\"  style=\"object-position:0% 0%\" width=\"8256\"\/>Foto: Naina Hel\u00e9n J\u00e5ma \/ VG    <img decoding=\"async\" alt=\"Tips oss illustrasjon\" src=\"https:\/\/www.europesays.com\/no\/wp-content\/uploads\/2025\/10\/pssst-small.webp.webp\"\/>    <\/p>\n<p class=\"title-serif-s\">Har du tips?<\/p>\n<p class=\"text-sans-m\">Send oss informasjon, bilder eller video.<\/p>\n<p>  <a href=\"https:\/\/www.vg.no\/tips-oss\" rel=\"nofollow noopener\" target=\"_blank\"> Tips oss <\/a>      <\/p>\n","protected":false},"excerpt":{"rendered":"S\u00f8r-\u00d8st politidistrikt bekrefter til VG at kvinnen som er funnet har v\u00e6rt savnet siden november. OMFATTENDE LETEAKSJON: Politiet&hellip;\n","protected":false},"author":2,"featured_media":113100,"comment_status":"","ping_status":"","sticky":false,"template":"","format":"standard","meta":{"footnotes":""},"categories":[10],"tags":[31,20,21,24,25,15,22,23,13,30,28,29,14,16,26,27],"class_list":{"0":"post-113099","1":"post","2":"type-post","3":"status-publish","4":"format-standard","5":"has-post-thumbnail","7":"category-norge","8":"tag-breaking","9":"tag-breaking-news","10":"tag-breakingnews","11":"tag-featured-news","12":"tag-featurednews","13":"tag-headlines","14":"tag-latest-news","15":"tag-latestnews","16":"tag-news","17":"tag-no","18":"tag-norge","19":"tag-norway","20":"tag-nyheter","21":"tag-overskrifter","22":"tag-top-stories","23":"tag-topstories"},"share_on_mastodon":{"url":"https:\/\/pubeurope.com\/@no\/115718955186647625","error":""},"_links":{"self":[{"href":"https:\/\/www.europesays.com\/no\/wp-json\/wp\/v2\/posts\/113099","targetHints":{"allow":["GET"]}}],"collection":[{"href":"https:\/\/www.europesays.com\/no\/wp-json\/wp\/v2\/posts"}],"about":[{"href":"https:\/\/www.europesays.com\/no\/wp-json\/wp\/v2\/types\/post"}],"author":[{"embeddable":true,"href":"https:\/\/www.europesays.com\/no\/wp-json\/wp\/v2\/users\/2"}],"replies":[{"embeddable":true,"href":"https:\/\/www.europesays.com\/no\/wp-json\/wp\/v2\/comments?post=113099"}],"version-history":[{"count":0,"href":"https:\/\/www.europesays.com\/no\/wp-json\/wp\/v2\/posts\/113099\/revisions"}],"wp:featuredmedia":[{"embeddable":true,"href":"https:\/\/www.europesays.com\/no\/wp-json\/wp\/v2\/media\/113100"}],"wp:attachment":[{"href":"https:\/\/www.europesays.com\/no\/wp-json\/wp\/v2\/media?parent=113099"}],"wp:term":[{"taxonomy":"category","embeddable":true,"href":"https:\/\/www.europesays.com\/no\/wp-json\/wp\/v2\/categories?post=113099"},{"taxonomy":"post_tag","embeddable":true,"href":"https:\/\/www.europesays.com\/no\/wp-json\/wp\/v2\/tags?post=113099"}],"curies":[{"name":"wp","href":"https:\/\/api.w.org\/{rel}","templated":true}]}}