{"id":113103,"date":"2025-12-14T16:52:11","date_gmt":"2025-12-14T16:52:11","guid":{"rendered":"https:\/\/www.europesays.com\/no\/113103\/"},"modified":"2025-12-14T16:52:11","modified_gmt":"2025-12-14T16:52:11","slug":"vanvittig-sisterunde-ga-kirkeeide-pallplass-takket-northug-for-tips","status":"publish","type":"post","link":"https:\/\/www.europesays.com\/no\/113103\/","title":{"rendered":"Vanvittig sisterunde ga Kirkeeide pallplass \u2013 takket Northug for tips"},"content":{"rendered":"<p data-testid=\"textWithMarkup-text\" data-v-81d7dc2b=\"\" data-v-62d58f52=\"\">Kirkeeide \u00e5pnet 15 sekunder bak Jeanmonnot fra start, men falt tidlig bakp\u00e5 med \u00e9n bom p\u00e5 hver av sine tre f\u00f8rste skyteserier. P\u00e5 siste skyting ble det derimot fem blinker rett ned, som ga et bitte lite h\u00e5p om \u00e5 kapre den siste pallplassen.<\/p>\n<p data-testid=\"textWithMarkup-text\" data-v-81d7dc2b=\"\" data-v-62d58f52=\"\">Det klarte den norske skiskytterstjernen. 3.-plassen ble sikret like foran Justine Braisaz-Bouchet og Elvira \u00d6berg, som ble hentet inn p\u00e5 Kirkeeides utrolige sisterunde.<\/p>\n<p data-testid=\"textWithMarkup-text\" data-v-81d7dc2b=\"\" data-v-62d58f52=\"\">\u2013 Vi gikk ut en god gjeng i lag, og s\u00e5 fikk jeg beskjed om at det var ti sekunder opp til 3.-plassen. Da skj\u00f8nte jeg at det ble et ordentlig rotterace, sa Kirkeeide til TV 2 og fortsatte:<\/p>\n<p data-testid=\"textWithMarkup-text\" data-v-81d7dc2b=\"\" data-v-62d58f52=\"\">\u2013 Da Justine rykket opp siste bakken, s\u00e5 visste jeg at hvis jeg klarte \u00e5 henge med opp til toppen, s\u00e5 ville jeg ha en god sjanse til \u00e5 ta henne i spurten.<\/p>\n<p data-testid=\"textWithMarkup-text\" data-v-81d7dc2b=\"\" data-v-62d58f52=\"\">Kirkeeide gikk seg opp fra 17.-plass f\u00f8r siste skyting, til \u00e5 kapre den siste pallplassen.<\/p>\n<p data-testid=\"textWithMarkup-text\" data-v-81d7dc2b=\"\" data-v-62d58f52=\"\">Den gode avslutningen takker hun den tidligere langrennsstjernen Petter Northug for.<\/p>\n<p data-testid=\"textWithMarkup-text\" data-v-81d7dc2b=\"\" data-v-62d58f52=\"\">\u2013 Jeg s\u00e5 p\u00e5 sendinga her i dag og h\u00f8rte Petter Northug sin oppskrift p\u00e5 hvordan man skulle vinne en spurt, s\u00e5 da var det bare \u00e5 f\u00f8lge den, sa en smilende glad Kirkeeide.<\/p>\n<p data-testid=\"textWithMarkup-text\" data-v-81d7dc2b=\"\" data-v-62d58f52=\"\">Seierskampen sto mellom Lou Jeanmonnot, svenske Anna Magnusson og italienske Lisa Vittozzi, som kom inn samtidig til siste skyting.<\/p>\n<p data-testid=\"textWithMarkup-text\" data-v-81d7dc2b=\"\" data-v-62d58f52=\"\">Vittozzi gikk seg opp fra 14.-plass, minuttet bak Jeanmonnot fra start, og vant etter \u00e5 ha plaffet ned alle blinker p\u00e5 siste skyting i et forrykende tempo. P\u00e5 sisterunden dro hun ifra Magnusson, som skj\u00f8t ned fem blinker litt tregere.<\/p>\n<p data-testid=\"textWithMarkup-text\" data-v-81d7dc2b=\"\" data-v-62d58f52=\"\">Jeanmonnot skj\u00f8t seg bort med to bom og falt vekk fra pallplassene. Det ga rom for et norsk supercomeback.<\/p>\n","protected":false},"excerpt":{"rendered":"Kirkeeide \u00e5pnet 15 sekunder bak Jeanmonnot fra start, men falt tidlig bakp\u00e5 med \u00e9n bom p\u00e5 hver av&hellip;\n","protected":false},"author":2,"featured_media":113104,"comment_status":"","ping_status":"","sticky":false,"template":"","format":"standard","meta":{"footnotes":""},"categories":[59],"tags":[30,28,29,83,82],"class_list":{"0":"post-113103","1":"post","2":"type-post","3":"status-publish","4":"format-standard","5":"has-post-thumbnail","7":"category-sport","8":"tag-no","9":"tag-norge","10":"tag-norway","11":"tag-sport","12":"tag-sports"},"share_on_mastodon":{"url":"https:\/\/pubeurope.com\/@no\/115718962938715093","error":""},"_links":{"self":[{"href":"https:\/\/www.europesays.com\/no\/wp-json\/wp\/v2\/posts\/113103","targetHints":{"allow":["GET"]}}],"collection":[{"href":"https:\/\/www.europesays.com\/no\/wp-json\/wp\/v2\/posts"}],"about":[{"href":"https:\/\/www.europesays.com\/no\/wp-json\/wp\/v2\/types\/post"}],"author":[{"embeddable":true,"href":"https:\/\/www.europesays.com\/no\/wp-json\/wp\/v2\/users\/2"}],"replies":[{"embeddable":true,"href":"https:\/\/www.europesays.com\/no\/wp-json\/wp\/v2\/comments?post=113103"}],"version-history":[{"count":0,"href":"https:\/\/www.europesays.com\/no\/wp-json\/wp\/v2\/posts\/113103\/revisions"}],"wp:featuredmedia":[{"embeddable":true,"href":"https:\/\/www.europesays.com\/no\/wp-json\/wp\/v2\/media\/113104"}],"wp:attachment":[{"href":"https:\/\/www.europesays.com\/no\/wp-json\/wp\/v2\/media?parent=113103"}],"wp:term":[{"taxonomy":"category","embeddable":true,"href":"https:\/\/www.europesays.com\/no\/wp-json\/wp\/v2\/categories?post=113103"},{"taxonomy":"post_tag","embeddable":true,"href":"https:\/\/www.europesays.com\/no\/wp-json\/wp\/v2\/tags?post=113103"}],"curies":[{"name":"wp","href":"https:\/\/api.w.org\/{rel}","templated":true}]}}