{"id":113105,"date":"2025-12-14T16:53:09","date_gmt":"2025-12-14T16:53:09","guid":{"rendered":"https:\/\/www.europesays.com\/no\/113105\/"},"modified":"2025-12-14T16:53:09","modified_gmt":"2025-12-14T16:53:09","slug":"det-er-meningen-at-det-skal-vaere-tynt-musikalt-og-det-er-det-adressa-no","status":"publish","type":"post","link":"https:\/\/www.europesays.com\/no\/113105\/","title":{"rendered":"Det er meningen at det skal v\u00e6re tynt musikalt, og det er det &#8211; adressa.no"},"content":{"rendered":"<ol>\n<li><a href=\"https:\/\/news.google.com\/rss\/articles\/CBMiiAFBVV95cUxNTHktNlpNS193SEJmc0RLX3R4V0lqRFkxcVdMTVdQUUJnRjVFZnR1OTV5QTRQTjNJM3pCblE4UEJ1WXBKZFI5eDhhVklReTZETVJWSm5OYXd2VFBhNXB4UF9rUXNtUlF3dHJMOExySE14dHVsWHE2aWJqRGhORXc4RDhNVTBYLWF5?oc=5\" target=\"_blank\" rel=\"nofollow noopener\">Det er meningen at det skal v\u00e6re tynt musikalt, og det er det<\/a>&nbsp;&nbsp;adressa.no<\/li>\n<li><a href=\"https:\/\/news.google.com\/rss\/articles\/CBMinAFBVV95cUxOSGJFZEhHR1BvT2gtTWVuYkhxYWNsUVNrcG94OFk1VWJGNThnSlVOZlMyeGZmSWJWVmR1SnVnS3ZIME5wZHdiOFB4YS1oU0RzTDFIUkZDTHpvT3ZzUzlRbFl1aWZ6V2V4REJDNTRTeTNaM29NMTVLZU5HU2ExWXNMUkZLVjJ5V09xZThCbU9CR3NGTWRCdDVaRGFlaE8?oc=5\" target=\"_blank\" rel=\"nofollow noopener\">Musikk kan fortsatt pakkes inn (+)<\/a>&nbsp;&nbsp;Dagens N\u00e6ringsliv<\/li>\n<li><a href=\"https:\/\/news.google.com\/rss\/articles\/CBMilgFBVV95cUxQT0xEYzNlRkl0WXVHaWRJWFdjY1FDOUtVZUxiYWJfOTByUkRfT041Y1dUOFIta1pHWEV5V3NNVnR0WjJjS01TVGRPdWxrZGJxcVRHZVhOQ2NJT25CYktiZWdKR2dJOE5USGN4N05JOElDTkpaeUxxNkg2TG5BNXVIYnBrMEcxUFFYTjB0ZDA1R3NmNzg5bkE?oc=5\" target=\"_blank\" rel=\"nofollow noopener\">Dette er \u00e5rets bedre og verre nye norske julel\u00e5ter<\/a>&nbsp;&nbsp;GAFFA.no<\/li>\n<li><a href=\"https:\/\/news.google.com\/rss\/articles\/CBMiW0FVX3lxTE9JWHBmR1gyMkdfbm9HZUVNSkFOWTNhdDZsOHU5N2VKYVlzNzNITGxVUFFJVXp3azd3WkVUdUxrQzUtTUZvc1VJUXlvM04zbmRTenRYUGZsTW41aUE?oc=5\" target=\"_blank\" rel=\"nofollow noopener\">Topp 11 beste norske julesanger anno 2025 \ud83c\uddf3\ud83c\uddf4<\/a>&nbsp;&nbsp;730.no<\/li>\n<li><a href=\"https:\/\/news.google.com\/rss\/articles\/CBMiqAFBVV95cUxOVHY1ZjdpaW9GRkRIdkhjQXhtbzJFUVRwSGZvNzFGbGc0bXF3UXBDc0REUFFfWEpWaDY2d0RQMEFiOFpNMGpKS2xzTUFqaC1uNU9kYkdiU2E3MVFFc3hKM0tsMWowWVcwX0RqSnZkX1ZibDhnSmo1eUNkZTBrVWx5Z283YTI0bE1JSWo3VllNLVowNmE3RzlrN1FEYjVQdEZWUi1pZURlWFQ?oc=5\" target=\"_blank\" rel=\"nofollow noopener\">Sia, Delara | Topplista: Denne julemusikken h\u00f8rer vi mest p\u00e5 akkurat n\u00e5<\/a>&nbsp;&nbsp;Nettavisen<\/li>\n<\/ol>\n","protected":false},"excerpt":{"rendered":"Det er meningen at det skal v\u00e6re tynt musikalt, og det er det&nbsp;&nbsp;adressa.no Musikk kan fortsatt pakkes inn&hellip;\n","protected":false},"author":2,"featured_media":113106,"comment_status":"","ping_status":"","sticky":false,"template":"","format":"standard","meta":{"footnotes":""},"categories":[58],"tags":[118,6645,71,6601,10953,12267,13800,221,30,28,29,13802,13801,12836,72],"class_list":{"0":"post-113105","1":"post","2":"type-post","3":"status-publish","4":"format-standard","5":"has-post-thumbnail","7":"category-underholdning","8":"tag-anmeldelse","9":"tag-desember","10":"tag-entertainment","11":"tag-ina-wroldsen","12":"tag-julemusikk","13":"tag-julestemning","14":"tag-kari-bremnes","15":"tag-musikk","16":"tag-no","17":"tag-norge","18":"tag-norway","19":"tag-peder-elias","20":"tag-the-pogues","21":"tag-torstein-flakne","22":"tag-underholdning"},"share_on_mastodon":{"url":"https:\/\/pubeurope.com\/@no\/115718966692483436","error":""},"_links":{"self":[{"href":"https:\/\/www.europesays.com\/no\/wp-json\/wp\/v2\/posts\/113105","targetHints":{"allow":["GET"]}}],"collection":[{"href":"https:\/\/www.europesays.com\/no\/wp-json\/wp\/v2\/posts"}],"about":[{"href":"https:\/\/www.europesays.com\/no\/wp-json\/wp\/v2\/types\/post"}],"author":[{"embeddable":true,"href":"https:\/\/www.europesays.com\/no\/wp-json\/wp\/v2\/users\/2"}],"replies":[{"embeddable":true,"href":"https:\/\/www.europesays.com\/no\/wp-json\/wp\/v2\/comments?post=113105"}],"version-history":[{"count":0,"href":"https:\/\/www.europesays.com\/no\/wp-json\/wp\/v2\/posts\/113105\/revisions"}],"wp:featuredmedia":[{"embeddable":true,"href":"https:\/\/www.europesays.com\/no\/wp-json\/wp\/v2\/media\/113106"}],"wp:attachment":[{"href":"https:\/\/www.europesays.com\/no\/wp-json\/wp\/v2\/media?parent=113105"}],"wp:term":[{"taxonomy":"category","embeddable":true,"href":"https:\/\/www.europesays.com\/no\/wp-json\/wp\/v2\/categories?post=113105"},{"taxonomy":"post_tag","embeddable":true,"href":"https:\/\/www.europesays.com\/no\/wp-json\/wp\/v2\/tags?post=113105"}],"curies":[{"name":"wp","href":"https:\/\/api.w.org\/{rel}","templated":true}]}}